{"id":37539,"date":"2007-01-15T17:51:07","date_gmt":"2007-01-15T17:51:07","guid":{"rendered":"http:\/\/diariodominicano.ddns.net\/?p=37539"},"modified":"2007-01-15T17:51:07","modified_gmt":"2007-01-15T17:51:07","slug":"union-de-maco-y-cacata","status":"publish","type":"post","link":"https:\/\/diariodominicano.com\/?p=37539","title":{"rendered":"UNION DE  MACO Y CACATA"},"content":{"rendered":"<p><body><\/p>\n<p><strong class=\"titulogrande\">PUNTO  Y COMA<\/strong><br \/>&#13;<br \/>\n  <br \/>&#13;<br \/>\n    <span class=\"textogrande\">Por  Santos Aquino Rubio<\/span><\/p>\n<p>&#13;<\/p>\n<p><span class=\"ttmediao\">Hubieres  y\u00a0 P\u00e9rez:<\/span><br \/>&#13;<br \/>\n  <br \/>&#13;<br \/>\n    <strong>UNION DE\u00a0 MACO Y CACATA<\/strong><\/p>\n<p>&#13;<\/p>\n<p align=\"justify\" class=\"text1noticias\">La  anunciada alianza anunciada por los dirigentes de la Federaci\u00f3n Nacional de  Transporte (La Nueva Opci\u00f3n, que preside Juan Hubieres y la Confederaci\u00f3n de  Choferes del Transporte (Conatra), liderada por Antonio P\u00e9rez, no es m\u00e1s que un  pacto coyuntural, para defender sus intereses, que siempre han sido comunes.<\/p>\n<p>&#13;<\/p>\n<p align=\"justify\" class=\"text1noticias\">Esta  uni\u00f3n, que puede catalogarse de Maco y Cacata, busca producir un engendro que  en nada favorecer\u00e1 al pa\u00eds y, sus intereses pol\u00edticos vuelven a ser  coincidentes, para prop\u00f3sitos ulteriores. <\/p>\n<p>&#13;<\/p>\n<p align=\"justify\" class=\"text1noticias\">El  primer resultado de este nuevo matrimonio se registr\u00f3 con el anuncio hecho con  bombos y platillos. Una huelga nacional del transporte desde el 30 de enero en  curso, que nada bueno busca para el pa\u00eds como todo paro convocado por ellos y  otros que s\u00f3lo buscan defender sus intereses.<\/p>\n<p>&#13;<\/p>\n<p align=\"justify\" class=\"text1noticias\">Cuando  eran parte del PRD, simpatizantes o miembros, no lo sabemos, su lucha tuvo un  mismo rumbo y luego, el denominado Plan Renove los separ\u00f3 tanto,\u00a0 que las acusaciones rec\u00edproca parec\u00edan  hacerlos irreconciliables.<\/p>\n<p>&#13;<\/p>\n<p align=\"justify\" class=\"text1noticias\">Pero  ahora, como las clases no se suicidan, ambos pancracistas del transporte,  encontraron una mediaci\u00f3n que los oblig\u00f3 a coincidir, con el prop\u00f3sito o de  conseguir un subsidio directo del Gobierno o de incrementar los pasajes. La  huelga es camino escogidos por ellos y el Poder Ejecutivo debe prepararse para  los resultados de esta \u201cUni\u00f3n de Maco y Cacata).<\/p>\n<p>&#13;<\/p>\n<p align=\"justify\" class=\"text1noticias\">El  Estado ha hecho de estos gremios organizaciones poderosas, facilit\u00e1ndoles de la  sangre del pueblo, los recursos que debieran destinarse a Educaci\u00f3n, Salud,  Vivienda, Alimentaci\u00f3n y otros renglones que nos mantienen en el atraso, pese a  las grandes cargas impositivas que pesan sobre nuestros hombros.<\/p>\n<p>&#13;<\/p>\n<p align=\"justify\" class=\"text1noticias\">No  podemos seguir utilizando los recursos del Estado para\u00a0 crear monstruos, hacer ricas a personas que  no hacen otra cosa que \u201cremorar\u201d entorno al Estado, empoderarse y canalizar  acciones que, a la postre, s\u00f3lo perjudican a la poblaci\u00f3n.<\/p>\n<p>&#13;<\/p>\n<p align=\"justify\" class=\"text1noticias\">El  autor es periodista y abogado.<\/p>\n<p>&#13;<\/p>\n<h6> 2007-01-15 17:51:07 <\/h6>\n<p><!--\n<link rel=\"stylesheet\" href=\"css\/bootstrap.min.css\">\n\n\n<ul class=\"pagination\">\n\t    \n\t\n\n<li >\n\t<a href='?page_no=13291'>Previous<\/a>\n\t<\/li>\n\n\n       \n    \n\n<li><a href='?page_no=1'>1<\/a><\/li>\n\n\n\n<li><a href='?page_no=2'>2<\/a><\/li>\n\n\n\n<li><a>...<\/a><\/li>\n\n\n\n<li><a href='?page_no=13290'>13290<\/a><\/li>\n\n\n\n<li><a href='?page_no=13291'>13291<\/a><\/li>\n\n\n\n<li class='active'><a>13292<\/a><\/li>\n\n\n\n<li><a href='?page_no=13293'>13293<\/a><\/li>\n\n\n\n<li><a href='?page_no=13294'>13294<\/a><\/li>\n\n\n\n<li><a>...<\/a><\/li>\n\n\n\n<li><a href='?page_no=13611'>13611<\/a><\/li>\n\n\n\n<li><a href='?page_no=13612'>13612<\/a><\/li>\n\n    \n\t\n\n<li >\n\t<a href='?page_no=13293'>Next<\/a>\n\t<\/li>\n\n\n    \n\n<li><a href='?page_no=13612'>Last &rsaquo;&rsaquo;<\/a><\/li>\n\n<\/ul>\n\n\n--><br \/>\n<\/body><\/p>\n","protected":false},"excerpt":{"rendered":"<p>PUNTO Y COMA&#13; &#13; Por Santos Aquino Rubio &#13; Hubieres y\u00a0 P\u00e9rez:&#13; &#13; UNION DE\u00a0 MACO Y CACATA &#13; La anunciada alianza anunciada por los dirigentes de la Federaci\u00f3n Nacional de Transporte (La Nueva Opci\u00f3n, que preside Juan Hubieres y la Confederaci\u00f3n de Choferes del Transporte (Conatra), liderada por Antonio P\u00e9rez, no es m\u00e1s que [&hellip;]<\/p>\n","protected":false},"author":3,"featured_media":0,"comment_status":"open","ping_status":"open","sticky":false,"template":"","format":"standard","meta":{"footnotes":""},"categories":[16],"tags":[],"class_list":["post-37539","post","type-post","status-publish","format-standard","hentry","category-opiniones"],"_links":{"self":[{"href":"https:\/\/diariodominicano.com\/index.php?rest_route=\/wp\/v2\/posts\/37539","targetHints":{"allow":["GET"]}}],"collection":[{"href":"https:\/\/diariodominicano.com\/index.php?rest_route=\/wp\/v2\/posts"}],"about":[{"href":"https:\/\/diariodominicano.com\/index.php?rest_route=\/wp\/v2\/types\/post"}],"author":[{"embeddable":true,"href":"https:\/\/diariodominicano.com\/index.php?rest_route=\/wp\/v2\/users\/3"}],"replies":[{"embeddable":true,"href":"https:\/\/diariodominicano.com\/index.php?rest_route=%2Fwp%2Fv2%2Fcomments&post=37539"}],"version-history":[{"count":0,"href":"https:\/\/diariodominicano.com\/index.php?rest_route=\/wp\/v2\/posts\/37539\/revisions"}],"wp:attachment":[{"href":"https:\/\/diariodominicano.com\/index.php?rest_route=%2Fwp%2Fv2%2Fmedia&parent=37539"}],"wp:term":[{"taxonomy":"category","embeddable":true,"href":"https:\/\/diariodominicano.com\/index.php?rest_route=%2Fwp%2Fv2%2Fcategories&post=37539"},{"taxonomy":"post_tag","embeddable":true,"href":"https:\/\/diariodominicano.com\/index.php?rest_route=%2Fwp%2Fv2%2Ftags&post=37539"}],"curies":[{"name":"wp","href":"https:\/\/api.w.org\/{rel}","templated":true}]}}