{"id":375337,"date":"2022-08-11T22:19:42","date_gmt":"2022-08-12T02:19:42","guid":{"rendered":"http:\/\/diariodominicano.com\/?p=375337"},"modified":"2022-08-11T22:20:43","modified_gmt":"2022-08-12T02:20:43","slug":"otorgan-titulos-honoris-causa-en-ciencias-militares-a-soto-jimenez-y-a-noble-espejo","status":"publish","type":"post","link":"https:\/\/diariodominicano.com\/?p=375337","title":{"rendered":"Otorgan t\u00edtulos Honoris Causa en Ciencias Militares a Soto Jim\u00e9nez y a Noble Espejo"},"content":{"rendered":"\n<figure class=\"wp-block-image size-large\"><img loading=\"lazy\" decoding=\"async\" width=\"1024\" height=\"682\" src=\"https:\/\/diariodominicano.com\/wp-content\/uploads\/2022\/08\/WhatsApp-Image-2022-08-11-at-2.38.03-PM-2-1024x682.jpeg\" alt=\"\" class=\"wp-image-375341\" srcset=\"https:\/\/diariodominicano.com\/wp-content\/uploads\/2022\/08\/WhatsApp-Image-2022-08-11-at-2.38.03-PM-2-1024x682.jpeg 1024w, https:\/\/diariodominicano.com\/wp-content\/uploads\/2022\/08\/WhatsApp-Image-2022-08-11-at-2.38.03-PM-2-300x200.jpeg 300w, https:\/\/diariodominicano.com\/wp-content\/uploads\/2022\/08\/WhatsApp-Image-2022-08-11-at-2.38.03-PM-2-768x512.jpeg 768w, https:\/\/diariodominicano.com\/wp-content\/uploads\/2022\/08\/WhatsApp-Image-2022-08-11-at-2.38.03-PM-2-816x544.jpeg 816w, https:\/\/diariodominicano.com\/wp-content\/uploads\/2022\/08\/WhatsApp-Image-2022-08-11-at-2.38.03-PM-2.jpeg 1280w\" sizes=\"auto, (max-width: 1024px) 100vw, 1024px\" \/><\/figure>\n\n\n\n<p> Luego del \u201cToque de Silencio\u201d, para honrar la memoria del Mayor General (r) Noble Espejo, E.N., las autoridades militares entregaron la titulaci\u00f3n p\u00f3stuma a su viuda, se\u00f1ora Rosario Jim\u00e9nez, quien se hizo acompa\u00f1ar de su hijo Alberto Noble Jim\u00e9nez, en representaci\u00f3n del extinto Oficial General. <\/p>\n\n\n\n<figure class=\"wp-block-image size-large\"><img loading=\"lazy\" decoding=\"async\" width=\"1024\" height=\"682\" src=\"https:\/\/diariodominicano.com\/wp-content\/uploads\/2022\/08\/WhatsApp-Image-2022-08-11-at-2.38.03-PM-1024x682.jpeg\" alt=\"\" class=\"wp-image-375339\" srcset=\"https:\/\/diariodominicano.com\/wp-content\/uploads\/2022\/08\/WhatsApp-Image-2022-08-11-at-2.38.03-PM-1024x682.jpeg 1024w, https:\/\/diariodominicano.com\/wp-content\/uploads\/2022\/08\/WhatsApp-Image-2022-08-11-at-2.38.03-PM-300x200.jpeg 300w, https:\/\/diariodominicano.com\/wp-content\/uploads\/2022\/08\/WhatsApp-Image-2022-08-11-at-2.38.03-PM-768x512.jpeg 768w, https:\/\/diariodominicano.com\/wp-content\/uploads\/2022\/08\/WhatsApp-Image-2022-08-11-at-2.38.03-PM-816x544.jpeg 816w, https:\/\/diariodominicano.com\/wp-content\/uploads\/2022\/08\/WhatsApp-Image-2022-08-11-at-2.38.03-PM.jpeg 1280w\" sizes=\"auto, (max-width: 1024px) 100vw, 1024px\" \/><figcaption>La  se\u00f1ora Rosario Jim\u00e9nez, acompa\u00f1ada de su hijo Alberto Noble Jim\u00e9nez, en representaci\u00f3n del extinto Oficial General. <\/figcaption><\/figure>\n\n\n\n<p>SANTO DOMINGO, RD.- Por sus aportes al fortalecimiento del sistema educativo militar dominicano en el nivel superior y al patrimonio cultural de la Naci\u00f3n, el Ministerio de Defensa a trav\u00e9s del Instituto Superior para la Defensa \u201cGeneral Juan Pablo Duarte y D\u00edez\u201d (INSUDE) concedi\u00f3 t\u00edtulos Doctorales Honoris Causa en Ciencias Militares, a los Mayores Generales \u00ae\ufe0f Jos\u00e9 Miguel Soto Jim\u00e9nez y Jos\u00e9 Eliseo Noble Espejo, pasado Secretario de las Fuerzas Armadas y Jefe de Estado Mayor del Ej\u00e9rcito, respectivamente.<\/p>\n\n\n\n<p>Los t\u00edtulos fueron entregados en un solemne acto realizado en el Auditorio \u201cGeneral de Divisi\u00f3n Jos\u00e9 Antonio Salcedo\u201d encabezado por el Mayor General V\u00edctor Aecio Mercedes Cepeda, ERD., Viceministro de Defensa para Asuntos Militares quien estuvo en representaci\u00f3n del Ministro de Defensa Teniente General Carlos Luciano D\u00edaz Morfa, ERD., acompa\u00f1ado del General de Brigada Francisco Ovalle Pichardo, ERD., rector del INSUDE.<\/p>\n\n\n\n<figure class=\"wp-block-image size-large\"><img loading=\"lazy\" decoding=\"async\" width=\"1024\" height=\"682\" src=\"https:\/\/diariodominicano.com\/wp-content\/uploads\/2022\/08\/WhatsApp-Image-2022-08-11-at-2.38.03-PM-1-1024x682.jpeg\" alt=\"\" class=\"wp-image-375340\" srcset=\"https:\/\/diariodominicano.com\/wp-content\/uploads\/2022\/08\/WhatsApp-Image-2022-08-11-at-2.38.03-PM-1-1024x682.jpeg 1024w, https:\/\/diariodominicano.com\/wp-content\/uploads\/2022\/08\/WhatsApp-Image-2022-08-11-at-2.38.03-PM-1-300x200.jpeg 300w, https:\/\/diariodominicano.com\/wp-content\/uploads\/2022\/08\/WhatsApp-Image-2022-08-11-at-2.38.03-PM-1-768x512.jpeg 768w, https:\/\/diariodominicano.com\/wp-content\/uploads\/2022\/08\/WhatsApp-Image-2022-08-11-at-2.38.03-PM-1-816x544.jpeg 816w, https:\/\/diariodominicano.com\/wp-content\/uploads\/2022\/08\/WhatsApp-Image-2022-08-11-at-2.38.03-PM-1.jpeg 1280w\" sizes=\"auto, (max-width: 1024px) 100vw, 1024px\" \/><\/figure>\n\n\n\n<p>El rector del INSUDE, General de Brigada Francisco Ovalle Pichardo, ERD.,   expres\u00f3 que \u00ablas FF.AA se honran al reconocer, a dos pilares del sistema educativo militar. Educadores a carta cabal, cuyos aportes e ideas a favor del sistema educativo militar, han transcendido m\u00e1s all\u00e1 de los cuarteles. Sembraron oportunamente y de una manera visionaria, la semilla que durante d\u00e9cadas se fue forjando como el \u00e1rbol, cuyos frutos en las \u00e1reas del conocimiento y del saber, hoy cosechamos\u00bb, refiri\u00f3.<\/p>\n\n\n\n<figure class=\"wp-block-image size-large\"><img loading=\"lazy\" decoding=\"async\" width=\"1024\" height=\"682\" src=\"https:\/\/diariodominicano.com\/wp-content\/uploads\/2022\/08\/WhatsApp-Image-2022-08-11-at-2.38.03-PM-3-1024x682.jpeg\" alt=\"\" class=\"wp-image-375344\" srcset=\"https:\/\/diariodominicano.com\/wp-content\/uploads\/2022\/08\/WhatsApp-Image-2022-08-11-at-2.38.03-PM-3-1024x682.jpeg 1024w, https:\/\/diariodominicano.com\/wp-content\/uploads\/2022\/08\/WhatsApp-Image-2022-08-11-at-2.38.03-PM-3-300x200.jpeg 300w, https:\/\/diariodominicano.com\/wp-content\/uploads\/2022\/08\/WhatsApp-Image-2022-08-11-at-2.38.03-PM-3-768x512.jpeg 768w, https:\/\/diariodominicano.com\/wp-content\/uploads\/2022\/08\/WhatsApp-Image-2022-08-11-at-2.38.03-PM-3-816x544.jpeg 816w, https:\/\/diariodominicano.com\/wp-content\/uploads\/2022\/08\/WhatsApp-Image-2022-08-11-at-2.38.03-PM-3.jpeg 1280w\" sizes=\"auto, (max-width: 1024px) 100vw, 1024px\" \/><figcaption> General de Brigada Francisco Ovalle Pichardo, ERD., rector del INSUDE.<\/figcaption><\/figure>\n\n\n\n<p>La distinci\u00f3n est\u00e1 contemplada en la segunda resoluci\u00f3n del Consejo de Directores de fecha 23 de marzo 2022, que reconoce a los galardonados por sus contribuciones, en el transcurso de \u201csus brillantes carreras militares y acad\u00e9micas\u201d.<\/p>\n\n\n\n<figure class=\"wp-block-image size-large\"><img loading=\"lazy\" decoding=\"async\" width=\"1024\" height=\"682\" src=\"https:\/\/diariodominicano.com\/wp-content\/uploads\/2022\/08\/WhatsApp-Image-2022-08-11-at-2.38.04-PM-5-1024x682.jpeg\" alt=\"\" class=\"wp-image-375342\" srcset=\"https:\/\/diariodominicano.com\/wp-content\/uploads\/2022\/08\/WhatsApp-Image-2022-08-11-at-2.38.04-PM-5-1024x682.jpeg 1024w, https:\/\/diariodominicano.com\/wp-content\/uploads\/2022\/08\/WhatsApp-Image-2022-08-11-at-2.38.04-PM-5-300x200.jpeg 300w, https:\/\/diariodominicano.com\/wp-content\/uploads\/2022\/08\/WhatsApp-Image-2022-08-11-at-2.38.04-PM-5-768x512.jpeg 768w, https:\/\/diariodominicano.com\/wp-content\/uploads\/2022\/08\/WhatsApp-Image-2022-08-11-at-2.38.04-PM-5-816x544.jpeg 816w, https:\/\/diariodominicano.com\/wp-content\/uploads\/2022\/08\/WhatsApp-Image-2022-08-11-at-2.38.04-PM-5.jpeg 1280w\" sizes=\"auto, (max-width: 1024px) 100vw, 1024px\" \/><\/figure>\n\n\n\n<p>En su discurso, el Mayor General (r) Doctor Soto Jim\u00e9nez, quien se hizo acompa\u00f1ar por su esposa Mercedes Luisa Thormann Peynado, dijo que \u00abel recurso m\u00e1s valioso de las FF.AA. y de Rep\u00fablica Dominicana, es la valent\u00eda de su gente, lo cual ha permitido que hoy goce de Libertad. Al hacer un recorrido hist\u00f3rico sobre el origen y evoluci\u00f3n del sistema educativo militar y de las propias instituciones castrenses, refiri\u00f3 que estas cualidades, adornan a todos los dominicanos y que lo llevan en su ADN\u00bb. De esta forma agradeci\u00f3 con gran emoci\u00f3n, la distinci\u00f3n otorgada por el INSUDE.<\/p>\n\n\n\n<figure class=\"wp-block-image size-large\"><img loading=\"lazy\" decoding=\"async\" width=\"1024\" height=\"682\" src=\"https:\/\/diariodominicano.com\/wp-content\/uploads\/2022\/08\/WhatsApp-Image-2022-08-11-at-2.38.04-PM-2-1024x682.jpeg\" alt=\"\" class=\"wp-image-375343\" srcset=\"https:\/\/diariodominicano.com\/wp-content\/uploads\/2022\/08\/WhatsApp-Image-2022-08-11-at-2.38.04-PM-2-1024x682.jpeg 1024w, https:\/\/diariodominicano.com\/wp-content\/uploads\/2022\/08\/WhatsApp-Image-2022-08-11-at-2.38.04-PM-2-300x200.jpeg 300w, https:\/\/diariodominicano.com\/wp-content\/uploads\/2022\/08\/WhatsApp-Image-2022-08-11-at-2.38.04-PM-2-768x512.jpeg 768w, https:\/\/diariodominicano.com\/wp-content\/uploads\/2022\/08\/WhatsApp-Image-2022-08-11-at-2.38.04-PM-2-816x544.jpeg 816w, https:\/\/diariodominicano.com\/wp-content\/uploads\/2022\/08\/WhatsApp-Image-2022-08-11-at-2.38.04-PM-2.jpeg 1280w\" sizes=\"auto, (max-width: 1024px) 100vw, 1024px\" \/><\/figure>\n\n\n\n<p>Luego del \u201cToque de Silencio\u201d, para honrar la memoria del Mayor General (r) Noble Espejo, E.N., las autoridades militares entregaron la titulaci\u00f3n p\u00f3stuma a su viuda, se\u00f1ora Rosario Jim\u00e9nez, quien se hizo acompa\u00f1ar de su hijo Alberto Noble Jim\u00e9nez, en representaci\u00f3n del extinto Oficial General.<\/p>\n\n\n\n<p>Portando esclavinas y las insignias del INSUDE en sus vestimentas y al hacer uso de la palabra, la Se\u00f1ora Jim\u00e9nez viuda Noble visiblemente emocionada agradeci\u00f3 al Ministro de Defensa, al rector del Insude y a todos los Oficiales, por la distinci\u00f3n a su fallecido esposo. \u00abEste es un acto que reivindica las muchas horas de dedicaci\u00f3n y compromiso que mi esposo dedic\u00f3 a la guardia\u00bb, refiri\u00e9ndose al orgullo, valent\u00eda y nobleza con la cual desempe\u00f1\u00f3 en vida sus funciones.<\/p>\n\n\n\n<p>En el concurrido acto celebrado en el Auditorio \u201cGeneral de Divisi\u00f3n Jos\u00e9 Antonio Salcedo\u201d, matizado con la emoci\u00f3n causada por las vibrantes voces del Coro del MIDE en el transcurso de la actividad, acompa\u00f1aron al Viceministro de Asunto Militares, los Viceministros, el Inspector General de las Fuerzas Armadas y el Comandante General de la Armada. Tambi\u00e9n, el Mayor General (r) Doctor Ramiro Matos Gonz\u00e1lez del Ej\u00e9rcito Nacional, pasados Ministros de Defensa, miembros del Consejo de Directores del INSUDE, directores de dependencias del MIDE e invitados especiales.<\/p>\n\n\n\n<p>Prensa Mide<\/p>\n\n\n\n<p><a rel=\"noreferrer noopener\" target=\"_blank\" href=\"mailto:prensaj5mide@gmail.com\">prensaj5mide@gmail.com<\/a><\/p>\n\n\n\n<p><strong><em>Departamento de Prensa<\/em><\/strong><\/p>\n\n\n\n<p><em><strong>Direcci\u00f3n de Asuntos Civiles del Estado Mayor Conjunto, J5<\/strong><\/em><\/p>\n\n\n\n<p><em><strong>Ministerio de Defensa de Rep\u00fablica Dominicana<\/strong><\/em><\/p>\n","protected":false},"excerpt":{"rendered":"<p>Luego del \u201cToque de Silencio\u201d, para honrar la memoria del Mayor General (r) Noble Espejo, E.N., las autoridades militares entregaron la titulaci\u00f3n p\u00f3stuma a su viuda, se\u00f1ora Rosario Jim\u00e9nez, quien se hizo acompa\u00f1ar de su hijo Alberto Noble Jim\u00e9nez, en representaci\u00f3n del extinto Oficial General. SANTO DOMINGO, RD.- Por sus aportes al fortalecimiento del sistema [&hellip;]<\/p>\n","protected":false},"author":28,"featured_media":375338,"comment_status":"closed","ping_status":"","sticky":true,"template":"","format":"standard","meta":{"footnotes":""},"categories":[20,26,27],"tags":[],"class_list":["post-375337","post","type-post","status-publish","format-standard","has-post-thumbnail","hentry","category-dominicana-hoy","category-efemerides","category-portada"],"_links":{"self":[{"href":"https:\/\/diariodominicano.com\/index.php?rest_route=\/wp\/v2\/posts\/375337","targetHints":{"allow":["GET"]}}],"collection":[{"href":"https:\/\/diariodominicano.com\/index.php?rest_route=\/wp\/v2\/posts"}],"about":[{"href":"https:\/\/diariodominicano.com\/index.php?rest_route=\/wp\/v2\/types\/post"}],"author":[{"embeddable":true,"href":"https:\/\/diariodominicano.com\/index.php?rest_route=\/wp\/v2\/users\/28"}],"replies":[{"embeddable":true,"href":"https:\/\/diariodominicano.com\/index.php?rest_route=%2Fwp%2Fv2%2Fcomments&post=375337"}],"version-history":[{"count":2,"href":"https:\/\/diariodominicano.com\/index.php?rest_route=\/wp\/v2\/posts\/375337\/revisions"}],"predecessor-version":[{"id":375346,"href":"https:\/\/diariodominicano.com\/index.php?rest_route=\/wp\/v2\/posts\/375337\/revisions\/375346"}],"wp:featuredmedia":[{"embeddable":true,"href":"https:\/\/diariodominicano.com\/index.php?rest_route=\/wp\/v2\/media\/375338"}],"wp:attachment":[{"href":"https:\/\/diariodominicano.com\/index.php?rest_route=%2Fwp%2Fv2%2Fmedia&parent=375337"}],"wp:term":[{"taxonomy":"category","embeddable":true,"href":"https:\/\/diariodominicano.com\/index.php?rest_route=%2Fwp%2Fv2%2Fcategories&post=375337"},{"taxonomy":"post_tag","embeddable":true,"href":"https:\/\/diariodominicano.com\/index.php?rest_route=%2Fwp%2Fv2%2Ftags&post=375337"}],"curies":[{"name":"wp","href":"https:\/\/api.w.org\/{rel}","templated":true}]}}