{"id":37533,"date":"2007-01-16T16:01:17","date_gmt":"2007-01-16T16:01:17","guid":{"rendered":"http:\/\/diariodominicano.ddns.net\/?p=37533"},"modified":"2007-01-16T16:01:17","modified_gmt":"2007-01-16T16:01:17","slug":"los-temas-de-teledebate-32","status":"publish","type":"post","link":"https:\/\/diariodominicano.com\/?p=37533","title":{"rendered":"LOS TEMAS DE TELEDEBATE"},"content":{"rendered":"<p><body><\/p>\n<p class=\"titulogrande1\">LOS TEMAS DE TELEDEBATE<\/p>\n<p>&#13;<\/p>\n<p align=\"justify\"><strong>A UNANIMIDAD.<\/strong>\u00a0 <span class=\"text1noticias\">La  totalidad de los veintinueve senadores presentes en la sesi\u00f2n del pasado martes  aprobaron una disposici\u00f2n muy importante: que la Secretar\u00eca de Educaci\u00f3n  no disponga, salvo en casos extremos y muy justificados, el cambio anual de los  libros de textos.\u00a0 Este ha sido uno de  los principales reclamos de muchos padres que hacen ingentes sacrificios  econ\u00f3micos para enviar a sus hijos a la escuela.\u00a0 De a\u00f1o en a\u00f1o, el costo de la ense\u00f1anza  privada se ha ido incrementando en forma inexorable y exagerada, convirti\u00e9ndose  en causa de preocupaci\u00f2n y tormento para el presupuesto de muchas familias ya  bastante estrechado por las alzas de precios y los reajustes impositivos.\u00a0 Buena parte del aumento en los costos  docentes corresponden al elevado precio de los textos escolares que ha sido  pr\u00e0ctica habitual cambiar cada a\u00f1o, a veces por muy ligeras  modificaciones.\u00a0 De ah\u00ec que la Secretaria de  Educaci\u00f3n, Alejandrina Germ\u00e0n, se haya apresurado a extenderle su p\u00f9blico  respaldo.\u00a0 Es posible que con esta  disposici\u00f3n, una vez que entre en vigencia, nos perdamos alguna que otra  innovaci\u00f3n en determinadas materias, lo cual resulta improbable por la  proliferaci\u00f3n de salas de internet que ha llevado a\u00a0 cabo el INDOTEL en todo el pa\u00ecs, lo que permite  recuperar esos conocimientos en cualquier momento.\u00a0 En cambio, la medida se adapta m\u00e0s a una  realidad econ\u00f3mica cada vez m\u00e0s estresantes para muchos padres y cuyo impacto  no poder ignorar ni hacer esfuerzos por aligerar.<\/span><\/p>\n<p>&#13;<\/p>\n<p align=\"justify\" class=\"text1noticias\"><strong>LOS HACKERS.<\/strong>\u00a0 El perjuicio que causan.\u00a0 Otro aspecto es la basura que acoge el  Internet y que compite con las informaciones valiosas que pueden obtenerse a  trav\u00e8s del mismo y lo convierten en una herramienta indispensable para el  conocimiento y la comunicaci\u00f3n.<\/p>\n<p>&#13;<\/p>\n<p align=\"justify\" class=\"text1noticias\"><strong>MATERNIDAD DE LA ALTAGRACIA.\u00a0<\/strong> Especialistas que prestan  servicios en la Maternidad  de La Altagracia  muestran su preocupaci\u00f2n por la gran cantidad de abortos que se han estado  registrando en ese centro.\u00a0 Tan s\u00f2lo el  pasado a\u00f1o, la cifra lleg\u00f2 a seis mil, de los cuales el ochenta por ciento  fueron provocados con el uso de procedimientos y medicamentos para interrumpir  el embarazo sin control m\u00e8dico.\u00a0 Muchos  de esos casos llegan al hospital en situaci\u00f2n precaria, por cuanto la  utilizaci\u00f3n de esos m\u00e9todos no controlados les provocan fuertes hemorragias en  particular cuando el embarazo tiene m\u00e0s de tres meses.\u00a0 Peor todav\u00eca: una parte considerable de los  casos de abortos inducidos correspondi\u00f3 a adolescentes de apenas entre 15 y 19  a\u00f1os de edad.\u00a0 Otro aspecto inquietante  es la alta tasa de mortalidad registrada entre mujeres embarazadas referidas  desde el interior del pa\u00ecs.\u00a0 A La Altagracia llegan desde  todos los rincones de la isla y a\u00f9n de Hait\u00ec.\u00a0  Mientras mayor es la distancia, mayor tambi\u00e8n el riesgo mortal.\u00a0 As\u00ec de 21 muertes maternas registradas el  reci\u00e8n pasado a\u00f1o, 17 correspondieron a Barahona, Pedernales, Jiman\u00ec, La Romana, Higuey y Hait\u00ec.  Estas \u00f9ltimas, sin siquiera historial cl\u00ecnico.\u00a0\u00a0  Se suma a estos datos tan preocupantes, el hecho de que todav\u00eca, seg\u00f9n  revel\u00f2 el representante en el pa\u00ecs de UNICEF, registramos una elevada tasa de  mortalidad infantil que alcanza a 35 por cada mil nacidos vivos en menores de 5  a\u00f1os, la cual es superior a la que ocurre en otros pa\u00ecses de la regi\u00f2n del  mismo o parecido nivel econ\u00f2mico del nuestro.\u00a0  Una evidencia m\u00e0s de la urgente necesidad de mejorar los controles y las  atenciones sanitarias en el pa\u00ecs, como una de las metas de mayor prioridad.<\/p>\n<p>&#13;<\/p>\n<p align=\"justify\" class=\"text1noticias\"><strong>EL CASO CEBALLOS PE\u00d1ALO.\u00a0<\/strong> Hay que agradecer al matutino Hoy el prolijo  seguimiento que ha dado al caso de la muerte a tiros del fallecido fiscal  adjunto de Sos\u00f9a, Te\u00f2dulo Ceballos Pe\u00f1al\u00f2.\u00a0  Gracias al popular diario de la ma\u00f1ana, los lectores han podido acceder  en su totalidad al informe rendido por la comisi\u00f2n nombrada por la Procuradur\u00eda General  de la Rep\u00f9blica  para investigar las circunstancias tan confusas y controversiales en que se  produjo el tr\u00e1gico hecho. Este informe, lamentablemente, en algunos aspectos  proyecta m\u00e0s sombra que luz.\u00a0 Otras  publicaciones y testimonios relacionados con el hecho han salido tambi\u00e8n a  conocimiento de la opini\u00f3n p\u00f9blica, lo que parad\u00f3jicamente ha aumentado el  nivel de contradicci\u00f3n en torno al hecho.\u00a0  <br \/>&#13;<br \/>\n  <br \/>&#13;<br \/>\n\u00bfEstaba realmente involucrado Ceballos Pe\u00f1al\u00f2 en los actos de corrupci\u00f2n  y extorsi\u00f3n de que se le acusa?\u00a0\u00a0 O, por  el contrario, conforme a otros testimonios divergentes \u00bfdesempe\u00f1aba sus  funciones con pulcritud?\u00a0 \u00bfDispar\u00f2 hasta  cinco tiros Ceballos Pe\u00f1al\u00f2 como se consigna en el informe de la comisi\u00f2n, o  por el contrario, fue ultimado sin siquiera poder liberarse del cintur\u00f3n de  seguridad de su jipeta y menos a\u00f9n, hacer uso de sus armas?\u00a0 Estas y otras interrogantes quedan flotando  en el aire a la espera de que puedan ser despejadas de la manera m\u00e0s  transparente.\u00a0 Mientras tanto, la familia  de Ceballos Pe\u00f1al\u00f2 se ha querellado contra todas las autoridades fiscales y  uniformadas que intervenieron en el hecho rechazando que su pariente estuviese  involucrado en actos dolosos y sosteniendo que el mismo fue v\u00ecctima de un  crimen.\u00a0 Ojal\u00e0 en bien de la justicia se  llegue al conocimiento cabal de la verdad.<\/p>\n<p>&#13;<\/p>\n<p align=\"justify\" class=\"text1noticias\"><strong>AUMENTO DEL TRANSPORTE. \u00a0<\/strong> En tanto los caciques del transporte de  pasajeros urbano y en gran medida interurbano Antonio Marte, Juan Hubieres y  Ram\u00f2n P\u00e9rez Figuereo hacen pender sobre el p\u00f9blico y el gobierno la amenaza de  montar un paro general del transporte p\u00f9blico si no se accede a su reclamo de  que el Estado les entregue un subsidio de entre 12 a 15 pesos por pasajero, ya  la Federaci\u00f3n  de Transporte Dominicano, FENATRADO, confirm\u00f2 la decisi\u00f2n de aumentar un 35  porciento la tarifa del transporte de carga.\u00a0  No hay que hacer el menor esfuerzo mental para comprender la gravedad de  este aumento por el valor de multiplicaci\u00f3n que representa sobre el costo final  de los productos del agro y los industrializados, con el consiguiente perjuicio  para los consumidores que ver\u00e0n as\u00ec fuertemente gravados sus ya bastante  reducidos presupuestos dom\u00e9sticos.\u00a0 La  soluci\u00f2n en otra \u00e8poca, pudiera ser apelar a un aumento general de salarios.  Pero por ah\u00ec viene a tambor batiente la entrada en vigencia del Tratado de  Libre Comercio que, bajo las mismas condiciones actuales, pudiera sacar de  competencia y mercado a una gran cantidad de productores nacionales lo que  aumentar\u00eca el desempleo y la pobreza.\u00a0 Lo  \u00f9nico que cabe es que las autoridades busquen una soluci\u00f2n digerible y lo menos  gravosa posible, por v\u00eca de di\u00e0logo y negociaci\u00f3n, siempre recordando que  muchos transportistas usan gas subsidiado. <\/p>\n<p>&#13;<\/p>\n<h6> 2007-01-16 16:01:17 <\/h6>\n<p><!--\n<link rel=\"stylesheet\" href=\"css\/bootstrap.min.css\">\n\n\n<ul class=\"pagination\">\n\t    \n\t\n\n<li >\n\t<a href='?page_no=13286'>Previous<\/a>\n\t<\/li>\n\n\n       \n    \n\n<li><a href='?page_no=1'>1<\/a><\/li>\n\n\n\n<li><a href='?page_no=2'>2<\/a><\/li>\n\n\n\n<li><a>...<\/a><\/li>\n\n\n\n<li><a href='?page_no=13285'>13285<\/a><\/li>\n\n\n\n<li><a href='?page_no=13286'>13286<\/a><\/li>\n\n\n\n<li class='active'><a>13287<\/a><\/li>\n\n\n\n<li><a href='?page_no=13288'>13288<\/a><\/li>\n\n\n\n<li><a href='?page_no=13289'>13289<\/a><\/li>\n\n\n\n<li><a>...<\/a><\/li>\n\n\n\n<li><a href='?page_no=13611'>13611<\/a><\/li>\n\n\n\n<li><a href='?page_no=13612'>13612<\/a><\/li>\n\n    \n\t\n\n<li >\n\t<a href='?page_no=13288'>Next<\/a>\n\t<\/li>\n\n\n    \n\n<li><a href='?page_no=13612'>Last &rsaquo;&rsaquo;<\/a><\/li>\n\n<\/ul>\n\n\n--><br \/>\n<\/body><\/p>\n","protected":false},"excerpt":{"rendered":"<p>LOS TEMAS DE TELEDEBATE &#13; A UNANIMIDAD.\u00a0 La totalidad de los veintinueve senadores presentes en la sesi\u00f2n del pasado martes aprobaron una disposici\u00f2n muy importante: que la Secretar\u00eca de Educaci\u00f3n no disponga, salvo en casos extremos y muy justificados, el cambio anual de los libros de textos.\u00a0 Este ha sido uno de los principales reclamos [&hellip;]<\/p>\n","protected":false},"author":3,"featured_media":0,"comment_status":"open","ping_status":"open","sticky":false,"template":"","format":"standard","meta":{"footnotes":""},"categories":[16],"tags":[],"class_list":["post-37533","post","type-post","status-publish","format-standard","hentry","category-opiniones"],"_links":{"self":[{"href":"https:\/\/diariodominicano.com\/index.php?rest_route=\/wp\/v2\/posts\/37533","targetHints":{"allow":["GET"]}}],"collection":[{"href":"https:\/\/diariodominicano.com\/index.php?rest_route=\/wp\/v2\/posts"}],"about":[{"href":"https:\/\/diariodominicano.com\/index.php?rest_route=\/wp\/v2\/types\/post"}],"author":[{"embeddable":true,"href":"https:\/\/diariodominicano.com\/index.php?rest_route=\/wp\/v2\/users\/3"}],"replies":[{"embeddable":true,"href":"https:\/\/diariodominicano.com\/index.php?rest_route=%2Fwp%2Fv2%2Fcomments&post=37533"}],"version-history":[{"count":0,"href":"https:\/\/diariodominicano.com\/index.php?rest_route=\/wp\/v2\/posts\/37533\/revisions"}],"wp:attachment":[{"href":"https:\/\/diariodominicano.com\/index.php?rest_route=%2Fwp%2Fv2%2Fmedia&parent=37533"}],"wp:term":[{"taxonomy":"category","embeddable":true,"href":"https:\/\/diariodominicano.com\/index.php?rest_route=%2Fwp%2Fv2%2Fcategories&post=37533"},{"taxonomy":"post_tag","embeddable":true,"href":"https:\/\/diariodominicano.com\/index.php?rest_route=%2Fwp%2Fv2%2Ftags&post=37533"}],"curies":[{"name":"wp","href":"https:\/\/api.w.org\/{rel}","templated":true}]}}