{"id":37532,"date":"2007-01-16T16:06:09","date_gmt":"2007-01-16T16:06:09","guid":{"rendered":"http:\/\/diariodominicano.ddns.net\/?p=37532"},"modified":"2007-01-16T16:06:09","modified_gmt":"2007-01-16T16:06:09","slug":"el-tiro-rapido-448","status":"publish","type":"post","link":"https:\/\/diariodominicano.com\/?p=37532","title":{"rendered":"EL TIRO RAPIDO"},"content":{"rendered":"<p><body><\/p>\n<p><span class=\"titulogrande1\">EL TIRO RAPIDO<\/span><br \/>&#13;<br \/>\n  <br \/>&#13;<br \/>\n    <span class=\"ttmediao\">de<\/span><br \/>&#13;<br \/>\n  <br \/>&#13;<br \/>\n  <span class=\"textogrande\">Mario  Rivadulla<\/span><\/p>\n<p>&#13;<\/p>\n<p align=\"justify\" class=\"text1noticias\">Si a m\u00e0s de montar unas elecciones participativas y  transparentes sin los consabidos traumas, reclamaciones, denuncias y resabios  postcomiciales as\u00ec como reorganizar y hacer confiables las oficial\u00ecas civiles  del pa\u00ecs, la actual Junta Central Electoral mete el hombro para impulsar el  anunciado proyecto de dar vida a los \u201cmuertos civiles\u201d, sus integrantes le  estar\u00e1n rindiendo uno de los m\u00e0s eminentes servicios al pa\u00ecs.<\/p>\n<p>&#13;<\/p>\n<p align=\"justify\" class=\"text1noticias\">Incre\u00edble pero al presente,  seg\u00f9n se divulga en la prensa diaria, un cuarenta y dos porciento de los  dominicanos carece de un acta de nacimiento.\u00a0  Como consecuencia de ello, un veintis\u00e9is por ciento, o sea m\u00e0s de la  cuarta parte de los adultos carece de c\u00e8dula de identidad y electoral.\u00a0 Son realmente \u201cmuertos civiles\u201d.\u00a0 <\/p>\n<p>&#13;<\/p>\n<p align=\"justify\" class=\"text1noticias\">No hay exageraci\u00f3n en el  t\u00e8rmino.\u00a0 Esos 26 de cada 100 adultos  dominicanos que no poseen documentos de identidad porque su nacimiento no fue  registrado, carecen de personalidad y amparo jur\u00eddicos.\u00a0 Por tanto, est\u00e0n impedidos\u00a0 de realizar las operaciones que son  habituales para cualquier ciudadano: casarse legalmente, obtener un pr\u00e9stamo  bancario, adquirir un autom\u00f3vil o una casa financiados, formar una compa\u00f1\u00eca,  firmar o cobrar un cheque.<\/p>\n<p>&#13;<\/p>\n<p align=\"justify\" class=\"text1noticias\">Tampoco pueden inscribirse en la Seguridad Social,  recibir las atenciones de salud a trav\u00e8s de la misma cuando comience el pr\u00f3ximo  primero de junio, como ha sido consensuado, ni en su momento percibir pensi\u00f3n  en sus a\u00f1os de retiro.\u00a0 Sencillamente  est\u00e0n muertos en vida desde el punto de vista legal.\u00a0 Es como si no existieran.<\/p>\n<p>&#13;<\/p>\n<p align=\"justify\" class=\"text1noticias\">Pero el perjuicio no es s\u00f2lo  para ellos. Lo es tambi\u00e8n para el pa\u00ecs, que como sociedad organizada demanda  como requisito primario conocer la cantidad y tener debidamente identificado su  caudal humano.<\/p>\n<p>&#13;<\/p>\n<p align=\"justify\" class=\"text1noticias\">El actual presidente de la Junta, Julio C\u00e8sar Casta\u00f1os,  como reputado y experto jurista que es, est\u00e0 consciente de esa realidad.\u00a0 <br \/>&#13;<br \/>\n  <br \/>&#13;<br \/>\nDe ah\u00ec, el empe\u00f1o que ha puesto y la  vehemencia con que proclama la urgencia de este proyecto que dar\u00e0 comienzo el  presente a\u00f1o.\u00a0 Ser\u00e0 un proceso  largo,\u00a0 cuya ejecuci\u00f3n se estima  requerir\u00e0 al menos una d\u00e9cada de dedicado trabajo y para lo cual el organismo  electoral realizar\u00e0 una alianza estrat\u00e9gica con la Iglesia Cat\u00f3lica,  las comunidades evang\u00e9licas, determinadas ONGs y UNICEF.\u00a0 En el mismo laborar\u00e0 un nutrido contingente  de trabajadores sociales y abogados,\u00a0 y  se pondr\u00e0 en marcha un mecanismo que facilite las declaraciones tard\u00ecas hoy  sometidas a un costoso y engorroso proceso.<\/p>\n<p>&#13;<\/p>\n<p align=\"justify\" class=\"text1noticias\">A todos nos preocupa y le  otorgamos justa calificaci\u00f3n`de prioritarios a la soluci\u00f2n de la crisis  energ\u00e9tica, el control de la inflaci\u00f3n, la puesta en marcha del \u00e0rea de salud  de la Seguridad   Social, el combate contra la delincuencia y la erradicaci\u00f3n  de la pobreza.\u00a0 Se explica sobradamente.<\/p>\n<p>&#13;<\/p>\n<p align=\"justify\" class=\"text1noticias\">Pero aunque a muchos pudiera  parecerle que frente a la gravedad tangible de esos problemas, el proyecto de la Junta que tratamos no  reviste tanta importancia, lo cierto es que s\u00ec la tiene y en grado sumo.\u00a0 Tanto que no cede en trascendencia a ninguno  de los que hemos mencionado y que aparecen en puestos de cabecera en la agenda  de mayores urgencias del pa\u00ecs y del gobierno.\u00a0 <\/p>\n<p>&#13;<\/p>\n<p align=\"justify\" class=\"text1noticias\">Ojal\u00e0 se entienda as\u00ec y se le  preste todo el apoyo que requiere el plan anunciado por la Junta para que comience  cuanto antes y se asuma como pol\u00edtica de continuidad del Estado a fin de que  sea ejecutado sin pausa ni tropiezos.<\/p>\n<p>&#13;<\/p>\n<p align=\"justify\" class=\"text1noticias\">(TELEDEBATE, Canal 23,  Telefuturo, cubriendo todo el pa\u00ecs por sat\u00e9lite y con la participaci\u00f2n de  Aster, Telecable Nacional y 55 cables locales. Transmitido en vivo y directo  por Internet a nivel internacional. Lunes a Viernes, 8 p.m. Transmisi\u00f3n del  viernes 12, 01, 2007).<\/p>\n<p>&#13;<\/p>\n<h6> 2007-01-16 16:06:09 <\/h6>\n<p><!--\n<link rel=\"stylesheet\" href=\"css\/bootstrap.min.css\">\n\n\n<ul class=\"pagination\">\n\t    \n\t\n\n<li >\n\t<a href='?page_no=13285'>Previous<\/a>\n\t<\/li>\n\n\n       \n    \n\n<li><a href='?page_no=1'>1<\/a><\/li>\n\n\n\n<li><a href='?page_no=2'>2<\/a><\/li>\n\n\n\n<li><a>...<\/a><\/li>\n\n\n\n<li><a href='?page_no=13284'>13284<\/a><\/li>\n\n\n\n<li><a href='?page_no=13285'>13285<\/a><\/li>\n\n\n\n<li class='active'><a>13286<\/a><\/li>\n\n\n\n<li><a href='?page_no=13287'>13287<\/a><\/li>\n\n\n\n<li><a href='?page_no=13288'>13288<\/a><\/li>\n\n\n\n<li><a>...<\/a><\/li>\n\n\n\n<li><a href='?page_no=13611'>13611<\/a><\/li>\n\n\n\n<li><a href='?page_no=13612'>13612<\/a><\/li>\n\n    \n\t\n\n<li >\n\t<a href='?page_no=13287'>Next<\/a>\n\t<\/li>\n\n\n    \n\n<li><a href='?page_no=13612'>Last &rsaquo;&rsaquo;<\/a><\/li>\n\n<\/ul>\n\n\n--><br \/>\n<\/body><\/p>\n","protected":false},"excerpt":{"rendered":"<p>EL TIRO RAPIDO&#13; &#13; de&#13; &#13; Mario Rivadulla &#13; Si a m\u00e0s de montar unas elecciones participativas y transparentes sin los consabidos traumas, reclamaciones, denuncias y resabios postcomiciales as\u00ec como reorganizar y hacer confiables las oficial\u00ecas civiles del pa\u00ecs, la actual Junta Central Electoral mete el hombro para impulsar el anunciado proyecto de dar vida [&hellip;]<\/p>\n","protected":false},"author":3,"featured_media":0,"comment_status":"open","ping_status":"open","sticky":false,"template":"","format":"standard","meta":{"footnotes":""},"categories":[16],"tags":[],"class_list":["post-37532","post","type-post","status-publish","format-standard","hentry","category-opiniones"],"_links":{"self":[{"href":"https:\/\/diariodominicano.com\/index.php?rest_route=\/wp\/v2\/posts\/37532","targetHints":{"allow":["GET"]}}],"collection":[{"href":"https:\/\/diariodominicano.com\/index.php?rest_route=\/wp\/v2\/posts"}],"about":[{"href":"https:\/\/diariodominicano.com\/index.php?rest_route=\/wp\/v2\/types\/post"}],"author":[{"embeddable":true,"href":"https:\/\/diariodominicano.com\/index.php?rest_route=\/wp\/v2\/users\/3"}],"replies":[{"embeddable":true,"href":"https:\/\/diariodominicano.com\/index.php?rest_route=%2Fwp%2Fv2%2Fcomments&post=37532"}],"version-history":[{"count":0,"href":"https:\/\/diariodominicano.com\/index.php?rest_route=\/wp\/v2\/posts\/37532\/revisions"}],"wp:attachment":[{"href":"https:\/\/diariodominicano.com\/index.php?rest_route=%2Fwp%2Fv2%2Fmedia&parent=37532"}],"wp:term":[{"taxonomy":"category","embeddable":true,"href":"https:\/\/diariodominicano.com\/index.php?rest_route=%2Fwp%2Fv2%2Fcategories&post=37532"},{"taxonomy":"post_tag","embeddable":true,"href":"https:\/\/diariodominicano.com\/index.php?rest_route=%2Fwp%2Fv2%2Ftags&post=37532"}],"curies":[{"name":"wp","href":"https:\/\/api.w.org\/{rel}","templated":true}]}}