{"id":37531,"date":"2007-01-16T16:19:09","date_gmt":"2007-01-16T16:19:09","guid":{"rendered":"http:\/\/diariodominicano.ddns.net\/?p=37531"},"modified":"2007-01-16T16:19:09","modified_gmt":"2007-01-16T16:19:09","slug":"a-desprivatizar","status":"publish","type":"post","link":"https:\/\/diariodominicano.com\/?p=37531","title":{"rendered":"\u00a1A Desprivatizar!"},"content":{"rendered":"<p><body><\/p>\n<p align=\"center\" class=\"titulogrande1\"><strong><em>\u00a1A Desprivatizar!<\/em><\/strong><\/p>\n<p>&#13;<\/p>\n<p align=\"center\" class=\"textogrande\"><strong>Por Narciso Isa Conde<\/strong><\/p>\n<p>&#13;<\/p>\n<p align=\"justify\" class=\"text1noticias\">La era del \u201cdiscurso \u00fanico\u201d neoliberal qued\u00f3 atr\u00e1s.<\/p>\n<p>&#13;<\/p>\n<p align=\"justify\" class=\"text1noticias\">Cuando ella estaba en sus buenas se dec\u00eda que hab\u00eda que  privatizarlo todo.<\/p>\n<p>&#13;<\/p>\n<p align=\"justify\" class=\"text1noticias\">Que hab\u00eda que achicar al Estado en todo, (principalmente en  su rol social aunque no en su componente represivo y en sus mecanismos  pro-empresas privada).<\/p>\n<p>&#13;<\/p>\n<p align=\"justify\" class=\"text1noticias\">Que hab\u00eda que desregulizar todo y ponerlo en las manos  invisibles y sabias del mercado.<\/p>\n<p>&#13;<\/p>\n<p align=\"justify\" class=\"text1noticias\">Las empresas p\u00fablicas. La seguridad social. La tierra. Los  bosques. El patrimonio hist\u00f3rico. Los aeropuertos. Los puertos. La  electricidad. El agua. Los r\u00edos. La salud. La educaci\u00f3n Las carreteras. Los  partidos pol\u00edticos\u2026Solo faltaba el aire y los sue\u00f1os, porque no encontraron la  f\u00f3rmula que lo hiciera posible..<\/p>\n<p>&#13;<\/p>\n<p align=\"justify\" class=\"text1noticias\">El estatismo burocr\u00e1tico, el fracaso del socialismo \u201cirreal\u201d  o seudo socialismo, el clientelismo y la corrupci\u00f3n burocr\u00e1tica, junto a la  necesidad del gran capital transnacional de aumentar su tasa de ganancias y  superar su crisis apropi\u00e1ndose de los mercados y empresas nacionales e imponiendo  las mayores facilidades para si, contribuyeron al auge y la hegemon\u00eda absoluta de  ese discurso.<\/p>\n<p>&#13;<\/p>\n<p align=\"justify\" class=\"text1noticias\">As\u00ed se convirti\u00f3 en una especie de Biblia interpretada por  predicadores fundamentalistas. Y lo contamin\u00f3 todo, estigmatizando todo lo que  fuera propiedad p\u00fablica, propiedad social, subsidio de corte popular, l\u00edmites a  la competencia voraz, protecci\u00f3n de lo nacional, rol social del Estado, distribuci\u00f3n  justa de los ingresos, soberan\u00eda\u2026<\/p>\n<p>&#13;<\/p>\n<p align=\"justify\" class=\"text1noticias\">Sataniz\u00f3 los programas de justicia social y el socialismo de  todos los colores.<\/p>\n<p>&#13;<\/p>\n<p align=\"justify\" class=\"text1noticias\">Llam\u00f3 reformas a las contrarreformas, que supuestamente  persegu\u00edan convertirnos a todos (as) en empresarios, generar riquezas y  derramar bienestar.<\/p>\n<p>&#13;<\/p>\n<p align=\"justify\" class=\"text1noticias\">La \u00fanica democracia v\u00e1lida era la neoliberal; esto es, la  democracia electoral junto al mercado, al servicio y controlada por los  monopolios y oligopolios privados.<\/p>\n<p>&#13;<\/p>\n<p align=\"justify\" class=\"text1noticias\">La \u00fanica soberan\u00eda permitida era la de los pa\u00edses poderosos  y, sobre todo, la de EEUU. El antiimperialismo era una idea cavern\u00edcola y las  nacionalizaciones, expropiaciones y las revoluciones, verdaderas malas palabras.<\/p>\n<p>&#13;<\/p>\n<p align=\"justify\" class=\"text1noticias\">El ej\u00e9rcito de EU se convirti\u00f3 en el garante del nuevo orden  neoliberal y ten\u00eda la maravillosa cualidad de defender la paz haciendo guerras  y de combatir el terrorismo entronizando el terror de Estado en la escena  internacional.<\/p>\n<p>&#13;<\/p>\n<p align=\"justify\" class=\"text1noticias\">Todo eso para imponer el libre mercado y la libre  apropiaci\u00f3n de territorios, petr\u00f3leo, gas, uranio, biodiversidad\u2026todo lo que  hiciera falta al imperialismo derrochador, aunque la palabra imperialismo hab\u00eda  desaparecido del lenguaje.<\/p>\n<p>&#13;<\/p>\n<p align=\"justify\" class=\"text1noticias\">Lo peor fue que no pocos izquierdistas y centroizquierdistas  hicieron suyo, parcialmente o totalmente, se diccionario y esa conducta  pol\u00edtica.<\/p>\n<p>&#13;<\/p>\n<p align=\"justify\" class=\"text1noticias\">Y los resultados fueron catastr\u00f3fico para la humanidad: en  cuanto a derechos sociales, posibilidades de vida y democracia real. <br \/>&#13;<br \/>\n  <br \/>&#13;<br \/>\nEl empobrecimiento  integral ha sido atroz y la perversi\u00f3n y corrupci\u00f3n institucional mayor.<\/p>\n<p>&#13;<\/p>\n<p align=\"justify\" class=\"text1noticias\">De ah\u00ed la rebeld\u00eda. De ah\u00ed el despertar de nuestra Am\u00e9rica.  Cuba resisti\u00f3 estoicamente y heroicamente y, adem\u00e1s, la nueva independencia y  los procesos de cambios, incluyendo la perspectiva de nuevas revoluciones, est\u00e1n  en franco proceso de expansi\u00f3n<\/p>\n<p>&#13;<\/p>\n<p align=\"justify\" class=\"text1noticias\">El discurso \u00fanico dej\u00f3 de ser \u00fanico. Los hechos y el l\u00e9xico  han sufrido notorias variaciones y se vuelve hablar y se vuelven a ejecutar  nuevas nacionalizaciones, y el imperialismo ha vuelto a ser llamado por su  nombre, y el rescate de la autodeterminaci\u00f3n y la soberan\u00eda est\u00e1n en el centro  de las luchas actuales, y se vuelve a hablar de reforma agraria y a realizar  expropiaciones \u00a1Bien por Ch\u00e1vez, por Evo, por Correa y otros!<\/p>\n<p>&#13;<\/p>\n<p align=\"justify\" class=\"text1noticias\">Avanza el proyecto de la desprivatizaci\u00f3n. Cobra actualidad  otra democracia, totalmente distinta y alternativa a la seudo-democracia  neoliberal, a la liberal-representativa, usurpada y pervertida hasta el  tu\u00e9tano.<\/p>\n<p>&#13;<\/p>\n<p align=\"justify\" class=\"text1noticias\">Recupera vigencia el proyecto socialista. La necesidad de la  solidaridad humana ha resucitado el inter\u00e9s social. Gana terreno la idea de que  lo p\u00fablico, lo social, lo comunitario debe predominar sobre el ego\u00edsmo  empresarial de los monopolios y oligopolios transnacionales y criollo,  responsable de una tragedia espeluznante.<\/p>\n<p>&#13;<\/p>\n<p align=\"justify\" class=\"text1noticias\">Claro est\u00e1, no se habla de aquel \u201csocialismo\u201d fracasado. No  se habla de reponer el estatismo corrompido e ineficiente. No se propone  despojar a la sociedad de la democracia verdadera en nombre del reinado del  Estado y del despotismo.<\/p>\n<p>&#13;<\/p>\n<p align=\"justify\" class=\"text1noticias\">Se habla y se practica la nueva democracia, la nueva  independencia (incluida la de la Patria   Grande) y el nuevo socialismo.<\/p>\n<p>&#13;<\/p>\n<p align=\"justify\" class=\"text1noticias\">Y aqu\u00ed tambi\u00e9n, en dominicana, est\u00e1 plateado ese mismo  desaf\u00edo, el desafi\u00f3 de desprivatizar la vida nacional: la energ\u00eda, el  patrimonio natural, el CEA, la seguridad social, la salud, la educaci\u00f3n, la  pol\u00edtica. El reto hist\u00f3rico de sustituir esta seudo-democracia podrida y  derrotar el neoliberalismo. El reto de abrirle paso a una sociedad pos-  neoliberal<\/p>\n<p>&#13;<\/p>\n<p align=\"justify\" class=\"text1noticias\">Solo que eso precisa de una nueva izquierda revolucionaria y  de un gran frente transformador, donde converjan todos lo que estamos dispuestos  a rebelarnos contra el discurso \u00fanico y la cat\u00e1strofe neoliberal y recrear la  esperanza.<\/p>\n<p>&#13;<\/p>\n<h6> 2007-01-16 16:19:09 <\/h6>\n<p><!--\n<link rel=\"stylesheet\" href=\"css\/bootstrap.min.css\">\n\n\n<ul class=\"pagination\">\n\t    \n\t\n\n<li >\n\t<a href='?page_no=13284'>Previous<\/a>\n\t<\/li>\n\n\n       \n    \n\n<li><a href='?page_no=1'>1<\/a><\/li>\n\n\n\n<li><a href='?page_no=2'>2<\/a><\/li>\n\n\n\n<li><a>...<\/a><\/li>\n\n\n\n<li><a href='?page_no=13283'>13283<\/a><\/li>\n\n\n\n<li><a href='?page_no=13284'>13284<\/a><\/li>\n\n\n\n<li class='active'><a>13285<\/a><\/li>\n\n\n\n<li><a href='?page_no=13286'>13286<\/a><\/li>\n\n\n\n<li><a href='?page_no=13287'>13287<\/a><\/li>\n\n\n\n<li><a>...<\/a><\/li>\n\n\n\n<li><a href='?page_no=13611'>13611<\/a><\/li>\n\n\n\n<li><a href='?page_no=13612'>13612<\/a><\/li>\n\n    \n\t\n\n<li >\n\t<a href='?page_no=13286'>Next<\/a>\n\t<\/li>\n\n\n    \n\n<li><a href='?page_no=13612'>Last &rsaquo;&rsaquo;<\/a><\/li>\n\n<\/ul>\n\n\n--><br \/>\n<\/body><\/p>\n","protected":false},"excerpt":{"rendered":"<p>\u00a1A Desprivatizar! &#13; Por Narciso Isa Conde &#13; La era del \u201cdiscurso \u00fanico\u201d neoliberal qued\u00f3 atr\u00e1s. &#13; Cuando ella estaba en sus buenas se dec\u00eda que hab\u00eda que privatizarlo todo. &#13; Que hab\u00eda que achicar al Estado en todo, (principalmente en su rol social aunque no en su componente represivo y en sus mecanismos pro-empresas [&hellip;]<\/p>\n","protected":false},"author":3,"featured_media":0,"comment_status":"open","ping_status":"open","sticky":false,"template":"","format":"standard","meta":{"footnotes":""},"categories":[16],"tags":[],"class_list":["post-37531","post","type-post","status-publish","format-standard","hentry","category-opiniones"],"_links":{"self":[{"href":"https:\/\/diariodominicano.com\/index.php?rest_route=\/wp\/v2\/posts\/37531","targetHints":{"allow":["GET"]}}],"collection":[{"href":"https:\/\/diariodominicano.com\/index.php?rest_route=\/wp\/v2\/posts"}],"about":[{"href":"https:\/\/diariodominicano.com\/index.php?rest_route=\/wp\/v2\/types\/post"}],"author":[{"embeddable":true,"href":"https:\/\/diariodominicano.com\/index.php?rest_route=\/wp\/v2\/users\/3"}],"replies":[{"embeddable":true,"href":"https:\/\/diariodominicano.com\/index.php?rest_route=%2Fwp%2Fv2%2Fcomments&post=37531"}],"version-history":[{"count":0,"href":"https:\/\/diariodominicano.com\/index.php?rest_route=\/wp\/v2\/posts\/37531\/revisions"}],"wp:attachment":[{"href":"https:\/\/diariodominicano.com\/index.php?rest_route=%2Fwp%2Fv2%2Fmedia&parent=37531"}],"wp:term":[{"taxonomy":"category","embeddable":true,"href":"https:\/\/diariodominicano.com\/index.php?rest_route=%2Fwp%2Fv2%2Fcategories&post=37531"},{"taxonomy":"post_tag","embeddable":true,"href":"https:\/\/diariodominicano.com\/index.php?rest_route=%2Fwp%2Fv2%2Ftags&post=37531"}],"curies":[{"name":"wp","href":"https:\/\/api.w.org\/{rel}","templated":true}]}}