{"id":37529,"date":"2007-01-17T18:00:19","date_gmt":"2007-01-17T18:00:19","guid":{"rendered":"http:\/\/diariodominicano.ddns.net\/?p=37529"},"modified":"2007-01-17T18:00:19","modified_gmt":"2007-01-17T18:00:19","slug":"las-principales-en-teledebate-135","status":"publish","type":"post","link":"https:\/\/diariodominicano.com\/?p=37529","title":{"rendered":"LAS PRINCIPALES EN TELEDEBATE"},"content":{"rendered":"<p><body><\/p>\n<p><span class=\"titulogrande1\">LAS PRINCIPALES EN TELEDEBATE<\/span><br \/>&#13;<br \/>\n  <br \/>&#13;<br \/>\n    <span class=\"textogrande\">Lunes 15,01,07<\/span><\/p>\n<p>&#13;<\/p>\n<p align=\"justify\"><strong>LUCHA LIBRE EN VEZ DE SALUD SOCIAL.<\/strong> <span class=\"text1noticias\">Cuando parec\u00eca que  todo se hab\u00eca consensuado para que el \u00e0rea de salud de la Seguridad Social  comience el primero de junio, ahora resulta que el Colegio M\u00e8dico anuncia su  posible retiro inconforme con los honorarios asignados a los galenos y el  sindicalista Rafael Abreu denuncia un supuesto sabotaje empresarial contra su  inicio. A este paso m\u00e0s que atenciones de salud lo que tendremos ser\u00e0 una  permanente lucha libre.<\/span><\/p>\n<p>&#13;<\/p>\n<p align=\"justify\" class=\"text1noticias\"><strong>ARISTY PARECE TENER SU CHIVA BIEN AMARRADA.<\/strong>\u00a0 Hablando de lucha, todo parece indicar que  Amable Aristy ha logrado conquistar apoyo en algunos sectores del PRD para  continuar al frente de la   Liga Municipal Dominicana. As\u00ec se desprende de la renuncia  p\u00f9blica del batallador Alfredo Pacheco a sus aspiraciones al puesto. En el  partido blanco parece haber temor a que si no apoyan a Aristy \u00e8ste consiga el  respaldo del PLD. De todos modos, el astuto higueyano parece tener bien  amarrada su chiva en el corral perrede\u00ecsta.<\/p>\n<p>&#13;<\/p>\n<p align=\"justify\" class=\"text1noticias\"><strong>CIFRAS PREOCUPANTES.<\/strong>\u00a0  En el pasado a\u00f1o casi cinco mil desafiaron el canal de la Mona para llegar a Puerto  Rico. Lo consiguieron 797 dominicanos y 707 cubanos. Los dem\u00e0s fueron  devueltos. Eso sin contar tragedias como la que acaba de ocurrir con registro  de numerosas muertes.\u00a0 Por otra parte,  desde el \u00e0mbito judicial se reporta que al presente hay 757 reclusos pr\u00f3fugos,  que son otros tantos motivos de peligro para la seguridad ciudadana.<\/p>\n<p>&#13;<\/p>\n<p align=\"justify\" class=\"text1noticias\"><strong>LA OTT   BAJO LA   GUARDIA.<\/strong>\u00a0 Los grupos  choferiles que encabezan los ahora muy amigados Juan Hubieres y Antonio Marte  reiteran su llamado a paro para el 30 de este mes al tiempo de desafiar y  restar autoridad a la Oficina  de Transporte Terrestre y su director Germ\u00e0n Pe\u00f1a Guadalupe.\u00a0 Este por otro lado parece haber bajado la  guardia, despu\u00e9s de haber amenazado con retirar la licencia a las federaciones  y sindicatos que fueran al paro.<\/p>\n<p>&#13;<\/p>\n<p align=\"justify\" class=\"text1noticias\"><strong>PROMESA SOMETIDA A LA PRUEBA DEL TIEMPO.<\/strong> Una  noticia tranquilizadora es el anuncio del gobierno de que no proyecta alzas en  el servicio de energ\u00eda el\u00e9ctrica para el presente a\u00f1o.\u00a0 Esto sobre la base de las actuales  circunstancias en que se mantiene controlada la prima del d\u00f3lar y el petr\u00f3leo  se ha colocado por debajo de los 52 d\u00f2lares.\u00a0  La pregunta obligada es si podr\u00e0 mantenerse la promesa caso de variar la  una o el otro, o ambas penas a la vez.\u00a0 <\/p>\n<p>&#13;<\/p>\n<p align=\"justify\" class=\"text1noticias\"><strong>REGISTRO DE EXTRANJERIA.\u00a0<\/strong> El Registro de Extranjer\u00eca anunciado por la Junta Central  Electoral para inscribir a los hijos nacidos en el pa\u00ecs de padres  indocumentados\u00a0 permitir\u00e0 dotar a \u00e8stos  de documentos de identidad sin alterar su status jur\u00eddico, decidido ya por la Suprema Corte de  Justicia.\u00a0 Es de esperar que de esa forma  se les allane el camino para poder acceder a los servicios de salud y de  educaci\u00f3n.\u00a0 No obstante, hay que insistir  en que la responsabilidad primaria es de sus progenitores para tratar de  legalizar su situaci\u00f2n en el pa\u00ecs y de los consulados respectivos para dotarles  de su respectiva nacionalidad.<\/p>\n<p>&#13;<\/p>\n<p align=\"justify\" class=\"text1noticias\"><strong>AL MARGEN DE LA POL\u00cdTICA Y EL BOTIN PARTIDARIOS.<\/strong> Muy oportunas y  enf\u00e1ticas las declaraciones del rector de la Universidad   Iberoamericana, UNIBE, en el sentido de que la educaci\u00f3n no  podr\u00e0 avanzar en el pa\u00ecs mientras est\u00e8 permeada por la pol\u00edtica  partidaria.\u00a0 Es la posici\u00f3n que hemos  planteado aqu\u00ec de manera sostenida.\u00a0  Educaci\u00f3n y salud deben quedar al margen de la confrontaci\u00f3n y el bot\u00ecn  pol\u00edtico.\u00a0 De lo contrario, seguiremos  tremendamente atrasados en la primera y grandemente deficientes en la segunda.<\/p>\n<p>&#13;<\/p>\n<p align=\"justify\" class=\"text1noticias\"><strong>EMBARAZOS PREMATUROS Y PROLIFERACI\u00d3N DE ABORTOS. <\/strong>Grave  problema sanitario, social, econ\u00f2mico y humano los cien mil abortos anuales que  se est\u00e0n registrando en el pa\u00ecs,\u00a0 en un  elevado n\u00f9mero de adolescentes e inducidos.\u00a0  Nos parece que la ra\u00ecz del problema es cultural y radica en las  relaciones sexuales tempranas y a menudo promiscuas y los embarazos prematuros,  por falta de adecuada orientaci\u00f3n escolar y familiar. La soluci\u00f2n no es de  preservativos ni legalizaci\u00f3n del aborto, sino de informaci\u00f2n adecuada sobre  los riesgos que comportan.<\/p>\n<p>&#13;<\/p>\n<p align=\"justify\" class=\"text1noticias\"><strong>\u00bfCON QUE COMPA\u00d1EROS ANDAMOS DE BRAZOS? <\/strong>\u00bfC\u00f2mo? \u00bfQue los  pa\u00ecses del CARICOM le dieron un no categ\u00f3rico a nuestro Canciller para que al  nuestro se le asigne una parte de la cuota de 300 mil toneladas de az\u00facar por  parte de la Uni\u00f3n   Europea?\u00a0 \u00bfY acaso no  integramos el CARICOM?\u00a0 \u00bfY no formamos  filas y hasta servimos de anfitriones a los pa\u00ecses tercermundistas que se  reunieron en La Habana  no hace tanto?\u00a0 \u00bfY con esos criterios tan  estrechos es que vamos a practicar la solidaridad y a fomentar la uni\u00f3n? \u00bfCon  qu\u00e8 compa\u00f1eros andamos de brazos?\u00a0 <\/p>\n<p>&#13;<\/p>\n<p align=\"justify\" class=\"text1noticias\"><strong>BAJA INFLACI\u00d3N Y DESCENSO DEL D\u00d3LAR.<\/strong> Seg\u00f9n el Banco  Central el a\u00f1o cerr\u00f2 con una inflaci\u00f3n de apenas un cinco porciento, muy  inferior a la del 2005 que fue de un 7.4 y por debajo del estimado del Fondo  Monetario Internacional que era de un 7.\u00a0  Ser\u00e0 en base a ese resultado que la Direcci\u00f2n General  de Impuestos Internos habr\u00e0 de reajustar la exenci\u00f3n impositiva en los ingresos  y salarios al hacer la declaraci\u00f3n fiscal del 2006. Mientras, el d\u00f2lar ha  seguido bajando y ya hoy se vendi\u00f2 por debajo de 33.50.<\/p>\n<p>&#13;<\/p>\n<p align=\"justify\" class=\"text1noticias\"><strong>SE SALVARON POR GRACIA DE DIOS.<\/strong>\u00a0 Dicen que guerra avisada no mata  soldado.\u00a0 Pero en el caso de la carretera  de Luper\u00f2n, por m\u00e0s que alertados los riesgos de deslizamientos una y otra vez,  estuvo a punto de matar no un soldado sino varias familias cuyas modestas  viviendas quedaron al borde mismo de un grave derrumbe ocasionado por las  lluvias de estos d\u00ecas.\u00a0 La foto que  aparece ilustrando la portada del Diario Libre en su edici\u00f2n de hoy es bien  reveladora y dram\u00e1tica.\u00a0 Se salvaron por  pura gracia de Dios.<\/p>\n<p>&#13;<\/p>\n<p align=\"justify\" class=\"text1noticias\"><strong>JUSTICIA: FALTA CAMINO PERO HEMOS MEJORADO.<\/strong> En el Poder  Judicial est\u00e0n convocando a fiesta despu\u00e8s de la evaluaci\u00f3n de unos quinientos  jueces de distintas c\u00e0maras por parte de la Suprema Corte.\u00a0 Los resultados fueron de buenos a excelentes  con no pocos magistrados registrando una puntuaci\u00f3n de 100. No obstante que  falta la segunda ola de Reforma, no cabe duda que la Justicia ha mejorado.<\/p>\n<p>&#13;<\/p>\n<p align=\"justify\" class=\"text1noticias\"><strong>NO HAY POR QUE EXTRA\u00d1ARSE.\u00a0<\/strong> \u00bfA qu\u00e8 extra\u00f1arse de que la plaza destinada a honrar la memoria de Jos\u00e8  Francisco Pe\u00f1a G\u00f2mez haya sido objeto de despojo, incluyendo la placa  incrustada en el busto del destacado l\u00edder pol\u00edtico si aqu\u00ec se roban hasta los  rieles de ferrocarril, los cables del tendido el\u00e9ctrico y telef\u00f3nico, la verja  del Conservatorio y la espada de M\u00e1ximo G\u00f2mez en tanto se consumen drogas y ejerce  la prostituci\u00f3n en la de Montesinos tambi\u00e8n usada como retrete?<\/p>\n<p>&#13;<\/p>\n<h6> 2007-01-17 18:00:19 <\/h6>\n<p><!--\n<link rel=\"stylesheet\" href=\"css\/bootstrap.min.css\">\n\n\n<ul class=\"pagination\">\n\t    \n\t\n\n<li >\n\t<a href='?page_no=13282'>Previous<\/a>\n\t<\/li>\n\n\n       \n    \n\n<li><a href='?page_no=1'>1<\/a><\/li>\n\n\n\n<li><a href='?page_no=2'>2<\/a><\/li>\n\n\n\n<li><a>...<\/a><\/li>\n\n\n\n<li><a href='?page_no=13281'>13281<\/a><\/li>\n\n\n\n<li><a href='?page_no=13282'>13282<\/a><\/li>\n\n\n\n<li class='active'><a>13283<\/a><\/li>\n\n\n\n<li><a href='?page_no=13284'>13284<\/a><\/li>\n\n\n\n<li><a href='?page_no=13285'>13285<\/a><\/li>\n\n\n\n<li><a>...<\/a><\/li>\n\n\n\n<li><a href='?page_no=13611'>13611<\/a><\/li>\n\n\n\n<li><a href='?page_no=13612'>13612<\/a><\/li>\n\n    \n\t\n\n<li >\n\t<a href='?page_no=13284'>Next<\/a>\n\t<\/li>\n\n\n    \n\n<li><a href='?page_no=13612'>Last &rsaquo;&rsaquo;<\/a><\/li>\n\n<\/ul>\n\n\n--><br \/>\n<\/body><\/p>\n","protected":false},"excerpt":{"rendered":"<p>LAS PRINCIPALES EN TELEDEBATE&#13; &#13; Lunes 15,01,07 &#13; LUCHA LIBRE EN VEZ DE SALUD SOCIAL. Cuando parec\u00eca que todo se hab\u00eca consensuado para que el \u00e0rea de salud de la Seguridad Social comience el primero de junio, ahora resulta que el Colegio M\u00e8dico anuncia su posible retiro inconforme con los honorarios asignados a los galenos [&hellip;]<\/p>\n","protected":false},"author":3,"featured_media":0,"comment_status":"open","ping_status":"open","sticky":false,"template":"","format":"standard","meta":{"footnotes":""},"categories":[16],"tags":[],"class_list":["post-37529","post","type-post","status-publish","format-standard","hentry","category-opiniones"],"_links":{"self":[{"href":"https:\/\/diariodominicano.com\/index.php?rest_route=\/wp\/v2\/posts\/37529","targetHints":{"allow":["GET"]}}],"collection":[{"href":"https:\/\/diariodominicano.com\/index.php?rest_route=\/wp\/v2\/posts"}],"about":[{"href":"https:\/\/diariodominicano.com\/index.php?rest_route=\/wp\/v2\/types\/post"}],"author":[{"embeddable":true,"href":"https:\/\/diariodominicano.com\/index.php?rest_route=\/wp\/v2\/users\/3"}],"replies":[{"embeddable":true,"href":"https:\/\/diariodominicano.com\/index.php?rest_route=%2Fwp%2Fv2%2Fcomments&post=37529"}],"version-history":[{"count":0,"href":"https:\/\/diariodominicano.com\/index.php?rest_route=\/wp\/v2\/posts\/37529\/revisions"}],"wp:attachment":[{"href":"https:\/\/diariodominicano.com\/index.php?rest_route=%2Fwp%2Fv2%2Fmedia&parent=37529"}],"wp:term":[{"taxonomy":"category","embeddable":true,"href":"https:\/\/diariodominicano.com\/index.php?rest_route=%2Fwp%2Fv2%2Fcategories&post=37529"},{"taxonomy":"post_tag","embeddable":true,"href":"https:\/\/diariodominicano.com\/index.php?rest_route=%2Fwp%2Fv2%2Ftags&post=37529"}],"curies":[{"name":"wp","href":"https:\/\/api.w.org\/{rel}","templated":true}]}}