{"id":37528,"date":"2007-01-17T18:03:46","date_gmt":"2007-01-17T18:03:46","guid":{"rendered":"http:\/\/diariodominicano.ddns.net\/?p=37528"},"modified":"2007-01-17T18:03:46","modified_gmt":"2007-01-17T18:03:46","slug":"el-tiro-rapido-447","status":"publish","type":"post","link":"https:\/\/diariodominicano.com\/?p=37528","title":{"rendered":"EL TIRO RAPIDO"},"content":{"rendered":"<p><body><\/p>\n<h1 align=\"center\">EL TIRO RAPIDO<\/h1>\n<p>&#13;<\/p>\n<p align=\"center\"><span class=\"ttmediao\">de<\/span><br \/>&#13;<br \/>\n  <br \/>&#13;<br \/>\n    <span class=\"textogrande\">Mario  Rivadulla<\/span><\/p>\n<p>&#13;<\/p>\n<p align=\"justify\" class=\"text1noticias\">Cuando el imperio sovi\u00e9tico se vino abajo como fichas de  domin\u00f2, a consecuencia\u00a0 principalmente de  sus contradicciones internas: persistente fracaso y colapso de su  econom\u00eca,\u00a0 falta de libertades, extrema  rigidez y resistencia para adaptarse a los cambios y estratificaci\u00f3n\u00a0 de una clase dominante corrupta y  arrogante\u00a0 no fueron pocos los que de  este lado del espectro ideol\u00f3gico, imaginron con ingenuo optimismo\u00a0 que en Latinoam\u00e9rica iba a quedar enterrada  para siempre la posibilidad de que surgieran gobiernos de izquierda, o m\u00e0s  propiamente distanciados de los Estados Unidos.<\/p>\n<p>&#13;<\/p>\n<p align=\"justify\" class=\"text1noticias\">Hoy esos mismos contemplan con  el mismo asombro con que marxistas en el mundo entero contemplaron el derrumbe  de la Uni\u00f3n Sovi\u00e8tica,  c\u00f2mo, por el contrario, a la vuelta de no tantos a\u00f1os de la emblem\u00e0tica ca\u00ecda  del muro de Berl\u00edn, el mapa de la Am\u00e9rica Latina ha ido cambiando de reg\u00edmenes  aparentemente democr\u00e1ticos, que en la pr\u00e0ctica demostraron no serlo, hacia  gobiernos enmarcados en distintas modalidades de izquierda. Estas van desde el  desafiante neo marxismo extremista de Hugo Ch\u00e0vez, Evo Morales y el reci\u00e8n  posesionado Rafael Correa hasta las formas moderadas de Kircher,\u00a0 Michelle Bachelet, Lula da Silva y el mismo  Alan Garc\u00eca.<\/p>\n<p>&#13;<\/p>\n<p align=\"justify\" class=\"text1noticias\">Y el asombro es a\u00f9n mayor  porque todos esos gobiernos sin excepci\u00f3n, han llegado al poder no a trav\u00e8s de  movimientos guerrilleros, asonadas militaristas o golpes de Estado, sino por  v\u00eca democr\u00e1tica.\u00a0 Son fruto de torneos  electorales en que han competido y superado a las fuerzas conservadoras que se  le han opuesto, gracias al sufragio popular.<\/p>\n<p>&#13;<\/p>\n<p align=\"justify\" class=\"text1noticias\">Lo que no pudo conseguir la  acci\u00f2n guerrillera y subversiva promovida por el gobierno\u00a0 castrista, alentada, apoyada y financiada por  la Uni\u00f3n Sovi\u00e9tica  en la d\u00e9cada de los sesenta,\u00a0 destinada a  convertir los Andes en la   Sierra Maestra de Sur Am\u00e9rica, que termin\u00f2 en un rotundo  fracaso, se est\u00e0 produciendo ahora utilizando el mismo mecanismo que propugna y  caracteriza el sistema democr\u00e1tico tradicional: o sea, la voluntad de la  mayor\u00eca expresada a trav\u00e8s de las urnas.<\/p>\n<p>&#13;<\/p>\n<p align=\"justify\" class=\"text1noticias\">Se habla de que en gran parte  este viraje es consecuencia de la indiferencia con que tradicionalmente los  gobiernos norteamericanos han contemplado a su m\u00e0s pr\u00f3ximo vecino que por  proximidad geogr\u00e1fica,\u00a0 relaci\u00f3n comercial  y otros factores que superan la cada vez menor diferencia de idioma,\u00a0 estar\u00eca llamado a ser su aliado natural.\u00a0\u00a0 En parte es cierto.\u00a0 Pero ello no nos parece que sea la principal  causa que explique lo que ha ocurrido y sigue ocurriendo en la trastienda estadounidense.<\/p>\n<p>&#13;<\/p>\n<p align=\"justify\" class=\"text1noticias\">M\u00e0s bien, la causa pudi\u00e9ramos  hallarla en una raz\u00f3n m\u00e0s simple y palpable.\u00a0  Es la que sintetiz\u00f2 en una sencilla pero contundente frase el  Vicepresidente Rafael Albuquerque, quien asisti\u00f2 en nombre del gobierno a la toma  de posesi\u00f3n del nuevo presidente de Ecuador, Rafael Correa, afiliado a la  corriente chavista.\u00a0 \u201cLos pueblos quieren  democracia con contenido social\u201d.\u00a0\u00a0\u00a0 Este  y no otro, es el punto clave.<\/p>\n<p>&#13;<\/p>\n<p align=\"justify\" class=\"text1noticias\">Cuando se tiene un continente  pr\u00f2digo en recursos y potencialidades como lo es nuestra Am\u00e9rica india,  negra,\u00a0 hispana y portuguesa, pero donde  apenas el 8 \u00f2 el 10 porciento de la poblaci\u00f3n posee el 80 porciento de la  riqueza mientras\u00a0 decenas de millones  yacen en la m\u00e0s abyecta miseria y el desempleo, el\u00a0 analfabetismo,la insalubridad, el hacinamiento,  la corrupci\u00f2n y la impunidad arropa a los poderosos en tanto el abuso a los  infelices son pan nuestro de cada d\u00eca para la gran mayor\u00eca,\u00a0 y ello ocurre de a\u00f1o en a\u00f1o, por d\u00e9cadas, sin  encontrar respuesta adecuada en los mal llamados reg\u00edmenes democr\u00e1ticos, la  gente vuelca sus frustradas esperanzas\u00a0  en otros litorales pol\u00edticos.\u00a0 Y  esto lo hace\u00a0 m\u00e0s fundamentada en la  promesa de encontrar remedio a sus males a\u00f1ejos que en el contenido ideol\u00f3gico  del mensaje, que muchas veces se le torna incomprensible.<\/p>\n<p>&#13;<\/p>\n<p align=\"justify\" class=\"text1noticias\">Esto es\u00a0 lo que a nuestro juicio explica este cambio  dram\u00e1tico, significativo y acelerado del mapa pol\u00ectico latinoamericano y de un  cada vez m\u00e0s acentuado sentimiento antinorteamericano.<\/p>\n<p>&#13;<\/p>\n<p align=\"justify\" class=\"text1noticias\">Es lo que tenemos que evitar  que ocurra en nuestro caso donde por todos los medios debemos procurar que el  crecimiento y la estabilidad econ\u00f3micas no contin\u00faen, como hasta ahora,  concentrando la riqueza en pocas manos sino por el contrario haciendo que el  bienestar llegue al mayor n\u00f9mero posible lo antes posible, ampliando y  fortaleciendo la clase media, reduciendo en forma acelerada la pobreza,  convirtiendo la salud y la educaci\u00f3n en bienes al alcance de todos y abriendo  tambi\u00e8n para todos horizontes de mejor\u00eca y progreso.<\/p>\n<p>&#13;<\/p>\n<p align=\"justify\" class=\"text1noticias\">D\u00e1ndole en fin un verdadero  contenido social a nuestra democracia para que deje de ser una mera palabra  carente de sentido para tantos,\u00a0 y en  cambio comience a convertir la frustraci\u00f3n en esperanza y a traducir la  esperanza en realidad.<\/p>\n<p>&#13;<\/p>\n<h6> 2007-01-17 18:03:46 <\/h6>\n<p><!--\n<link rel=\"stylesheet\" href=\"css\/bootstrap.min.css\">\n\n\n<ul class=\"pagination\">\n\t    \n\t\n\n<li >\n\t<a href='?page_no=13281'>Previous<\/a>\n\t<\/li>\n\n\n       \n    \n\n<li><a href='?page_no=1'>1<\/a><\/li>\n\n\n\n<li><a href='?page_no=2'>2<\/a><\/li>\n\n\n\n<li><a>...<\/a><\/li>\n\n\n\n<li><a href='?page_no=13280'>13280<\/a><\/li>\n\n\n\n<li><a href='?page_no=13281'>13281<\/a><\/li>\n\n\n\n<li class='active'><a>13282<\/a><\/li>\n\n\n\n<li><a href='?page_no=13283'>13283<\/a><\/li>\n\n\n\n<li><a href='?page_no=13284'>13284<\/a><\/li>\n\n\n\n<li><a>...<\/a><\/li>\n\n\n\n<li><a href='?page_no=13611'>13611<\/a><\/li>\n\n\n\n<li><a href='?page_no=13612'>13612<\/a><\/li>\n\n    \n\t\n\n<li >\n\t<a href='?page_no=13283'>Next<\/a>\n\t<\/li>\n\n\n    \n\n<li><a href='?page_no=13612'>Last &rsaquo;&rsaquo;<\/a><\/li>\n\n<\/ul>\n\n\n--><br \/>\n<\/body><\/p>\n","protected":false},"excerpt":{"rendered":"<p>EL TIRO RAPIDO &#13; de&#13; &#13; Mario Rivadulla &#13; Cuando el imperio sovi\u00e9tico se vino abajo como fichas de domin\u00f2, a consecuencia\u00a0 principalmente de sus contradicciones internas: persistente fracaso y colapso de su econom\u00eca,\u00a0 falta de libertades, extrema rigidez y resistencia para adaptarse a los cambios y estratificaci\u00f3n\u00a0 de una clase dominante corrupta y arrogante\u00a0 [&hellip;]<\/p>\n","protected":false},"author":3,"featured_media":0,"comment_status":"open","ping_status":"open","sticky":false,"template":"","format":"standard","meta":{"footnotes":""},"categories":[16],"tags":[],"class_list":["post-37528","post","type-post","status-publish","format-standard","hentry","category-opiniones"],"_links":{"self":[{"href":"https:\/\/diariodominicano.com\/index.php?rest_route=\/wp\/v2\/posts\/37528","targetHints":{"allow":["GET"]}}],"collection":[{"href":"https:\/\/diariodominicano.com\/index.php?rest_route=\/wp\/v2\/posts"}],"about":[{"href":"https:\/\/diariodominicano.com\/index.php?rest_route=\/wp\/v2\/types\/post"}],"author":[{"embeddable":true,"href":"https:\/\/diariodominicano.com\/index.php?rest_route=\/wp\/v2\/users\/3"}],"replies":[{"embeddable":true,"href":"https:\/\/diariodominicano.com\/index.php?rest_route=%2Fwp%2Fv2%2Fcomments&post=37528"}],"version-history":[{"count":0,"href":"https:\/\/diariodominicano.com\/index.php?rest_route=\/wp\/v2\/posts\/37528\/revisions"}],"wp:attachment":[{"href":"https:\/\/diariodominicano.com\/index.php?rest_route=%2Fwp%2Fv2%2Fmedia&parent=37528"}],"wp:term":[{"taxonomy":"category","embeddable":true,"href":"https:\/\/diariodominicano.com\/index.php?rest_route=%2Fwp%2Fv2%2Fcategories&post=37528"},{"taxonomy":"post_tag","embeddable":true,"href":"https:\/\/diariodominicano.com\/index.php?rest_route=%2Fwp%2Fv2%2Ftags&post=37528"}],"curies":[{"name":"wp","href":"https:\/\/api.w.org\/{rel}","templated":true}]}}