{"id":37527,"date":"2007-01-17T18:13:41","date_gmt":"2007-01-17T18:13:41","guid":{"rendered":"http:\/\/diariodominicano.ddns.net\/?p=37527"},"modified":"2007-01-17T18:13:41","modified_gmt":"2007-01-17T18:13:41","slug":"kiva-pos-derrumbe","status":"publish","type":"post","link":"https:\/\/diariodominicano.com\/?p=37527","title":{"rendered":"Kiva Pos-derrumbe"},"content":{"rendered":"<p><body><\/p>\n<p align=\"center\" class=\"titulogrande\"><strong><em>Testimonios  de amistad y camarader\u00eda (VII):<\/em><\/strong> <\/p>\n<p>&#13;<\/p>\n<p align=\"center\" class=\"titulogrande1\"><em>Kiva  Pos-derrumbe<\/em><\/p>\n<p>&#13;<\/p>\n<p align=\"center\" class=\"textogrande\"><strong>Por Narciso Isa Conde<\/strong><\/p>\n<p>&#13;<\/p>\n<p align=\"justify\" class=\"text1noticias\">Cuando se produjo la  desintegraci\u00f3n de la URSS  y se complet\u00f3 el derrumbe del <strong>\u201csocialismo  real, abri\u00e9ndose paso<\/strong> una restauraci\u00f3n capitalista altamente traum\u00e1tica,  estuve distante y bastante incomunicado de Kiva Maidanik.<\/p>\n<p>&#13;<\/p>\n<p align=\"justify\" class=\"text1noticias\">Desde 1990, cuando pase de  tr\u00e1nsito por Mosc\u00fa, no volv\u00ed, ni he vuelto a Rusia. <br \/>&#13;<br \/>\n\u00a0\u00a0\u00a0\u00a0\u00a0\u00a0\u00a0\u00a0\u00a0\u00a0\u00a0\u00a0\u00a0\u00a0\u00a0\u00a0\u00a0\u00a0\u00a0\u00a0\u00a0\u00a0\u00a0\u00a0\u00a0\u00a0\u00a0\u00a0\u00a0\u00a0\u00a0\u00a0\u00a0\u00a0\u00a0\u00a0\u00a0\u00a0\u00a0 <br \/>&#13;<br \/>\n<strong>En M\u00e9xico en ocasi\u00f3n del FSP<\/strong><\/p>\n<p>&#13;<\/p>\n<p align=\"justify\" class=\"text1noticias\">Lo volv\u00ed a ver -\u00a1y cuanta  alegr\u00eda nos dio a ambos!- en ocasi\u00f3n del Encuentro del Foro de Sao Paulo  realizado en 1991 en M\u00e9xico.<\/p>\n<p>&#13;<\/p>\n<p align=\"justify\" class=\"text1noticias\">Conversamos hasta por los  codos, repasamos todo el periodo y todas las vertientes de nuestras relaciones  y afectos. <\/p>\n<p>&#13;<\/p>\n<p align=\"justify\" class=\"text1noticias\">Kiva, l\u00facido, bien informado  de cuestiones fundamentales, con m\u00e1s conocimiento cada vez, bien posicionado  desde el punto de vista de los principios comunes y de la actitud frente al  capitalismo y el imperialismo mundial, se mostraba no solo muy esc\u00e9ptico sobre  las posibilidades de avanzar a escala mundial, sino tambi\u00e9n emocionalmente  deprimido.<\/p>\n<p>&#13;<\/p>\n<p align=\"justify\" class=\"text1noticias\">La distancia f\u00edsica respecto  a sus amigos (as) de nuestra Am\u00e9rica lo hac\u00eda sentirse mal. Sus amistades en  Rusia eran pocas (no recuerdo si ya para esa fecha se hab\u00eda trasladado Galia,  su amiga del alma, a Caracas, pero de todas maneras no tardar\u00eda mucho en  hacerlo). La recomposici\u00f3n de los comunistas y socialistas en ese pa\u00eds no le  satisfac\u00eda. A su entender el Partido Comunista de la Federaci\u00f3n Rusa,  el m\u00e1s grande e importante de todos, estaba impregnado de un nacionalismo gran  ruso y un oportunismo que \u00e9l repel\u00eda.<\/p>\n<p>&#13;<\/p>\n<p align=\"justify\" class=\"text1noticias\">Las penurias econ\u00f3micas que  padec\u00eda se hab\u00edan multiplicado. Su sueldo se hab\u00eda devaluado hasta representar  14 d\u00f3lares mensuales. Y el de Natacha, su esposa, algo menos, pese a ser ambos  investigadores de un instituto cient\u00edfico.<\/p>\n<p>&#13;<\/p>\n<p align=\"justify\" class=\"text1noticias\">Los servicios de salud y  educaci\u00f3n se deterioraban cada vez m\u00e1s.<\/p>\n<p>&#13;<\/p>\n<p align=\"justify\" class=\"text1noticias\">La \u201cmama\u201d rondaba los 90 y su  salud estaba m\u00e1s resentida y mucho m\u00e1s exigente de atenci\u00f3n m\u00e9dica y compa\u00f1\u00eda.<\/p>\n<p>&#13;<\/p>\n<p align=\"justify\" class=\"text1noticias\">Sobreviv\u00edan con las \u201cchiripas\u201d  que recib\u00eda por la publicaci\u00f3n de art\u00edculos en revistas y peri\u00f3dicos del  exterior, sobre todo en M\u00e9xico, donde ten\u00eda amigos tan queridos como Arnaldo Mart\u00ednez  Verdugo, ex-secretario General del PCM, Eduardo Ibarra (representante de ese  partido y corresponsal en Mosc\u00fa de su revista), Pablo G\u00f3mez, nuevo l\u00edder del Partido  Socialista Unificado (continuidad del PCM) y otros (as).<br \/>&#13;<br \/>\n\u00a0\u00a0\u00a0\u00a0\u00a0\u00a0\u00a0\u00a0\u00a0\u00a0\u00a0\u00a0\u00a0\u00a0\u00a0\u00a0\u00a0\u00a0\u00a0\u00a0\u00a0\u00a0\u00a0\u00a0\u00a0\u00a0\u00a0\u00a0\u00a0\u00a0\u00a0\u00a0<br \/>&#13;<br \/>\n<strong>El  est\u00edmulo de los amigos de siempre y de los nietos<\/strong><\/p>\n<p>&#13;<\/p>\n<p align=\"justify\" class=\"text1noticias\">Y \u00a0esa situaci\u00f3n de estrechez, con \u00a0peque\u00f1os altibajos, perdur\u00f3 todo el tiempo,  solo que los sucesivos viajes a Venezuela, Brasil, Santo Domingo, El Salvador\u2026  le dieron renovados alientos y aliviaron temporalmente, en los casos de  precarias contrataciones de cursos, asignaci\u00f3n de dietas y publicaciones  pagadas, necesidades imperiosas y penurias persistentes. En ese periodo cultiv\u00f3  una linda relaci\u00f3n con los(as) hermanos(as) del Movimiento de los Trabajadores  sin Tierra de Brasil(MST), participando en su escuela de formaci\u00f3n pol\u00edtica y  otras actividades importantes.<\/p>\n<p>&#13;<\/p>\n<p align=\"justify\" class=\"text1noticias\">Recuper\u00f3\u00a0 br\u00edos porque se reencontr\u00f3 con no pocos de  sus hermanos (as) del continente y porque paso a paso se conect\u00f3 con el proceso  de recuperaci\u00f3n de las fuerzas revolucionarias de nuestra Am\u00e9rica; constituy\u00e9ndose,  nueva vez, este proceso esperanzador en el principal alimento de su alma  pol\u00edtica, combinado con la inmensa alegr\u00eda de las sucesiva llegadas de sus  nietos y nietas, fluido maravilloso para el fortalecimiento de su esp\u00edritu  amoroso.<\/p>\n<p>&#13;<\/p>\n<p align=\"justify\" class=\"text1noticias\">Ciertamente la llegada de los  (as) nietos (as) fue realmente importante para \u00e9l. Recuerdo que me escrib\u00eda y  me dec\u00eda que no exist\u00eda sensaci\u00f3n mas sublime en la vida que recibir esa  hermosa descendencia. Me lo dijo tan pronto le lleg\u00f3 (unos a\u00f1o despu\u00e9s del  derrumbe) Constantino, hijo de Maria, su \u00fanica hija con Natacha.<\/p>\n<p>&#13;<\/p>\n<p align=\"justify\" class=\"text1noticias\">Desde entonces no me sac\u00f3 el  guante de la cara, incit\u00e1ndome a que dijera a Pavel, Narcisito y a Ricardo, los  tres nuestros, que se apuraran; sobre todo a Pavel que ya estaba bastante  mayorcito, segu\u00eda soltero llegando primero a los 30 .<br \/>&#13;<br \/>\n\u00a0\u00a0\u00a0\u00a0\u00a0\u00a0\u00a0\u00a0\u00a0\u00a0\u00a0\u00a0\u00a0\u00a0\u00a0\u00a0\u00a0\u00a0\u00a0\u00a0\u00a0\u00a0\u00a0\u00a0\u00a0\u00a0\u00a0\u00a0\u00a0\u00a0\u00a0\u00a0\u00a0\u00a0\u00a0\u00a0\u00a0\u00a0\u00a0\u00a0\u00a0\u00a0\u00a0\u00a0\u00a0\u00a0\u00a0\u00a0 <br \/>&#13;<br \/>\n<strong>De Venezuela a Dominicana<\/strong><\/p>\n<p>&#13;<\/p>\n<p align=\"justify\" class=\"text1noticias\">A ra\u00edz de su primer viaje a  Venezuela lo trajimos aqu\u00ed con inmenso placer. Pas\u00f3 unos d\u00edas maravillosos en  mi casa y en el pa\u00eds. Particip\u00f3 en dos actividades (conferencias dictadas por \u00e9l),  una en la UASD,  otra en la Academia  de Ciencias, y en varios programas de TV.<\/p>\n<p>&#13;<\/p>\n<p align=\"justify\" class=\"text1noticias\">Camin\u00f3 por la ciudad y los  barrios. Fuimos a Constanza y a las playas del Este. Renovamos el cari\u00f1o familiar.  Visit\u00f3 a mi madre, a Tony mi hermano y a Jos\u00e9 Israel Cuello y pudo contactar  con otros(as) viejos y nuevos camaradas que particip\u00e1bamos en la direcci\u00f3n de la Fuerza de la Revoluci\u00f3n y en otros  niveles de su estructura, unos (as), procedentes del PCD y otros (as) no.<\/p>\n<p>&#13;<\/p>\n<p align=\"justify\" class=\"text1noticias\">A Tony lo hab\u00eda conocido en  Mosc\u00fa, poco despu\u00e9s de abril de 1965.Antes ten\u00eda referencia de su destacado  papel en la lucha armada.<\/p>\n<p>&#13;<\/p>\n<p align=\"justify\" class=\"text1noticias\">A mi mam\u00e1 la conoci\u00f3 cuando  me acompa\u00f1\u00f3 a Mosc\u00fa y estuvo en un tratamiento en el hospital.<\/p>\n<p>&#13;<\/p>\n<p align=\"justify\" class=\"text1noticias\">Entonces reuni\u00f3 a mi madre  con su madre, ambas de una dulzura especial y de un amor inmenso por sus hijos.  Ninguna de las dos olvidaron ese encuentro.<\/p>\n<p>&#13;<\/p>\n<p align=\"justify\" class=\"text1noticias\">Mi madre siempre hace  referencia a las palabras de la madre de Kiva sobre \u00e9l. Ella viv\u00eda sola, pero  cada vez que pod\u00eda \u00e9l iba a escribir sus trabajos en la casa materna, para  acompa\u00f1arla y hacer las compras. Siempre estaba pendiente de su salud y estado  de \u00e1nimo, dispens\u00e1ndole permanentemente su lindo amor filial.<br \/>&#13;<br \/>\n\u00a0\u00a0\u00a0\u00a0\u00a0\u00a0\u00a0\u00a0\u00a0\u00a0\u00a0\u00a0\u00a0\u00a0\u00a0\u00a0\u00a0\u00a0\u00a0\u00a0\u00a0\u00a0\u00a0\u00a0\u00a0\u00a0\u00a0\u00a0\u00a0\u00a0\u00a0\u00a0\u00a0\u00a0\u00a0\u00a0\u00a0\u00a0\u00a0\u00a0\u00a0\u00a0\u00a0\u00a0\u00a0\u00a0\u00a0\u00a0\u00a0\u00a0\u00a0\u00a0\u00a0\u00a0 <br \/>&#13;<br \/>\nQued\u00f3 fascinado con la  juventud conservada de Lul\u00fa, a quien por dem\u00e1s recordaban en Mosc\u00fa y en nuestro  movimiento como de las m\u00e1s hermosas dirigentes comunistas.<\/p>\n<p>&#13;<\/p>\n<p align=\"justify\" class=\"text1noticias\">Nos present\u00f3 el cuadro real  de la ex-URSS, que no pod\u00eda ser m\u00e1s que deprimente.<br \/>&#13;<br \/>\n\u00a0\u00a0\u00a0\u00a0\u00a0\u00a0\u00a0\u00a0\u00a0\u00a0\u00a0\u00a0\u00a0\u00a0\u00a0 \u00a0\u00a0\u00a0\u00a0\u00a0\u00a0\u00a0\u00a0\u00a0\u00a0\u00a0\u00a0\u00a0\u00a0<br \/>&#13;<br \/>\n<strong>Nuevos encuentros y el funeral de Schafik.<\/strong><\/p>\n<p>&#13;<\/p>\n<p align=\"justify\" class=\"text1noticias\">Nos vimos despu\u00e9s otra vez en  M\u00e9xico. Entonces volvi\u00f3 a la carga, delante de otros camaradas y amigos, con el  tema del retraso del matrimonio de los hijos y de la llegada de los nietos(as),  y se atrevi\u00f3 a decirme que ni siquiera el nacimiento de lo(as) hijos(as) era  comparable con aquello y yo le sal\u00ed al paso dici\u00e9ndole que no exagerara tanto, que  eso no pod\u00eda ser cierto. M\u00e1s tarde, cuando naci\u00f3 Narciso Isaac, el primero de los  nuestros, tuve que hacerme la autocr\u00edtica y darle la raz\u00f3n.<\/p>\n<p>&#13;<\/p>\n<p align=\"justify\" class=\"text1noticias\">Lo volv\u00ed a ver dos veces en  Caracas, en el 2004 y en el 2005.<\/p>\n<p>&#13;<\/p>\n<p align=\"justify\" class=\"text1noticias\">En enero del 2005, en ocasi\u00f3n  del Foro Social mundial, nos toc\u00f3 recibir juntos la desgarradora noticia de la  muerte de Schafik, nuestro camarada y hermano salvadore\u00f1o, nuestros querido Schafik,  nuestro querido gordo.<\/p>\n<p>&#13;<\/p>\n<p align=\"justify\" class=\"text1noticias\">Salimos disparados al  encuentro de la delegaci\u00f3n salvadore\u00f1a, integrada, entre otros (as), por el  comandante Ramiro V\u00e1zquez, la comandante Nidia D\u00edaz, Blanca Flor, Oreste, el  Diablito\u2026<\/p>\n<p>&#13;<\/p>\n<p align=\"justify\" class=\"text1noticias\">All\u00ed nos contaron las  circunstancias de su fallecimiento y nos invitaron a acompa\u00f1arles al homenaje  que le rendir\u00eda el pueblo salvadore\u00f1o.<\/p>\n<p>&#13;<\/p>\n<p align=\"justify\" class=\"text1noticias\">Ch\u00e1vez facilit\u00f3 un avi\u00f3n  presidencial y design\u00f3 a Nicol\u00e1s Maduro, entonces presidente de la Asamblea Nacional  y a Freddy Bernal, Alcalde de Caracas, en la delegaci\u00f3n oficial, junto a su  hermano Abel Ch\u00e1vez, Embajador de Cuba.<\/p>\n<p>&#13;<\/p>\n<p align=\"justify\" class=\"text1noticias\">Kiva y yo no hab\u00edamos podido  hablar largo y tendido, y decidimos aprovechar con ese prop\u00f3sito ese largo viaje  (dada la escala en La Habana).<\/p>\n<p>&#13;<\/p>\n<p align=\"justify\" class=\"text1noticias\">Kiva se iba muy triste. Su  cari\u00f1o por Schafik era enorme.<\/p>\n<p>&#13;<\/p>\n<p align=\"justify\" class=\"text1noticias\">Iba triste y muy preocupado  por el posible vac\u00edo pol\u00edtico que dejaba la muerte f\u00edsica de este formidable  luchador en el FMLN y en El Salvador.<\/p>\n<p>&#13;<\/p>\n<p align=\"justify\" class=\"text1noticias\">Schafik no solo era un  dirigente de grandes condiciones humanas y pol\u00edticas. Y de reconocidas  habilidades para articular y unificar fuerzas. Era adem\u00e1s un pensador, un  te\u00f3rico del socialismo, con una calidad revolucionaria dif\u00edcil de encontrar.<\/p>\n<p>&#13;<\/p>\n<p align=\"justify\" class=\"text1noticias\">Llegamos de madrugada.  Curiosamente a Kiva y a mi nos hicieron esperar explorando archivos de subversi\u00f3n.  Ya a mi me hab\u00eda pasado cuando fui a las elecciones recientes y el propio  Schafik tuvo que intervenir para que me dejaran pasar.<\/p>\n<p>&#13;<\/p>\n<p align=\"justify\" class=\"text1noticias\">Finalmente se solucion\u00f3 el \u201cimpasse\u201d  y del aeropuerto fuimos directamente a la funeraria a rendirle honores al  camarada, al amigo, al hermano.<\/p>\n<p>&#13;<\/p>\n<p align=\"justify\" class=\"text1noticias\">Aquello parec\u00eda todo menos un  mortuorio. Nos recibieron con estruendosos aplausos y la consigna :<strong>\u201c!Se queda, se queda, el Comandante se  queda!\u201d<\/strong><\/p>\n<p>&#13;<\/p>\n<p align=\"justify\" class=\"text1noticias\">El pueblo del FMLN, sensiblemente  ampliado, estaba en trance de revoluci\u00f3n.<\/p>\n<p>&#13;<\/p>\n<p align=\"justify\" class=\"text1noticias\">Todas las actividades, la de la Plaza, la de la Universidad y el  entierro fueron masivas en alto grado, enormes manifestaciones de combatividad  (en ning\u00fan caso duelo tradicional)<\/p>\n<p>&#13;<\/p>\n<p align=\"justify\" class=\"text1noticias\">El pa\u00eds estaba conmovido,  brotaba en grande el sentimiento de que en ese momento el que gobernaba era  Schafik, a quien evidentemente el partido ARENA, la oligarqu\u00eda y el imperio, le  arrebataron la victoria en las elecciones reci\u00e9n pasadas, empleando al m\u00e1ximo  toda su capacidad de trampa, perversidad y generaci\u00f3n de miedo.<\/p>\n<p>&#13;<\/p>\n<p align=\"justify\" class=\"text1noticias\">EL FMLN hizo un espectacular  despliegue de organizaci\u00f3n en el que se sent\u00eda la capacidad planificadora y organizadora  de Ramiro V\u00e1zquez y su equipo \u00a1Quince Mil cuadros y militante garantizaban el  orden y la seguridad de todas las actividades!<br \/>&#13;<br \/>\n  <br \/>&#13;<br \/>\nTodo (as) las delegaciones  extranjeras estaban impactadas. Kiva, Patricio y yo, que est\u00e1bamos en el mismo  hotel, nos dimos cuenta que la ausencia f\u00edsica de Schafik no afectar\u00eda el  avance de esa formidable vanguardia revolucionaria, que por dem\u00e1s estaba en  pleno proceso de desembarazarse de desviaciones y pr\u00e1cticas derechizantes,  acomodaticias al sistema.<\/p>\n<p>&#13;<\/p>\n<p align=\"justify\" class=\"text1noticias\">Los discursos de Leonel  Gonz\u00e1lez y de Milton fueron estremecedores y radicales \u00a1Ahora era que el legado  de Schafik se iba a sentir! \u00a1Que ning\u00fan derechista se hiciera de ilusi\u00f3n de que  iban a conciliar con el orden dominante\u00a1<\/p>\n<p>&#13;<\/p>\n<p align=\"justify\" class=\"text1noticias\">Kiva vibraba: su tristeza, a  pesar de todo, se transform\u00f3 en alegr\u00eda.<\/p>\n<p>&#13;<\/p>\n<p align=\"justify\" class=\"text1noticias\">El FMLN estaba creciendo en  cantidad y calidad en medio de las exequias de Schafik.<\/p>\n<p>&#13;<\/p>\n<p align=\"justify\" class=\"text1noticias\">Tania, su compa\u00f1era sovi\u00e9tica  asumi\u00f3 su rol con gran determinaci\u00f3n, serenidad y firmeza. Llena de cari\u00f1o y  reconocimiento hacia su camarada de amor y lucha. Igual su hermos\u00edsima hija  moscovita, a quien no hab\u00eda vuelto ver desde que estaba peque\u00f1ita.<br \/>&#13;<br \/>\n  <br \/>&#13;<br \/>\nToda la familia de Schafik,  los hijos de su primer matrimonio, sus nietos, sus familiares cercanos estaban  conmovidos, pero firmes, llenos de satisfacci\u00f3n por el cari\u00f1o y el respeto que  le demostraba ese pueblo a su familiar querido. Jorge Schafik Handal, hijo (el  capit\u00e1n Federico del FMLN), de manera muy especial.<\/p>\n<p>&#13;<\/p>\n<p align=\"justify\" class=\"text1noticias\">Kiva no se cans\u00f3 de ponderar  al <strong>\u201cfen\u00f3meno FMLN\u201d<\/strong>, una organizaci\u00f3n  que traspas\u00f3 todas las barreras erosionantes de las \u00faltimas d\u00e9cadas del siglo  XX y llegaba al siglo XXI en franca expansi\u00f3n, potenci\u00e1ndose en cantidad y  calidad, reafirmando sus grandes condiciones para hacer nueva revoluci\u00f3n democr\u00e1tica-popular  y nuevo socialismo.<\/p>\n<p>&#13;<\/p>\n<p align=\"justify\" class=\"text1noticias\">Kiva no quer\u00eda salir de El  Salvador sin ir al Cerro de Guazapa, donde durante 11 a\u00f1os se libro una lucha  ejemplar. S\u00edmbolo de hero\u00edsmo y de talento pol\u00edtico y militar. Aporte  inconmensurable del Partido Comunista, de Schafik, de Ramiro, del Barbarroja  Salvadore\u00f1o (comandante Ram\u00f3n), de Chep\u00f3n y todo(as) los (as) comandantes y  combatientes de las Fal (instrumento pol\u00edtico-militar del PCS).<\/p>\n<p>&#13;<\/p>\n<p align=\"justify\" class=\"text1noticias\"> Ramiro, que fue el comandante  de ese frente, hizo el espacio antes del acto de la plaza y nos invit\u00f3 a Kiva,  a Freddy Bernal (Alcalde de Caracas) y a Patricio Echegaray (Secretario General  del PC de Argentina) a acompa\u00f1arlo, siempre, con la agradable presencia de  Vladimir, nuestro edec\u00e1n, miembro de la Comisi\u00f3n Internacional  del FMLN y combatiente con una historia que conmovi\u00f3 a Kiva (de ella no voy a  hablar por que Vladimir est\u00e1 preparando la publicaci\u00f3n de sus memorias de  guerra).<\/p>\n<p>&#13;<\/p>\n<p align=\"justify\" class=\"text1noticias\">Patricio no pudo ir porque no  se sent\u00eda bien.<\/p>\n<p>&#13;<\/p>\n<p align=\"justify\" class=\"text1noticias\">Ramiro era un gu\u00eda de  excepci\u00f3n para esa excursi\u00f3n en cierta medida furtiva.<\/p>\n<p>&#13;<\/p>\n<p align=\"justify\" class=\"text1noticias\">Yo ya hab\u00eda estado en el cerro  pero de todas maneras refrescar esa experiencia en la voz de su comandante, por  segunda vez, era un privilegio. Y con tales acompa\u00f1antes mucho m\u00e1s. All\u00ed, nueva  vez, visit\u00e9 el espacio de la peque\u00f1a selva donde descansan los restos del  camarada dominicano Ram\u00f3n Luna Cornelio (Capit\u00e1n Pedro Garc\u00eda), quien adem\u00e1s de  miembro de mi seguridad fue un amigo entra\u00f1able.<\/p>\n<p>&#13;<\/p>\n<p align=\"justify\" class=\"text1noticias\">Kiva y Freddy, quedaron  tremendamente impactados y preguntaron sobre muchas vertientes de los  incre\u00edbles combates, a\u00f1os de resistencia y ofensiva del FMLN, en ese peque\u00f1o y  pelado cerro a pocos kil\u00f3metros (desde all\u00ed se ven las luces y se escuchaba el  ruido de despegue de los aviones) de la Capital.<\/p>\n<p>&#13;<\/p>\n<p align=\"justify\" class=\"text1noticias\">A ellos, como a m\u00ed la primera  vez, les parec\u00eda fant\u00e1stico haber sobrevivido y crecido en condiciones tan  adversas, m\u00e1s cuando Ramiro describ\u00eda los golpes demoledores que ese frente de  guerra le dio al enemigo. A todos nos pas\u00f3 como a los investigadores de la Universidad Cat\u00f3lica  Aut\u00f3noma (UCA) de El Salvador cuando sus investigadores comparaban el n\u00famero de  efectivos de las Fal con su extraordinaria capacidad militar \u00a1Conciencia,  organizaci\u00f3n disciplina y calidad t\u00e9cnica!..<\/p>\n<p>&#13;<\/p>\n<p align=\"justify\" class=\"text1noticias\">El entierro result\u00f3  majestuoso y en su marcha se respiraba avance hacia la revoluci\u00f3n,  determinaci\u00f3n de unidad y lealtad al ideario del comandante Jorge Schafik  Handal.<\/p>\n<p>&#13;<\/p>\n<p align=\"justify\" class=\"text1noticias\">Kiva y nosotros sent\u00edamos en  el alma aquella ausencia f\u00edsica, pero partimos de San Salvador profundamente  satisfechos del reconocimiento del pueblo salvadore\u00f1o a quien consagr\u00f3 su vida,  sus capacidades f\u00edsicas e intelectuales, su permanente superaci\u00f3n te\u00f3rica, sus  dotes de organizador y conductor a la emancipaci\u00f3n de los (as) oprimidos de su pa\u00eds  y del mundo; a quien simboliz\u00f3 con su participaci\u00f3n estelar y su persistencia,  uno de las epopeyas m\u00e1s hermosa de las luchas liberadoras del siglo XX.<\/p>\n<p>&#13;<\/p>\n<p align=\"justify\" class=\"text1noticias\">Partimos juntos v\u00eda Panam\u00e1,  donde nos separamos. Yo dobl\u00e9 hacia el Caribe, hacia mi tierra, y Kiva continu\u00f3  con Patricio hacia Caracas.<\/p>\n<p>&#13;<\/p>\n<p align=\"justify\" class=\"text1noticias\">Partimos pero Ramiro, en un  encuentro que hicimos ante de tomar el avi\u00f3n, nos comprometi\u00f3 a volver pronto.<\/p>\n<p>&#13;<\/p>\n<p align=\"justify\" class=\"text1noticias\">Nos invit\u00f3 encarecidamente en  la pr\u00f3xima inauguraci\u00f3n del anfiteatro Jorge Schafik Handal de la Escuela de Formaci\u00f3n  Pol\u00edtica del FMLN, donde tendr\u00eda lugar, al iniciarse el mes de mayo, un panel  sobre el proceso latinoamericano-caribe\u00f1o, los movimientos sociales y los  partidos o fuerzas de vanguardia.<\/p>\n<p>&#13;<\/p>\n<p align=\"justify\" class=\"text1noticias\">Esa invitaci\u00f3n inclu\u00eda a  Amilcar Figueroa, protagonista de la lucha armada venezolana militante del  Partido Comunista Venezolano, primero, y luego el Partido Revolucionario de  Douglas Bravo, historiador y diputado al Parlatino. A \u00e9l le tocar\u00eda una  exposici\u00f3n sobre la experiencia venezolana y el proceso de la revoluci\u00f3n  bolivariana.<\/p>\n<p>&#13;<\/p>\n<p align=\"justify\" class=\"text1noticias\">A Leonel y Ramiro le tocaba  la experiencia salvadore\u00f1a y le nuevo rol del FMLN.<br \/>&#13;<br \/>\n\u00a0\u00a0\u00a0\u00a0\u00a0\u00a0\u00a0\u00a0\u00a0\u00a0\u00a0\u00a0\u00a0\u00a0\u00a0\u00a0\u00a0\u00a0\u00a0\u00a0\u00a0\u00a0\u00a0\u00a0\u00a0\u00a0\u00a0\u00a0\u00a0\u00a0\u00a0\u00a0\u00a0\u00a0\u00a0\u00a0\u00a0\u00a0\u00a0\u00a0\u00a0\u00a0\u00a0 <br \/>&#13;<br \/>\n<strong>De  nuevo con Kiva en El Salvador<\/strong><\/p>\n<p>&#13;<\/p>\n<p align=\"justify\" class=\"text1noticias\">En esa nueva visita a San  Salvador, Amilcar, Kiva y yo no hospedamos juntos en una acogedora pensi\u00f3n atendida  por una familia vinculada al FMLN. All\u00ed, temprano en la ma\u00f1ana, continuamos las  conversaciones y nos prepar\u00e1bamos para la sesiones del panel de formaci\u00f3n  pol\u00edtica.<\/p>\n<p>&#13;<\/p>\n<p align=\"justify\" class=\"text1noticias\">Kiva de nuevo estuvo  brillante y all\u00ed apuntal\u00f3 la tesis del nuevo rol transformador de los (as)  pobres de nuestra Am\u00e9rica, de la pobres\u00eda enfrentada por necesidad a la  oligarqu\u00eda y al imperio; presente en todos los procesos de cambios y en las  iniciativas, de alcance y profundidad variada, que le daban popularidad y  legitimidad a los gobiernos de izquierda y\/o progresistas.<\/p>\n<p>&#13;<\/p>\n<p align=\"justify\" class=\"text1noticias\">Llam\u00f3 la atenci\u00f3n sobre como  las personeros del imperio pretend\u00edan estigmatizar con el calificativo de  populista, impropio en estas nuevas circunstancias, a los gobiernos o proyectos  de gobierno que eran respaldados por esa pobres\u00eda. La actitud de los halcones  de Washington en ese plano la tomaba como se\u00f1al clara de la necesidad de  promover la acci\u00f3n y la unidad de todas las fuerzas del cambio en sentido  inverso.<\/p>\n<p>&#13;<\/p>\n<p align=\"justify\" class=\"text1noticias\">Mas all\u00e1 de las limitaciones  de algunos de esas opciones calificados de \u201cpopulistas\u201d \u2013nos dec\u00eda- ellas  pod\u00edan generar situaciones hacia la autodeterminaci\u00f3n y los cambios de mayor profundidad. Adem\u00e1s de  sumar fuerza a la din\u00e1mica de la Alternativa   Bolivariana para las Am\u00e9ricas (ALBA).<\/p>\n<p>&#13;<\/p>\n<p align=\"justify\" class=\"text1noticias\">El tema, sin dudas, tiene sus  complejidades y presenta otras vertientes y problemas importantes para el debatir,  como lo hicimos, la relaci\u00f3n entre la unidad en amplitud y la unidad de las  fuerzas revolucionarias, o unidad en profundidad.<\/p>\n<p>&#13;<\/p>\n<p align=\"justify\" class=\"text1noticias\">En las conversaciones  directas le expon\u00edamos la necesidad de la diferenciaci\u00f3n de esas opciones moderadas  sin sumar fuerzas al enemigo, en inter\u00e9s de rebasar el marco sist\u00e9mico de esas  opciones y superar sus l\u00edmites; cosa que por dem\u00e1s el comprend\u00eda perfectamente,  aunque no le daba el rango que otros le d\u00e1bamos.<\/p>\n<p>&#13;<\/p>\n<p align=\"justify\" class=\"text1noticias\">Los intercambios \u201cfuera de  c\u00e1tedra\u201d nos ayudaron mucho tambi\u00e9n a enriquecernos mutuamente.<\/p>\n<p>&#13;<\/p>\n<p align=\"justify\" class=\"text1noticias\">El aporte de Kiva fue  valios\u00edsimo y el \u00e1ngulo positivo de su an\u00e1lisis no tard\u00f3 en pasar la prueba en  el caso de M\u00e9xico, donde el veto de la oligarqu\u00eda y de los halcones de  Washington a L\u00f3pez Obrador y la   Alianza por le Bien de Todos cre\u00f3 una crisis pol\u00edtica de  mayor profundidad y con tendencia a prolongarse. Lo que m\u00e1s all\u00e1 de las  diferencia t\u00e1ctica, de roles y de naturaleza pol\u00edtica-ideol\u00f3gica, le da un gran  valor estrat\u00e9gico al acumulado de la Otra   Campa\u00f1a lidereada por el sub-comandante Marcos.<br \/>&#13;<br \/>\n\u00a0\u00a0\u00a0\u00a0\u00a0\u00a0\u00a0\u00a0\u00a0\u00a0\u00a0\u00a0\u00a0\u00a0\u00a0\u00a0\u00a0\u00a0\u00a0\u00a0\u00a0\u00a0\u00a0\u00a0\u00a0\u00a0\u00a0\u00a0 \u00a0\u00a0\u00a0\u00a0\u00a0\u00a0\u00a0\u00a0\u00a0\u00a0\u00a0\u00a0\u00a0\u00a0\u00a0\u00a0\u00a0\u00a0\u00a0\u00a0\u00a0\u00a0\u00a0\u00a0\u00a0\u00a0\u00a0\u00a0\u00a0\u00a0\u00a0<br \/>&#13;<br \/>\nPrecisamente el d\u00eda que salimos de San  Salvador estaban dando los primeros resultados de esos comicios con fuerte olor  a fraude may\u00fasculo.<\/p>\n<p>&#13;<\/p>\n<p align=\"justify\" class=\"text1noticias\">En enero, a ra\u00edz del  fallecimiento de Schafik, puse a Kiva en auto de mi determinaci\u00f3n de emprender  el proyecto Nueva Izquierda y de dejar a un lado a la cada vez m\u00e1s estacada  Fuerza de la Revoluci\u00f3n  (FR). Le expliqu\u00e9 \u2013y le entregu\u00e9 documentaci\u00f3n- sobre lo que hab\u00eda pasado y  sobre las primeros pasos en la nueva direcci\u00f3n.<\/p>\n<p>&#13;<\/p>\n<p align=\"justify\" class=\"text1noticias\">En cuestiones esenciales  entre Kiva y yo hab\u00eda una singular identidad en concepciones y sentimientos. El  entendi\u00f3 las razones de mi determinaci\u00f3n, no sin dejar de expresar su pesar por  las dificultades y retrasos que la situaci\u00f3n revelaba.<\/p>\n<p>&#13;<\/p>\n<p align=\"justify\" class=\"text1noticias\">Igual yo hab\u00eda conversado con  Ramiro y con Patricio, juntos y por separado. De todos ellos recib\u00ed la  comprensi\u00f3n y solidaridad pol\u00edtica y humana.<\/p>\n<p>&#13;<\/p>\n<p align=\"justify\" class=\"text1noticias\">De parte de Kiva recib\u00ed adem\u00e1s,  como siempre, sus agudas reflexiones y sugerencias.<\/p>\n<p>&#13;<\/p>\n<p align=\"justify\" class=\"text1noticias\">En esta nueva ocasi\u00f3n pude  darle mas detalles del nuevo proyecto y de su peculiar evoluci\u00f3n y Kiva me dijo,  palabras m\u00e1s, palabras menos, con mucho sentimiento y raz\u00f3n, lo siguiente: <\/p>\n<p>&#13;<\/p>\n<p align=\"justify\" class=\"text1noticias\">\u201c<strong>Este es tu tercer gran esfuerzo de creaci\u00f3n  de fuerza pol\u00edtica, la tercera vez que participas de manera destacada en un  proyecto revolucionario, con m\u00e1s experiencia y con mas claridad y profundidad  de pensamiento, pero con menos a\u00f1os por delante. T\u00fa sabes que yo solo puedo  desearte \u00e9xitos, contigo he tenido gran sinton\u00eda siempre y cada  vez m\u00e1s. Creo muy \u00fatil dentro de tus nuevas reflexiones te dediques a hacer un  an\u00e1lisis comparativo de la Revoluci\u00f3n  de Abril y el porqu\u00e9 se disgregaron sus fuerzas, y de c\u00f3mo el FMLN ha podido  remontar tantas dificultades pos-guerra. De ah\u00ed pueden derivarse muchas  ense\u00f1anzas, tanto respecto al acumulado hist\u00f3rico y la realidad objetiva favorable  de uno sobre otro, como a los fallos propios y ajenos que los afectaran a  ustedes\u201d.<\/strong><\/p>\n<p>&#13;<\/p>\n<p align=\"justify\" class=\"text1noticias\">Le promet\u00ed ponerme en eso,  avanz\u00e1ndole que ten\u00eda casi lista la una nueva versi\u00f3n enriquecida del trabajo <strong>\u201cPara que abril tenga futuro<\/strong>\u201d, que  incluye las ense\u00f1anzas de la revoluci\u00f3n del 65 y el an\u00e1lisis del prolongado  predominio de la contrarrevoluci\u00f3n imperialista y los errores del movimiento.<\/p>\n<p>&#13;<\/p>\n<p align=\"justify\" class=\"text1noticias\">Queda pendiente el cruce  comparativo con la experiencia salvadore\u00f1a, sabio consejo de Kiva.<\/p>\n<p>&#13;<\/p>\n<p align=\"justify\" class=\"text1noticias\">De nuevo partimos, con la  seguridad de que el FMLN segu\u00eda complementando se nuevo viraje de reafirmaci\u00f3n  revolucionaria, de recuperaci\u00f3n de sus esencias anti-sist\u00e9micas y  transformadoras. Motivo de gran alegr\u00eda para Kiva y todos nosotros.<\/p>\n<p>&#13;<\/p>\n<p align=\"justify\" class=\"text1noticias\">Eso lo sentimos, lo vivimos,  conversando con sus dirigentes y conviviendo en intercambios con 300 cuadros  participantes de nuestras charlas-conferencias y de los debates correspondientes.<\/p>\n<p>&#13;<\/p>\n<p align=\"justify\" class=\"text1noticias\">El esp\u00edritu de Guazapa, como  del Cerro de San Pedro, Moraz\u00e1n, Chalatenango\u2026 resurg\u00eda con fuerza y las  pruebas de que el comandante Sim\u00f3n (nombre de guerra de Schafik) se quedaba  para siempre, fueron inequ\u00edvocas.<br \/>&#13;<br \/>\n  <br \/>&#13;<br \/>\n    <strong>El  \u00faltimo abrazo f\u00edsico.<\/strong><br \/>&#13;<br \/>\n  <br \/>&#13;<br \/>\nLa jornada fue intensa. Kiva  estaba alegre, pero cansado, El peso de los a\u00f1os y los estragos del periodo  pos-derrumbe se le notaban en el rostro y al andar. Ya ten\u00eda fisonom\u00eda de  anciano sabio, buen mozo y venerable.<\/p>\n<p>&#13;<\/p>\n<p align=\"justify\" class=\"text1noticias\">De todas maneras luc\u00eda vital  y l\u00facido, pese haber sufrido en esos d\u00edas una fuerte descomposici\u00f3n intestinal.  Porque Kiva com\u00eda con placer y abundancia cualquier cosa, m\u00e1s que cualquier  joven y a veces abusaba de su buen est\u00f3mago.<\/p>\n<p>&#13;<\/p>\n<p align=\"justify\" class=\"text1noticias\">En Caracas, a su retorno, reanud\u00f3  la intensa jornada acompa\u00f1ado de Amilcar, Mercedes Otero, Freddy Bernal y Galia  y me dicen que aquello fue realmente agotador: charlas, conferencias,  encuentros, reuniones,\u2026 En verdad \u00e9l nunca se resist\u00eda a que le \u201csacaran el jugo\u201d,  pues sab\u00eda que todo eso nos ayudaba mucho. Y Kiva era inmensamente solidario.<\/p>\n<p>&#13;<\/p>\n<p align=\"justify\" class=\"text1noticias\">Esa vez la despedida fue  tambi\u00e9n en el Aeropuerto de Panam\u00e1, en aquella bifurcaci\u00f3n. El abrazo fue  intento y entonces quedamente me dijo <strong>\u201cQuiz\u00e1s  \u00e9sta es la \u00faltima vez que nos vemos \u00a1Suerte!\u201d.- \u201c No jodas, Kiva, d\u00e9jate de  eso\u201d, le respond\u00ed.<\/strong><\/p>\n<p>&#13;<\/p>\n<p align=\"justify\" class=\"text1noticias\">\u00a1Suerte Kiva! Suerte por all\u00e1  en tu nueva dimensi\u00f3n de los muertos que no mueren.<\/p>\n<p>&#13;<\/p>\n<p align=\"justify\" class=\"text1noticias\">Enero, Santo Domingo,  Rep\u00fablica Dominicana<\/p>\n<p>&#13;<\/p>\n<h6> 2007-01-17 18:13:41 <\/h6>\n<p><!--\n<link rel=\"stylesheet\" href=\"css\/bootstrap.min.css\">\n\n\n<ul class=\"pagination\">\n\t    \n\t\n\n<li >\n\t<a href='?page_no=13280'>Previous<\/a>\n\t<\/li>\n\n\n       \n    \n\n<li><a href='?page_no=1'>1<\/a><\/li>\n\n\n\n<li><a href='?page_no=2'>2<\/a><\/li>\n\n\n\n<li><a>...<\/a><\/li>\n\n\n\n<li><a href='?page_no=13279'>13279<\/a><\/li>\n\n\n\n<li><a href='?page_no=13280'>13280<\/a><\/li>\n\n\n\n<li class='active'><a>13281<\/a><\/li>\n\n\n\n<li><a href='?page_no=13282'>13282<\/a><\/li>\n\n\n\n<li><a href='?page_no=13283'>13283<\/a><\/li>\n\n\n\n<li><a>...<\/a><\/li>\n\n\n\n<li><a href='?page_no=13611'>13611<\/a><\/li>\n\n\n\n<li><a href='?page_no=13612'>13612<\/a><\/li>\n\n    \n\t\n\n<li >\n\t<a href='?page_no=13282'>Next<\/a>\n\t<\/li>\n\n\n    \n\n<li><a href='?page_no=13612'>Last &rsaquo;&rsaquo;<\/a><\/li>\n\n<\/ul>\n\n\n--><br \/>\n<\/body><\/p>\n","protected":false},"excerpt":{"rendered":"<p>Testimonios de amistad y camarader\u00eda (VII): &#13; Kiva Pos-derrumbe &#13; Por Narciso Isa Conde &#13; Cuando se produjo la desintegraci\u00f3n de la URSS y se complet\u00f3 el derrumbe del \u201csocialismo real, abri\u00e9ndose paso una restauraci\u00f3n capitalista altamente traum\u00e1tica, estuve distante y bastante incomunicado de Kiva Maidanik. &#13; Desde 1990, cuando pase de tr\u00e1nsito por Mosc\u00fa, [&hellip;]<\/p>\n","protected":false},"author":3,"featured_media":0,"comment_status":"open","ping_status":"open","sticky":false,"template":"","format":"standard","meta":{"footnotes":""},"categories":[16],"tags":[],"class_list":["post-37527","post","type-post","status-publish","format-standard","hentry","category-opiniones"],"_links":{"self":[{"href":"https:\/\/diariodominicano.com\/index.php?rest_route=\/wp\/v2\/posts\/37527","targetHints":{"allow":["GET"]}}],"collection":[{"href":"https:\/\/diariodominicano.com\/index.php?rest_route=\/wp\/v2\/posts"}],"about":[{"href":"https:\/\/diariodominicano.com\/index.php?rest_route=\/wp\/v2\/types\/post"}],"author":[{"embeddable":true,"href":"https:\/\/diariodominicano.com\/index.php?rest_route=\/wp\/v2\/users\/3"}],"replies":[{"embeddable":true,"href":"https:\/\/diariodominicano.com\/index.php?rest_route=%2Fwp%2Fv2%2Fcomments&post=37527"}],"version-history":[{"count":0,"href":"https:\/\/diariodominicano.com\/index.php?rest_route=\/wp\/v2\/posts\/37527\/revisions"}],"wp:attachment":[{"href":"https:\/\/diariodominicano.com\/index.php?rest_route=%2Fwp%2Fv2%2Fmedia&parent=37527"}],"wp:term":[{"taxonomy":"category","embeddable":true,"href":"https:\/\/diariodominicano.com\/index.php?rest_route=%2Fwp%2Fv2%2Fcategories&post=37527"},{"taxonomy":"post_tag","embeddable":true,"href":"https:\/\/diariodominicano.com\/index.php?rest_route=%2Fwp%2Fv2%2Ftags&post=37527"}],"curies":[{"name":"wp","href":"https:\/\/api.w.org\/{rel}","templated":true}]}}