{"id":37523,"date":"2007-01-19T19:04:33","date_gmt":"2007-01-19T19:04:33","guid":{"rendered":"http:\/\/diariodominicano.ddns.net\/?p=37523"},"modified":"2007-01-19T19:04:33","modified_gmt":"2007-01-19T19:04:33","slug":"las-principales-en-teledebate-134","status":"publish","type":"post","link":"https:\/\/diariodominicano.com\/?p=37523","title":{"rendered":"LAS PRINCIPALES EN TELEDEBATE"},"content":{"rendered":"<p><body><\/p>\n<p><span class=\"titulogrande1\">LAS PRINCIPALES EN TELEDEBATE<\/span><br \/>&#13;<br \/>\n  <br \/>&#13;<br \/>\n    <span class=\"textogrande\">Martes 16,01,07<\/span><\/p>\n<p>&#13;<\/p>\n<p align=\"justify\"><span class=\"titulogrande1\">TRABAJO E&#8230;INGLES.<\/span><span class=\"text1noticias\"> Empresas norteamericanas abren una  interesante posibilidad de trabajo a j\u00f2venes dominicanos para contratarlos como  cajeros y recepcionistas.\u00a0 En el centro  de reclutamiento establecido en el hotel Jaragua se agolpan cientos de  aspirantes a ocupar esas plazas que abren tambi\u00e8n la oportunidad de lograr un  buen dominio del Ingl\u00e8s.<\/span><\/p>\n<p>&#13;<\/p>\n<p align=\"justify\" class=\"text1noticias\"><strong>REAJUSTES SALARIALES Y AMENAZAS DE PARO. <\/strong>El a\u00f1o  comienza con demandas salariales por parte del sector de la construcci\u00f3n y de  reajuste del salario m\u00ednimo, aunque la Central Sindical  Unitaria reclama un alza de un 50 porciento que abarque los sueldos hasta 30  mil pesos.\u00a0 Pero tambi\u00e8n hay amenazas de  huelga. La de los empresarios transportistas para el d\u00eca 30, y la de paros  escalonados para afectar\u00ecan la docencia por parte de la ADP.<\/p>\n<p>&#13;<\/p>\n<p align=\"justify\" class=\"text1noticias\"><strong>DONDE EL GENERAL LAS VEA.<\/strong> La AMET retuvo 300 veh\u00ecculos por  no llevar sus respectivas placas en lugares visibles, tal como dispone la Ley.\u00a0   El director del cuerpo policial, general Fern\u00e1ndez Fadul,  advierte que ser\u00e0n multados los propietarios de todos los veh\u00edculos que no  cumplan con ese requisito.\u00a0 La consigna  es a poner las placas donde el general las vea.<\/p>\n<p>&#13;<\/p>\n<p align=\"justify\" class=\"text1noticias\"><strong>DESPOJO.\u00a0<\/strong> Lo  del robo de metales es incre\u00ecble.\u00a0 Hasta  al centinela que protege la entrada al pante\u00f3n de las Fuerzas Armadas,en el  Cementerio de la M\u00e1ximo   G\u00f2mez, le llevaron el fusil. El despojo de tarjas met\u00e1licas  de identificaci\u00f3n a numerosos monumentos y estatuas ha obligado a Cultura a  sustituirlas por otras de pl\u00e1stico.\u00a0 <\/p>\n<p>&#13;<\/p>\n<p align=\"justify\" class=\"text1noticias\"><strong>CONTRABANDO.<\/strong> Para hoy estaba fijado el sometimiento  de los agentes aduaneros involucrados en los diversos embarques que se  intentaban introducir al pa\u00ecs sin pagar los correspondientes derechos  aduanales.\u00a0 Los supuestos implicados se  han resistido a identificar a los comerciantes para los cuales iban consignados  los furgones ocupados. El frustrado intento de evasi\u00f3n suma varios cientos de  millones de pesos. <\/p>\n<p>&#13;<\/p>\n<p align=\"justify\" class=\"text1noticias\"><strong>SIN PAGAR ALQUILER.\u00a0<\/strong> Las cosas de nuestro pa\u00ecs no est\u00e0n escritas.\u00a0 Ahora resulta que el Obelisco \u201cmacho\u201d se ha convertido  en la residencia permanente de un \u201ccoquero\u201d que hasta tiende su ropa en el  lugar. Ins\u00f3lito que las autoridades no hayan procedido a desalojo del singular  hu\u00e9sped.\u00a0 \u00bfSer\u00e0 que piensan venderlo como  atracci\u00f3n tur\u00edstica?\u00a0 No estar\u00eca nada  mal.<\/p>\n<p>&#13;<\/p>\n<p align=\"justify\" class=\"text1noticias\"><strong>DEBIERA EXPLICARLO.<\/strong>\u00a0  Extra\u00f1a la resistencia del Director del DEPRECO a declarar como testigo  de descargo en el juicio que se le sigue al ex Administrador de la Corporaci\u00f3n Dominicana  de Empresas El\u00e9ctricas Estatales, C\u00e8sar S\u00e1nchez, por presunto fraude de m\u00e0s de 2  mil millones de pesos.\u00a0 A\u00f9n cuando  legalmente no estuviese obligado a ello, la ciudadan\u00eca se merece una  explicaci\u00f3n.<\/p>\n<p>&#13;<\/p>\n<p align=\"justify\" class=\"text1noticias\"><strong>PRD: NO HAY PARA CUANDO ACABAR.<\/strong>\u00a0 Y en el PRD parece que no hay para cuando  acabar.\u00a0 Ahora, casi a un paso del d\u00eca de  la Convenci\u00f3n  para escoger el candidato presidencial, la discusi\u00f3n se centra en torno al  padr\u00f3n electoral cuya auditoria reclama Milagros Ortiz Bosch en tanto es  juzgado innecesario por su contendor Vargas Maldondo.\u00a0 La infatigable ex vicepresidenta ha apelado a  la Junta Central  Electoral en apoyo de su petici\u00f3n.<\/p>\n<p>&#13;<\/p>\n<p align=\"justify\" class=\"text1noticias\"><strong>Y A LOS USUARIOS \u00bfQU\u00c9 LES TOCA?<\/strong> Hay movimiento en el  sector el\u00e9ctrico. Radham\u00e8s Segura informa que la Corporaci\u00f3n renegoci\u00f2  los contratos con el Acuerdo de Madrid, lo que permitir\u00e0 a las distribuidoras  comprar la energ\u00eda a cuatro centavos de d\u00f3lar menos el kilovatio.\u00a0 La rebaja parece sustancial.\u00a0 La cuesti\u00f3n a determinar ahora es hasta qu\u00e8  punto esa reducci\u00f3n beneficiar\u00e0 a los agobiados consumidores.<\/p>\n<p>&#13;<\/p>\n<p align=\"justify\" class=\"text1noticias\"><strong>PLANTA DE CARBON.<\/strong>\u00a0  Otra importante noticia relacionada con el sector energ\u00e9tico es que un  consorcio integrado por la   Seabord, empresa que opera la planta flotante en el r\u00eco  Ozama, y el poderoso grupo Vicini asumir\u00e1n la construcci\u00f3n de la planta a  carb\u00f3n para la cual no pudo lograr financiamiento la Emirates Power a la  cual se hab\u00eca otorgado por licitaci\u00f3n.\u00a0  La planta se levantar\u00e0 en Azua y agregar\u00e0 600 megas al sistema.<\/p>\n<p>&#13;<\/p>\n<p align=\"justify\" class=\"text1noticias\"><strong>UN LATINOAMERICANO INFLUYENTE.\u00a0<\/strong> Omar Minaya ha pasado a ser toda una  celebridad internacional.\u00a0 El criollo que  descubri\u00f2 a Samuel Sosa y otras superestrellas y fue el primer manager general  latino de un equipo de Grandes Ligas al pasar a comandar los Expos de Montreal  en el 2002, ha  sido llevado ahora a la misma posici\u00f3n con los\u00a0  Mets de Nueva York. <br \/>&#13;<br \/>\n  <br \/>&#13;<br \/>\nMinaya ha sido inclu\u00ecdo entre los 100  latinoamericanos m\u00e0s influyentes seg\u00fan la revista People.<\/p>\n<p>&#13;<\/p>\n<h6> 2007-01-19 19:04:33 <\/h6>\n<p><!--\n<link rel=\"stylesheet\" href=\"css\/bootstrap.min.css\">\n\n\n<ul class=\"pagination\">\n\t    \n\t\n\n<li >\n\t<a href='?page_no=13277'>Previous<\/a>\n\t<\/li>\n\n\n       \n    \n\n<li><a href='?page_no=1'>1<\/a><\/li>\n\n\n\n<li><a href='?page_no=2'>2<\/a><\/li>\n\n\n\n<li><a>...<\/a><\/li>\n\n\n\n<li><a href='?page_no=13276'>13276<\/a><\/li>\n\n\n\n<li><a href='?page_no=13277'>13277<\/a><\/li>\n\n\n\n<li class='active'><a>13278<\/a><\/li>\n\n\n\n<li><a href='?page_no=13279'>13279<\/a><\/li>\n\n\n\n<li><a href='?page_no=13280'>13280<\/a><\/li>\n\n\n\n<li><a>...<\/a><\/li>\n\n\n\n<li><a href='?page_no=13611'>13611<\/a><\/li>\n\n\n\n<li><a href='?page_no=13612'>13612<\/a><\/li>\n\n    \n\t\n\n<li >\n\t<a href='?page_no=13279'>Next<\/a>\n\t<\/li>\n\n\n    \n\n<li><a href='?page_no=13612'>Last &rsaquo;&rsaquo;<\/a><\/li>\n\n<\/ul>\n\n\n--><br \/>\n<\/body><\/p>\n","protected":false},"excerpt":{"rendered":"<p>LAS PRINCIPALES EN TELEDEBATE&#13; &#13; Martes 16,01,07 &#13; TRABAJO E&#8230;INGLES. Empresas norteamericanas abren una interesante posibilidad de trabajo a j\u00f2venes dominicanos para contratarlos como cajeros y recepcionistas.\u00a0 En el centro de reclutamiento establecido en el hotel Jaragua se agolpan cientos de aspirantes a ocupar esas plazas que abren tambi\u00e8n la oportunidad de lograr un buen [&hellip;]<\/p>\n","protected":false},"author":3,"featured_media":0,"comment_status":"open","ping_status":"open","sticky":false,"template":"","format":"standard","meta":{"footnotes":""},"categories":[16],"tags":[],"class_list":["post-37523","post","type-post","status-publish","format-standard","hentry","category-opiniones"],"_links":{"self":[{"href":"https:\/\/diariodominicano.com\/index.php?rest_route=\/wp\/v2\/posts\/37523","targetHints":{"allow":["GET"]}}],"collection":[{"href":"https:\/\/diariodominicano.com\/index.php?rest_route=\/wp\/v2\/posts"}],"about":[{"href":"https:\/\/diariodominicano.com\/index.php?rest_route=\/wp\/v2\/types\/post"}],"author":[{"embeddable":true,"href":"https:\/\/diariodominicano.com\/index.php?rest_route=\/wp\/v2\/users\/3"}],"replies":[{"embeddable":true,"href":"https:\/\/diariodominicano.com\/index.php?rest_route=%2Fwp%2Fv2%2Fcomments&post=37523"}],"version-history":[{"count":0,"href":"https:\/\/diariodominicano.com\/index.php?rest_route=\/wp\/v2\/posts\/37523\/revisions"}],"wp:attachment":[{"href":"https:\/\/diariodominicano.com\/index.php?rest_route=%2Fwp%2Fv2%2Fmedia&parent=37523"}],"wp:term":[{"taxonomy":"category","embeddable":true,"href":"https:\/\/diariodominicano.com\/index.php?rest_route=%2Fwp%2Fv2%2Fcategories&post=37523"},{"taxonomy":"post_tag","embeddable":true,"href":"https:\/\/diariodominicano.com\/index.php?rest_route=%2Fwp%2Fv2%2Ftags&post=37523"}],"curies":[{"name":"wp","href":"https:\/\/api.w.org\/{rel}","templated":true}]}}