{"id":37522,"date":"2007-01-19T19:19:23","date_gmt":"2007-01-19T19:19:23","guid":{"rendered":"http:\/\/diariodominicano.ddns.net\/?p=37522"},"modified":"2007-01-19T19:19:23","modified_gmt":"2007-01-19T19:19:23","slug":"los-temas-de-teledebate-31","status":"publish","type":"post","link":"https:\/\/diariodominicano.com\/?p=37522","title":{"rendered":"LOS TEMAS DE TELEDEBATE"},"content":{"rendered":"<p><body><\/p>\n<p class=\"titulogrande1\">LOS TEMAS DE TELEDEBATE<\/p>\n<p>&#13;<\/p>\n<p align=\"justify\"><strong>VIAJES ILEGALES. <\/strong><span class=\"text1noticias\">Ayer nos impact\u00f2 una foto de primera  plana mostrando el momento en que voluntarios conducen el cad\u00e1ver de una mujer  embarazada que se ahog\u00f2 cuando la yola en que un grupo trataba de llegar a  Puerto Rico zozobr\u00f2 y se volc\u00f3. Hay otras dos personas que se dan como  desaparecidas. Por suerte, el auxilio lleg\u00f2 a tiempo y permiti\u00f2 el rescate del  grueso de los n\u00e1ufragos. Durante el pasado a\u00f1o, m\u00e0s de cinco mil personas, la  mayor parte dominicanos y varios cientos de cubanos se jugaron la vida en la  peligrosa traves\u00eda.\u00a0 Apenas el treinta  por ciento lleg\u00f2 a destino.\u00a0 El resto fue  devuelto despu\u00e8s de muchos de ellos pasar grandes vicisitudes. No cuenta el  n\u00f9mero de los que perdieron la vida en el intento, de muchos de los cuales no  hay un registro efectivo. El mar se los trag\u00f2 y con ellos el testimonio de su  tragedia.\u00a0 <br \/>&#13;<br \/>\n  <br \/>&#13;<br \/>\nAhora la Marina reporta que ya no  son solo fr\u00e1giles yolas sobrecargadas, sino que ha aumentado la cantidad de  robos de embarcaciones en la regi\u00f2n Este para conducir grupos al otro lado del  canal de la Mona  en la b\u00fasqueda de hacer realidad el sue\u00f1o de mejor vida.\u00a0 Explotando ese sue\u00f1o hay quienes han  levantado fortunas millonarias en el montaje de un tr\u00e0fico cada vez m\u00e0s  lucrativo que en ocasiones, no se limita al traslado de personas sino tambi\u00e8n  al tr\u00e0fico de drogas.\u00a0 Es otro de los  m\u00f9ltiples problemas sociales que confrontamos debido en buena parte a la  marginalidad y falta de horizontes que agobian a muchos y que obligan a las  autoridades a mantener una alerta vigilante y a los tribunales la encomienda de  sancionar ejemplarmente a quienes se lucran con la esperanza y las vidas  ajenas.<\/span><\/p>\n<p>&#13;<\/p>\n<p align=\"justify\" class=\"text1noticias\">SECTOR ELECTRICO.\u00a0  M\u00e0s que probado que la persistencia al final obtiene resultados. Tal  parece confirmarlo una vez m\u00e0s la tenaz gesti\u00f3n de Radham\u00e8s Segura, cuya  insistencia ha permitido renegociar varios contratos del Acuerdo de Madrid que  seg\u00f9n se afirma reducir\u00e1n en 4 centavos de d\u00f3lares el costo de kilovatio hora  para las distribuidoras.\u00a0\u00a0 Sin dudas es  un logro que aliviar\u00e0 el d\u00e9ficit financiero que arrastran las EDES, mes tr\u00e0s  mes, y que contribuyen a los apagones cuando se interrumpe la cadena de pago de  la energ\u00eda que compran y el acumulo de deudas lleva a las generadoras a  suspender el suministro. La conversi\u00f3n de la Cogentrix a gas  permitir\u00e0 tambi\u00e8n bajar significativamente su costo de generaci\u00f3n. La buena  noticia empareja con otra dando cuenta de que un consorcio local integrado por  la empresa Seaboard, que opera la planta flotante instalada en el Ozama y el  confiable y pujante GrupoVicini tomar\u00e0n a su cargo la construcci\u00f3n de la planta  de carb\u00f3n de Azua, que originalmente hab\u00eca sido otorgada a la compa\u00f1\u00eca \u00e0rabe  Emirates Power, ganadora de la licitaci\u00f3n convocada a ese fin pero que en  definitiva no pudo conseguir el financiamiento para ejecutar la obra. Se tiene  entendido que el consorcio chino al que se le otorg\u00f2 la otra planta licitada  tambi\u00e8n de 600 megas a establecerse en Montecristi tambi\u00e8n iniciar\u00e0 su  construcci\u00f3n en breve.\u00a0 Son repetimos,  noticias alentadoras, que aumentar\u00e0n el caudal energ\u00e9tico del pa\u00ecs y bajar\u00e0n su  costo. La pregunta es&#8230;\u00bfen qu\u00e8 medida se beneficiar\u00e0n los m\u00e0s que sufridos  usuarios obligados a pagar un sistema malo y caro?<br \/>&#13;<br \/>\n  <br \/>&#13;<br \/>\n  <strong>AHORA ES EL PADR\u00d3N.\u00a0<\/strong> En el PRD parece que no tienen para cuando acabar.\u00a0 Ahora es el padr\u00f3n que ser\u00e0 utilizado en las  elecciones convencionales del domingo 28, que do\u00f1a Milagros Ortiz Bosch reclama  sea auditado, tr\u00e0mite que insiste se acord\u00f2 como parte del proceso, lo que su  adversario Miguel Vargas Maldonado rechaza por considerarlo innecesario,  alegando que la presencia de los 500 inspectores de la Junta Central  Electoral que verificar\u00e0n la transparencia del mismo es garant\u00eda  suficiente. La incansable do\u00f1a  Milagros sin embargo se ha dirigido al propio tribunal electoral a fin de que  intervenga en el caso y acoja su petici\u00f3n.\u00a0  A escasos d\u00ecas ya del evento que ha sufrido ya dos aplazamientos, este  nuevo impasse pudiera ser el cl\u00e1sico pelo en el sancocho que represente un  serio obst\u00e1culo para la celebraci\u00f3n del mismo, y sobre todo para que sus  resultados sean aceptados de buen grado por la parte que no resulte  favorecida.\u00a0 Por cierto, que el ex  Presidente Hip\u00f3lito Mej\u00eca, de quien se rumoraba que apoyaba a Vargas Maldonado  por debajo de la mesa desde que \u00e8ste formaliz\u00f2 su aspiraci\u00f2n, ya se tir\u00f2 al  ruedo y declar\u00f2 abiertamente su respaldo a su ex Secretario de Obras P\u00f9blicas  en base a unas encuestas que seg\u00f9n alega lo dan como triunfador.\u00a0 Astutamente el hombre se reserv\u00f2 hasta el  final para apostarle al seguro a quien estima ser\u00e0 el caballo ganador en la  contienda interna del PRD, en la que sin embargo podr\u00e0n votar tambi\u00e8n los no  perrede\u00ecstas.<\/p>\n<p>&#13;<\/p>\n<p align=\"justify\" class=\"text1noticias\"><strong>EL FRAUDE DE LAS ACTAS FALSAS.\u00a0<\/strong> En semanas recientes, el Presidente de la C\u00e0mara Administrativa  de la Junta Central  Electoral plante\u00f2 al pleno la destituci\u00f3n y posible sometimiento a la justicia  de un elevado n\u00f9mero de empleados del propio organismo as\u00ec como funcionarios,  servidores y auxiliares de distintas Oficial\u00ecas del Registro Civil involucrados  en una presunta mafia dedicada a proveer de carnets de identidad y electorales  en base a actas de nacimiento falsas.\u00a0  Ahora el propio magistrado Roberto Rosario amplia la denuncia, revelando  que la mafia en cuesti\u00f3n ha operado a todos los niveles de la instituci\u00f3n entregando  c\u00e8dulas falsas a miles de personas, no solo dominicanos sino tambi\u00e8n  extranjeros indocumentados en su gran mayor\u00eca haitianos que a cambio del  documento entregaban fuertes sumas de dinero.\u00a0  Un factor m\u00e0s alarmante a\u00f9n de esta operaci\u00f3n fraudulenta es el hecho de  que al parecer delincuentes internacionales reclamados por los organismos  policiales de sus respectivos pa\u00ecses y buscados por la INTERPOL, han logrado  arroparse as\u00ec con una nueva identidad que sumado a posibles operaciones  faciales les permiten contar con un refugio seguro en el pa\u00ecs.\u00a0 Se tiene entendido que son numerosas las  personas que han sido apresadas y Rosario advierte que la Junta ser\u00e0 sacudida a todos  los niveles del personal en lo que aparenta ser una red muy numerosa. <br \/>&#13;<br \/>\n  <br \/>&#13;<br \/>\n  <span class=\"text1noticias\"><strong>PAROS DOCENTES.\u00a0\u00a0<\/strong><\/span> El  pasado fue la   Universidad Aut\u00f3noma de Santo Domingo que mantuvo paralizada la docencia por varias semanas, primero  en reclamo de aumentos salariales y luego por un problema interno relacionado  con el seguro de salud de su personal. Y ahora es la nueva directiva de la Asociaci\u00f3n Dominicana  de Profesores que se estrena con el anuncio, m\u00e0s bien amenaza, de que iniciar\u00e0  una serie de paros escalonados si no se accede a sus demandas de aumento  salarial.\u00a0 Es el m\u00e9todo tradicional al  que se apela y que tanto se critica pero que sin embargo se repite una y otra  vez ante la indiferencia en muchos casos de los padres de los alumnos que van a  la escuela p\u00f9blica, que resultan a fin de cuentas las v\u00ecctimas inocentes de  estas presiones y los m\u00e0s perjudicados en el ya de por s\u00ec deficitario sistema  de ense\u00f1anza que arrastramos y nos coloca entre los pa\u00ecses de m\u00e0s bajo nivel  educativo.\u00a0 Paralelamente las m\u00e1ximas  autoridades docentes, Alejandrina Germ\u00e0n y Ligia Amada Melo, el director del  INFOTEP Melanio Paredes y la experimentada ex Secretaria de Educaci\u00f3n,  Jacqueline Malag\u00f2n, reunidas en torno a la mesa de caf\u00e9 del List\u00ecn Diario, informan que desde ma\u00f1ana se debatir\u00e0 la propuesta  para un nuevo Plan Decenal de Educaci\u00f3n.\u00a0  El anterior, si bien por razones diversas no pudo alcanzar las metas  propuestas, represent\u00f2 una mejor\u00eca en el campo docente.\u00a0 Este nuevo plan decenal, aprovechando las  experiencias del anterior, pudiera alcanzar objetivos de mayor significaci\u00f3n.\u00a0 Pero&#8230;\u00bfpodr\u00e0 lograrlo si se mantiene este  permanente clima de zozobra, paros magisteriales y suspensi\u00f3n de la  docencia?\u00a0 Es muy de dudar.\u00a0 Esto aparte de la mayor cantidad de recursos  que requiere y la necesaria despolitizaci\u00f2n de la Educaci\u00f3n.<\/p>\n<p>&#13;<\/p>\n<h6> 2007-01-19 19:19:23 <\/h6>\n<p><!--\n<link rel=\"stylesheet\" href=\"css\/bootstrap.min.css\">\n\n\n<ul class=\"pagination\">\n\t    \n\t\n\n<li >\n\t<a href='?page_no=13276'>Previous<\/a>\n\t<\/li>\n\n\n       \n    \n\n<li><a href='?page_no=1'>1<\/a><\/li>\n\n\n\n<li><a href='?page_no=2'>2<\/a><\/li>\n\n\n\n<li><a>...<\/a><\/li>\n\n\n\n<li><a href='?page_no=13275'>13275<\/a><\/li>\n\n\n\n<li><a href='?page_no=13276'>13276<\/a><\/li>\n\n\n\n<li class='active'><a>13277<\/a><\/li>\n\n\n\n<li><a href='?page_no=13278'>13278<\/a><\/li>\n\n\n\n<li><a href='?page_no=13279'>13279<\/a><\/li>\n\n\n\n<li><a>...<\/a><\/li>\n\n\n\n<li><a href='?page_no=13611'>13611<\/a><\/li>\n\n\n\n<li><a href='?page_no=13612'>13612<\/a><\/li>\n\n    \n\t\n\n<li >\n\t<a href='?page_no=13278'>Next<\/a>\n\t<\/li>\n\n\n    \n\n<li><a href='?page_no=13612'>Last &rsaquo;&rsaquo;<\/a><\/li>\n\n<\/ul>\n\n\n--><br \/>\n<\/body><\/p>\n","protected":false},"excerpt":{"rendered":"<p>LOS TEMAS DE TELEDEBATE &#13; VIAJES ILEGALES. Ayer nos impact\u00f2 una foto de primera plana mostrando el momento en que voluntarios conducen el cad\u00e1ver de una mujer embarazada que se ahog\u00f2 cuando la yola en que un grupo trataba de llegar a Puerto Rico zozobr\u00f2 y se volc\u00f3. Hay otras dos personas que se dan [&hellip;]<\/p>\n","protected":false},"author":3,"featured_media":0,"comment_status":"open","ping_status":"open","sticky":false,"template":"","format":"standard","meta":{"footnotes":""},"categories":[16],"tags":[],"class_list":["post-37522","post","type-post","status-publish","format-standard","hentry","category-opiniones"],"_links":{"self":[{"href":"https:\/\/diariodominicano.com\/index.php?rest_route=\/wp\/v2\/posts\/37522","targetHints":{"allow":["GET"]}}],"collection":[{"href":"https:\/\/diariodominicano.com\/index.php?rest_route=\/wp\/v2\/posts"}],"about":[{"href":"https:\/\/diariodominicano.com\/index.php?rest_route=\/wp\/v2\/types\/post"}],"author":[{"embeddable":true,"href":"https:\/\/diariodominicano.com\/index.php?rest_route=\/wp\/v2\/users\/3"}],"replies":[{"embeddable":true,"href":"https:\/\/diariodominicano.com\/index.php?rest_route=%2Fwp%2Fv2%2Fcomments&post=37522"}],"version-history":[{"count":0,"href":"https:\/\/diariodominicano.com\/index.php?rest_route=\/wp\/v2\/posts\/37522\/revisions"}],"wp:attachment":[{"href":"https:\/\/diariodominicano.com\/index.php?rest_route=%2Fwp%2Fv2%2Fmedia&parent=37522"}],"wp:term":[{"taxonomy":"category","embeddable":true,"href":"https:\/\/diariodominicano.com\/index.php?rest_route=%2Fwp%2Fv2%2Fcategories&post=37522"},{"taxonomy":"post_tag","embeddable":true,"href":"https:\/\/diariodominicano.com\/index.php?rest_route=%2Fwp%2Fv2%2Ftags&post=37522"}],"curies":[{"name":"wp","href":"https:\/\/api.w.org\/{rel}","templated":true}]}}