{"id":37521,"date":"2007-01-19T19:26:03","date_gmt":"2007-01-19T19:26:03","guid":{"rendered":"http:\/\/diariodominicano.ddns.net\/?p=37521"},"modified":"2007-01-19T19:26:03","modified_gmt":"2007-01-19T19:26:03","slug":"el-tiro-rapido-446","status":"publish","type":"post","link":"https:\/\/diariodominicano.com\/?p=37521","title":{"rendered":"EL TIRO RAPIDO"},"content":{"rendered":"<p><body><\/p>\n<p><span class=\"titulogrande1\">EL TIRO RAPIDO<\/span><br \/>&#13;<br \/>\n  <br \/>&#13;<br \/>\n    <strong>de<\/strong><\/p>\n<p>&#13;<\/p>\n<h1 class=\"textogrande\">Mario Rivadulla<\/h1>\n<p>&#13;<\/p>\n<p align=\"justify\" class=\"text1noticias\">El pasado a\u00f1o tuvimos paros docentes en la UASD.\u00a0   Se comprometi\u00f3 el semestre para no pocos estudiantes  de t\u00e8rmino.\u00a0<br \/>&#13;<br \/>\n  <br \/> &#13;<br \/>\nPudo completarse al final,  ara\u00f1ando el calendario y sin dudas, sacrificando calidad de la docencia.<\/p>\n<p>&#13;<\/p>\n<p align=\"justify\" class=\"text1noticias\">Ahora es la nueva directiva de la Asociaci\u00f3n Dominicana  de Profesores que se estrena con la advertencia de que iniciar\u00e0 una jornada de  lucha de paros escalonados en las escuelas, si no se accede a sus demandas de  aumento salarial.<\/p>\n<p>&#13;<\/p>\n<p align=\"justify\" class=\"text1noticias\">Es el m\u00e9todo tradicional al que  se apela y que tantas cr\u00ecticas genera, pero que sin embargo se repite una y  otra vez sin soluciones de continuidad tomando pr\u00e1cticamente como rehenes a los  alumnos de la escuela p\u00f9blica.\u00a0 Los  maestros a fin de cuentas terminan por\u00a0  llegar a acuerdos con el gobierno para satisfacer sus reclamos,  b\u00e1sicamente de mejores salarios, lo que en modo alguno cuestionamos conociendo  que el ejercicio de la docencia en nuestro pa\u00ecs es por lo general muy mal  retribuido.\u00a0 <\/p>\n<p>&#13;<\/p>\n<p align=\"justify\" class=\"text1noticias\">Pero quienes pagan las  consecuencias resultan los estudiantes. Para ellos no hay gane. Son las\u00a0 v\u00ecctimas inocentes y ajenas del conflicto,  que ven as\u00ec disminuida a\u00f9n m\u00e0s la ya de por s\u00ec muy baja calidad de la ense\u00f1anza  que reciben por muy diversos motivos y que coloca nuestro sistema educativo,  tanto p\u00f9blico como privado, entre los pa\u00ecses de m\u00e0s bajo nivel.<\/p>\n<p>&#13;<\/p>\n<p align=\"justify\" class=\"text1noticias\">Y es que al cabo de tantos a\u00f1os  de paros docentes y atraso educativo, no hemos sido lo bastante creativos para  encontrar mecanismos de reclamo y negociaci\u00f3n con maestros y m\u00e8dicos, que no  impliquen necesariamente la suspensi\u00f3n de las clases y de los servicios  hospitalarios, que no hacen m\u00e0s que incrementar nuestro atraso y subdesarrollo.<\/p>\n<p>&#13;<\/p>\n<p align=\"justify\" class=\"text1noticias\">Paralelamente a este anuncio de  la ADP, las  m\u00e1ximas autoridades docentes, Alejandrina Germ\u00e0n y Ligia Amada Melo, el  director del DEPRECO, Melanio Paredes, y la experiencia docente acumulada de la  ex Secretaria de Educaci\u00f3n Jacqueline Malag\u00f2n, reunidas en torno a la mesa de  caf\u00e9 del Listin Diario, informaron el inicio del debate sobre la propuesta de  realizaci\u00f2n de un nuevo Plan Decenal de Educaci\u00f3n.<\/p>\n<p>&#13;<\/p>\n<p align=\"justify\" class=\"text1noticias\">El mismo se plantea como un  posible esfuerzo conjunto en que participar\u00ecan tanto instituciones  empresariales y la propia ADP as\u00ec como otras organizaciones relacionadas con la  ense\u00f1anza y las entidades pol\u00edticas.<\/p>\n<p>&#13;<\/p>\n<p align=\"justify\" class=\"text1noticias\">El anterior Plan Decenal, si  bien se qued\u00f2 bastante por debajo de las metas propuestas por razones diversas,  produjo innegables avances en el campo educativo.\u00a0 Este nuevo Plan Decenal, basado en las  experiencias acumuladas del anterior, debiera llegar m\u00e0s lejos en sus objetivos  a fin de lograr una reducci\u00f3n significativa de la gran brecha docente que  arrastramos.<\/p>\n<p>&#13;<\/p>\n<p align=\"justify\" class=\"text1noticias\">Pero&#8230;\u00bfpodr\u00e0 hacerlo si se  mantiene un clima de zozobra, paros magisteriales y suspensi\u00f3n de la docencia?<\/p>\n<p>&#13;<\/p>\n<p align=\"justify\" class=\"text1noticias\">\u00bfSi no se le otorgan los  recursos necesarios establecidos en la   Ley para una m\u00e0s amplia y eficiente cobertura educativa?<\/p>\n<p>&#13;<\/p>\n<p align=\"justify\" class=\"text1noticias\">\u00bfSi no se capacita y remunera  adecuadamente a los maestros?<\/p>\n<p>&#13;<\/p>\n<p align=\"justify\" class=\"text1noticias\">\u00bfSi no se reformulan los planes  educativos ajust\u00e1ndolos con sentido pr\u00e0ctico a las reales necesidades del pa\u00ecs  y de los propios educandos?<\/p>\n<p>&#13;<\/p>\n<p align=\"justify\" class=\"text1noticias\">\u00bfSi no se marginan el  oportunismo pol\u00ectico y el debate partidario del \u00e0rea de la educaci\u00f3n y si no  convertimos \u00e8sta en fin, en un gran proyecto de naci\u00f2n, indispensable para  sustentar el progreso, combatir la miseria y la marginalidad de tantos y hacer  realidad el sue\u00f1o de la mejor naci\u00f2n que anhelamos?<\/p>\n<p>&#13;<\/p>\n<p align=\"justify\" class=\"text1noticias\">Son inquietudes convertidas en  retos urgentes, que requieren una  respuesta generosa y visionaria que involucre la firme voluntad y el tesonero  esfuerzo de todos los sectores de nuestra sociedad. <\/p>\n<p>&#13;<\/p>\n<h6> 2007-01-19 19:26:03 <\/h6>\n<p><!--\n<link rel=\"stylesheet\" href=\"css\/bootstrap.min.css\">\n\n\n<ul class=\"pagination\">\n\t    \n\t\n\n<li >\n\t<a href='?page_no=13275'>Previous<\/a>\n\t<\/li>\n\n\n       \n    \n\n<li><a href='?page_no=1'>1<\/a><\/li>\n\n\n\n<li><a href='?page_no=2'>2<\/a><\/li>\n\n\n\n<li><a>...<\/a><\/li>\n\n\n\n<li><a href='?page_no=13274'>13274<\/a><\/li>\n\n\n\n<li><a href='?page_no=13275'>13275<\/a><\/li>\n\n\n\n<li class='active'><a>13276<\/a><\/li>\n\n\n\n<li><a href='?page_no=13277'>13277<\/a><\/li>\n\n\n\n<li><a href='?page_no=13278'>13278<\/a><\/li>\n\n\n\n<li><a>...<\/a><\/li>\n\n\n\n<li><a href='?page_no=13611'>13611<\/a><\/li>\n\n\n\n<li><a href='?page_no=13612'>13612<\/a><\/li>\n\n    \n\t\n\n<li >\n\t<a href='?page_no=13277'>Next<\/a>\n\t<\/li>\n\n\n    \n\n<li><a href='?page_no=13612'>Last &rsaquo;&rsaquo;<\/a><\/li>\n\n<\/ul>\n\n\n--><br \/>\n<\/body><\/p>\n","protected":false},"excerpt":{"rendered":"<p>EL TIRO RAPIDO&#13; &#13; de &#13; Mario Rivadulla &#13; El pasado a\u00f1o tuvimos paros docentes en la UASD.\u00a0 Se comprometi\u00f3 el semestre para no pocos estudiantes de t\u00e8rmino.\u00a0&#13; &#13; Pudo completarse al final, ara\u00f1ando el calendario y sin dudas, sacrificando calidad de la docencia. &#13; Ahora es la nueva directiva de la Asociaci\u00f3n Dominicana de [&hellip;]<\/p>\n","protected":false},"author":3,"featured_media":0,"comment_status":"open","ping_status":"open","sticky":false,"template":"","format":"standard","meta":{"footnotes":""},"categories":[16],"tags":[],"class_list":["post-37521","post","type-post","status-publish","format-standard","hentry","category-opiniones"],"_links":{"self":[{"href":"https:\/\/diariodominicano.com\/index.php?rest_route=\/wp\/v2\/posts\/37521","targetHints":{"allow":["GET"]}}],"collection":[{"href":"https:\/\/diariodominicano.com\/index.php?rest_route=\/wp\/v2\/posts"}],"about":[{"href":"https:\/\/diariodominicano.com\/index.php?rest_route=\/wp\/v2\/types\/post"}],"author":[{"embeddable":true,"href":"https:\/\/diariodominicano.com\/index.php?rest_route=\/wp\/v2\/users\/3"}],"replies":[{"embeddable":true,"href":"https:\/\/diariodominicano.com\/index.php?rest_route=%2Fwp%2Fv2%2Fcomments&post=37521"}],"version-history":[{"count":0,"href":"https:\/\/diariodominicano.com\/index.php?rest_route=\/wp\/v2\/posts\/37521\/revisions"}],"wp:attachment":[{"href":"https:\/\/diariodominicano.com\/index.php?rest_route=%2Fwp%2Fv2%2Fmedia&parent=37521"}],"wp:term":[{"taxonomy":"category","embeddable":true,"href":"https:\/\/diariodominicano.com\/index.php?rest_route=%2Fwp%2Fv2%2Fcategories&post=37521"},{"taxonomy":"post_tag","embeddable":true,"href":"https:\/\/diariodominicano.com\/index.php?rest_route=%2Fwp%2Fv2%2Ftags&post=37521"}],"curies":[{"name":"wp","href":"https:\/\/api.w.org\/{rel}","templated":true}]}}