{"id":37519,"date":"2007-01-21T02:38:33","date_gmt":"2007-01-21T02:38:33","guid":{"rendered":"http:\/\/diariodominicano.ddns.net\/?p=37519"},"modified":"2007-01-21T02:38:33","modified_gmt":"2007-01-21T02:38:33","slug":"el-tiempo-se-esta-haciendo-corto-para-cumplir-promesas","status":"publish","type":"post","link":"https:\/\/diariodominicano.com\/?p=37519","title":{"rendered":"El tiempo se est\u00e1 haciendo corto para cumplir promesas"},"content":{"rendered":"<p><body><\/p>\n<p align=\"right\"><strong class=\"titulogrande\"><em>Pa\u00eds adentro<\/em><\/strong><br \/>&#13;<br \/>\n  <br \/>&#13;<br \/>\n    <em class=\"textogrande\">19 de Enero, 2007<\/em><\/p>\n<p>&#13;<\/p>\n<p align=\"right\"><span class=\"ttmediao\"><em>\u201cLas promesas son olvidadas por los pr\u00edncipes,<\/em><br \/>&#13;<br \/>\n  <em>\u00a0nunca por el pueblo\u201d<\/em><\/span><br \/>&#13;<br \/>\n  <br \/>&#13;<br \/>\n    <em class=\"textopq1\">Giuseppe Mazzini <\/em><\/p>\n<p>&#13;<\/p>\n<p>\u00a0<\/p>\n<p>&#13;<\/p>\n<p>\u00a0<\/p>\n<p>&#13;<\/p>\n<p class=\"titulogrande1\"><strong>El tiempo se est\u00e1 haciendo corto para  cumplir promesas<\/strong><\/p>\n<p>&#13;<\/p>\n<p align=\"justify\" class=\"text1noticias\"><em>Releo las  palabras de nuestro Presidente\u2026 esas que pronunci\u00f3 hace dos a\u00f1os, cinco meses y  tres d\u00edas, y restando un a\u00f1o, seis meses y 27 d\u00edas\u2026 <\/em><br \/>&#13;<br \/>\n  <br \/>&#13;<br \/>\n  <em>Un decir  afirma que \u201cel tiempo vuela\u201d. Es cierto, el tiempo vuela, pero los problemas  que padece la   Rep\u00fablica Dominicana parecen tener pies de plomo.<\/em><br \/>&#13;<br \/>\n  <br \/>&#13;<br \/>\n  <em>El 16 de  Agosto del 2004 tom\u00f3 posesi\u00f3n del Gobierno el Partido de la Liberaci\u00f3n Dominicana,  encabezado por Leonel Fern\u00e1ndez. Las promesas, esas que pueden olvidar los  pr\u00edncipes, pero que no olvida el pueblo, fueron muchas.<\/em><br \/>&#13;<br \/>\n  <br \/>&#13;<br \/>\n  <em>Esas promesas  crearon expectativas y las expectativas no cumplidas generalmente significan  frustraci\u00f3n. El \u00e9xito real de los pol\u00edticos se fundamenta en la coherencia.<\/em><br \/>&#13;<br \/>\n  <br \/>&#13;<br \/>\n  <em>Un concepto  sencillo de coherencia es la armon\u00eda entre lo que se dice y lo que se hace.<\/em><br \/>&#13;<br \/>\n  <br \/>&#13;<br \/>\n  <em> Coherencia  tienen las personas de una sola pieza, que act\u00faan de acuerdo a sus principios.<\/em><br \/>&#13;<br \/>\n  <br \/>&#13;<br \/>\n  <em> Coherencia  se desea entre las pol\u00edticas fiscales, econ\u00f3micas y sociales del Gobierno.<\/em><br \/>&#13;<br \/>\n  <br \/>&#13;<br \/>\n  <em> La  coherencia es imprescindible si se quiere mantener la credibilidad. Y a la  inversa: quien desea minar su credibilidad s\u00f3lo debe trillar el camino de la  incoherencia.<\/em><br \/>&#13;<br \/>\n  <br \/>&#13;<br \/>\n<em>Al releer el  discurso pronunciado por el Presidente Fern\u00e1ndez el 16 de Agosto del a\u00f1o 2004,  destaco algunos elementos (son muchos, pero el espacio es corto):<\/em><\/p>\n<p>&#13;<\/p>\n<div align=\"justify\">&#13;<\/p>\n<ul type=\"disc\">&#13;<\/p>\n<li class=\"text1noticias\">Un cuestionamiento a la casi duplicaci\u00f3n de la       deuda externa que pas\u00f3 de US$3,635 millones en el 2000 a US$7,200       millones en el 2004. <br \/>&#13;<br \/>\n      <br \/>&#13;\n    <\/li>\n<p>&#13;<\/p>\n<li class=\"text1noticias\">Nos habl\u00f3 de la       necesidad de \u201crecuperar la confianza\u201d y nos explic\u00f3 que la acci\u00f3n m\u00e1s       importante ser\u00eda iniciar un per\u00edodo de austeridad. \u201c<strong>Esa austeridad significa poner todo el empe\u00f1o para reducir en no       menos de un 20 por ciento el gasto del Estado\u201d.<\/strong> <br \/>&#13;<br \/>\n      <br \/>&#13;\n    <\/li>\n<p>&#13;<\/p>\n<li class=\"text1noticias\">Consciente del       desproporcionado tama\u00f1o del Estado dominicano, especialmente de su n\u00f3mina       p\u00fablica, nos dijo que hab\u00eda muchos cargos p\u00fablicos en exceso, los cuales       ser\u00edan suprimidos y plante\u00f3 creer que las oportunidades de empleo deben       ser iniciadas, fundamentalmente, por el sector privado \u201cque es el gran       creador de la riqueza nacional\u201d.<br \/>&#13;<br \/>\n      <br \/> &#13;<br \/>\n      Nos alent\u00f3 al afirmar que\u00a0 \u201c<strong>hay       que suprimir aquellos cargos de subsecretarios de Estado no contemplados       en la ley org\u00e1nica de la        Secretar\u00eda de Estado correspondiente<\/strong>\u201d. <br \/>&#13;<br \/>\n      <br \/>&#13;\n    <\/li>\n<p>&#13;<\/p>\n<li class=\"text1noticias\"><strong>Concibe al sector privado como \u201clocomotora del       progreso\u201d y al Estado como \u201csimple maquinista\u201d<\/strong> <br \/>&#13;<br \/>\n      <br \/>&#13;\n    <\/li>\n<p>&#13;<\/p>\n<li class=\"text1noticias\">Al hablarnos del       problema el\u00e9ctrico nos se\u00f1al\u00f3 que \u201cel problema consiste, simple y       llanamente, en que no hay fondos suficientes para cubrir los costos de       producci\u00f3n de energ\u00eda\u201d, y esboz\u00f3 un conjunto de razones: 1\u00ba. Se ha       disparado el costo por el incremento en los precios de los combustibles y       por la devaluaci\u00f3n del peso dominicano; 2\u00ba. Casi la mitad de la electricidad       producida se pierde o no se paga; 3\u00ba. Incapacidad del Gobierno para pagar       el subsidio. Y plante\u00f3 algunas medidas, entre las que mencion\u00f3 la       focalizaci\u00f3n del subsidio el\u00e9ctrico, el aumento del \u00edndice de cobros, la       realizaci\u00f3n de una licitaci\u00f3n internacional para adjudicar la       administraci\u00f3n de Edenorte y Edesur a empresas privadas especializadas en       administraci\u00f3n de servicios p\u00fablicos, aprobar el proyecto de ley de       incentivos a las energ\u00edas renovables, entre otras. <br \/>&#13;<br \/>\n      <br \/>&#13;\n    <\/li>\n<p>&#13;<\/p>\n<li class=\"text1noticias\">Nos invit\u00f3 a       trabajar simult\u00e1neamente en culminar \u201clas tareas inconclusas de la era       industrial\u201d y al mismo tiempo \u201ctrabajar en la agenda de la modernidad y el       progreso, la que se corresponde con la sociedad del conocimiento y la era       digital\u201d. <br \/>&#13;\n    <\/li>\n<p>&#13;<\/p>\n<li class=\"text1noticias\">Afirm\u00f3 que la       sociedad ser\u00eda capaz de crear un nuevo modelo de desarrollo econ\u00f3mico       \u201cque, al mismo tiempo que protege el medio ambiente y los recursos       naturales, brinde al sector agropecuario, a la industria nacional, a las       zonas francas, a las medianas, peque\u00f1as y microempresas y al sector       tur\u00edstico, mayores niveles de productividad y de competitividad, generando       mayor riqueza para el bienestar y la felicidad del pueblo dominicano\u201d.<\/li>\n<p>&#13;\n  <\/ul>\n<p>&#13;\n<\/p><\/div>\n<p>&#13;<\/p>\n<p align=\"justify\">\u00a0<\/p>\n<p>&#13;<\/p>\n<p align=\"justify\" class=\"text1noticias\">Ante  estas promesas, que no olvidamos; ante estas expectativas, que puede que llenen  a muchos de frustraci\u00f3n, nos preguntamos:<\/p>\n<p>&#13;<\/p>\n<p align=\"justify\" class=\"text1noticias\">\u00fc Ahora<strong> \u00bfen cu\u00e1nto se encuentra la deuda p\u00fablica?  \u00bfQu\u00e9 lo justifica?<\/strong><br \/>&#13;<br \/>\n  <br \/>&#13;<br \/>\n\u00fc El  Gobierno, en estos casi 2.5 a\u00f1os de ejercicio<strong> \u00bfHa cumplido con su meta de reducir en un 20% el gasto del Estado?<\/strong><br \/>&#13;<br \/>\n<br \/>&#13;<br \/>\n\u00fc\u00a0<strong>\u00bfHa adecuado los nombramientos de subsecretarios de  Estado a lo que contempla la ley org\u00e1nica de la Secretar\u00eda de Estado  correspondiente?<\/strong> <br \/>&#13;<br \/>\n<br \/>&#13;<br \/>\n\u00fc El sector  privado, \u201clocomotora del progreso\u201d,<strong> \u00bfHa  contado con las condiciones suficientes y ha sido escuchado por el \u201csimple  maquinista\u201d en su b\u00fasqueda de la competitividad?<\/strong><br \/>&#13;<br \/>\n<br \/>&#13;<br \/>\n\u00fc Ante sus  planteamientos en el tema de la energ\u00eda el\u00e9ctrica, vemos que hoy el petr\u00f3leo ha  bajado en los mercados internacionales, la pol\u00edtica econ\u00f3mico-financiera  aplicada por el Gobierno ha logrado reducir y estabilizar la tasa de cambio (es  el logro que exhibe con mayor complacencia)\u2026 pero el precio de la energ\u00eda  el\u00e9ctrica sigue increment\u00e1ndose; el \u00edndice de cobro sigue deteriorado y el  subsidio no ha sido focalizado, implicando un aporte de cerca de US$600  millones en el 2006 (cerca de 20 mil millones de pesos); funcionarios dentro  del propio Gobierno y especialmente vinculados al sector, propugnan por  profundizar la estatizaci\u00f3n del sistema, terminando as\u00ed el proceso que inici\u00f3  el Presidente Mej\u00eda, y dos de las distribuidoras se han tornado m\u00e1s  ineficientes (en manos del Gobierno)\u2026.<strong> \u00bfQu\u00e9 ha pasado que sentimos que no hay una luz al final de este oscuro t\u00fanel  del sistema el\u00e9ctrico nacional?<\/strong><br \/>&#13;<br \/>\n<br \/>&#13;<br \/>\n\u00fc <strong>\u00bfCuenta la industria con un marco regulatorio que le  facilite ser un sector exportador?<\/strong> <br \/>&#13;<br \/>\n<br \/>&#13;<br \/>\n\u00fc Nuestros  recursos naturales y el medio ambiente<strong>\u2026  \u00bfEs realmente prioritaria su preservaci\u00f3n y cuidado? \u00bfNo avanza el desierto  haitiano sobre la porci\u00f3n de isla que ocupamos? \u00bfSon respetuosos de la  normativa y las leyes determinados proyectos tur\u00edsticos, agropecuarios e  industriales autorizados o permitidos por el Gobierno dominicano, incluso  incentivados por funcionarios de determinadas \u00e1reas?<\/strong><\/p>\n<p>&#13;<\/p>\n<p align=\"justify\" class=\"text1noticias\">Cabe  la pregunta\u2026 \u00bf<strong>Tiene el Gobierno la  confianza a la que aspiraba ayer, el 16 de agosto del 2004? <\/strong>Naci\u00f3 en medio  de un gran apoyo popular, no s\u00f3lo por el rechazo a la gesti\u00f3n anterior, sino  tambi\u00e9n porque le cre\u00edamos capaz de enderezar muchos entuertos\u2026. <strong>Hoy \u00bfConserva ese favor popular, de la  sociedad? \u00bfCu\u00e1nto del favor que conserva es por ausencia de opciones<\/strong>?<\/p>\n<p>&#13;<\/p>\n<p align=\"justify\" class=\"text1noticias\">Finalizamos  citando un parte de ese memorable discurso: <em>\u201cHasta  ahora, el pueblo dominicano ha sido paciente. Ha tenido una conducta ciudadana  ejemplar. Pero no se debe abusar de \u00e9l. No desafiemos la capacidad de  tolerancia del pueblo dominicano\u201d.<\/em><\/p>\n<p>&#13;<\/p>\n<p align=\"justify\" class=\"text1noticias\"><span class=\"textogrande\">Milton Tejada C.<\/span><br \/>&#13;<br \/>\n  <br \/>&#13;<br \/>\n  <a href=\"mailto:tejadamilton@yahoo.com\">tejadamilton@yahoo.com<\/a><\/p>\n<p>&#13;<\/p>\n<h6> 2007-01-21 02:38:33 <\/h6>\n<p><!--\n<link rel=\"stylesheet\" href=\"css\/bootstrap.min.css\">\n\n\n<ul class=\"pagination\">\n\t    \n\t\n\n<li >\n\t<a href='?page_no=13273'>Previous<\/a>\n\t<\/li>\n\n\n       \n    \n\n<li><a href='?page_no=1'>1<\/a><\/li>\n\n\n\n<li><a href='?page_no=2'>2<\/a><\/li>\n\n\n\n<li><a>...<\/a><\/li>\n\n\n\n<li><a href='?page_no=13272'>13272<\/a><\/li>\n\n\n\n<li><a href='?page_no=13273'>13273<\/a><\/li>\n\n\n\n<li class='active'><a>13274<\/a><\/li>\n\n\n\n<li><a href='?page_no=13275'>13275<\/a><\/li>\n\n\n\n<li><a href='?page_no=13276'>13276<\/a><\/li>\n\n\n\n<li><a>...<\/a><\/li>\n\n\n\n<li><a href='?page_no=13611'>13611<\/a><\/li>\n\n\n\n<li><a href='?page_no=13612'>13612<\/a><\/li>\n\n    \n\t\n\n<li >\n\t<a href='?page_no=13275'>Next<\/a>\n\t<\/li>\n\n\n    \n\n<li><a href='?page_no=13612'>Last &rsaquo;&rsaquo;<\/a><\/li>\n\n<\/ul>\n\n\n--><br \/>\n<\/body><\/p>\n","protected":false},"excerpt":{"rendered":"<p>Pa\u00eds adentro&#13; &#13; 19 de Enero, 2007 &#13; \u201cLas promesas son olvidadas por los pr\u00edncipes,&#13; \u00a0nunca por el pueblo\u201d&#13; &#13; Giuseppe Mazzini &#13; \u00a0 &#13; \u00a0 &#13; El tiempo se est\u00e1 haciendo corto para cumplir promesas &#13; Releo las palabras de nuestro Presidente\u2026 esas que pronunci\u00f3 hace dos a\u00f1os, cinco meses y tres d\u00edas, y [&hellip;]<\/p>\n","protected":false},"author":3,"featured_media":0,"comment_status":"open","ping_status":"open","sticky":false,"template":"","format":"standard","meta":{"footnotes":""},"categories":[16],"tags":[],"class_list":["post-37519","post","type-post","status-publish","format-standard","hentry","category-opiniones"],"_links":{"self":[{"href":"https:\/\/diariodominicano.com\/index.php?rest_route=\/wp\/v2\/posts\/37519","targetHints":{"allow":["GET"]}}],"collection":[{"href":"https:\/\/diariodominicano.com\/index.php?rest_route=\/wp\/v2\/posts"}],"about":[{"href":"https:\/\/diariodominicano.com\/index.php?rest_route=\/wp\/v2\/types\/post"}],"author":[{"embeddable":true,"href":"https:\/\/diariodominicano.com\/index.php?rest_route=\/wp\/v2\/users\/3"}],"replies":[{"embeddable":true,"href":"https:\/\/diariodominicano.com\/index.php?rest_route=%2Fwp%2Fv2%2Fcomments&post=37519"}],"version-history":[{"count":0,"href":"https:\/\/diariodominicano.com\/index.php?rest_route=\/wp\/v2\/posts\/37519\/revisions"}],"wp:attachment":[{"href":"https:\/\/diariodominicano.com\/index.php?rest_route=%2Fwp%2Fv2%2Fmedia&parent=37519"}],"wp:term":[{"taxonomy":"category","embeddable":true,"href":"https:\/\/diariodominicano.com\/index.php?rest_route=%2Fwp%2Fv2%2Fcategories&post=37519"},{"taxonomy":"post_tag","embeddable":true,"href":"https:\/\/diariodominicano.com\/index.php?rest_route=%2Fwp%2Fv2%2Ftags&post=37519"}],"curies":[{"name":"wp","href":"https:\/\/api.w.org\/{rel}","templated":true}]}}