{"id":37518,"date":"2007-01-21T02:43:04","date_gmt":"2007-01-21T02:43:04","guid":{"rendered":"http:\/\/diariodominicano.ddns.net\/?p=37518"},"modified":"2007-01-21T02:43:04","modified_gmt":"2007-01-21T02:43:04","slug":"los-temas-de-teledebate-30","status":"publish","type":"post","link":"https:\/\/diariodominicano.com\/?p=37518","title":{"rendered":"LOS TEMAS DE TELEDEBATE"},"content":{"rendered":"<p><body><\/p>\n<p class=\"titulogrande1\">LOS TEMAS DE TELEDEBATE<\/p>\n<p>&#13;<\/p>\n<p align=\"justify\"><strong>PRD: NUEVO CONFLICTO.<\/strong>\u00a0  <span class=\"text1noticias\">Los problemas a lo interno del PRD parece que no tienen para cuando  acabar.\u00a0 No bien se logra bajar la  tensi\u00f3n en un escenario, como por arte de magia surge del subsuelo una  situaci\u00f2n de conflicto.\u00a0 As\u00ec, en tanto  do\u00f1a Milagros Ortiz Bosch y su equipo de campa\u00f1a deben estar d\u00e1ndole vueltas en  la cabeza a la negativa de la Comisi\u00f2n Organizadora de la Convenci\u00f3n de auditar  el padr\u00f3n, como reclam\u00f2 la combativa ex Vicepresidenta, emergen graves  diferencias en torno a la   Secretar\u00eca General de la Liga Municipal  Dominicana.\u00a0 Cuando despu\u00e8s de la p\u00f9blica  renuncia de Alfredo Pacheco a esa posici\u00f2n se pensaba que el camino quedaba  allanado para que Amable Aristy, pertinaz reeleccionista al frente del  organismo, pudiera agotar un nuevo per\u00ecodo, del fondo del saco sale una cacata  de nombre Julio Mar\u00ec\u00f1ez.\u00a0<br \/>&#13;<br \/>\n  <br \/> &#13;<br \/>\nPerrede\u00ecsta de  pura cepa y vieja militancia, Mar\u00ec\u00f1ez reclama el derecho a ser postulado para  la posici\u00f3n argumentando que la misma le corresponde al PRD y cuestionando fuertemente  las actuaciones de Ram\u00f2n Albuquerque y Orlando Jorge Mora.\u00a0\u00a0 El amago de rebeld\u00eda sin embargo, parece que  no tiene futuro por cuanto en la alta dirigencia del partido blanco est\u00e0  jugando a incorporar el apoyo del Partido Reformista a su candidatura  presidencial en el 2008.\u00a0 Y para ello  necesitan cumplir el compromiso que aparentemente se hizo cuando se pact\u00f2 la Alianza Rosada de  reservarle la posici\u00f2n a los reformistas. M\u00e0s propiamente a Amable Aristy a  quien le fascina el carguito que cuenta con un bien nutrido presupuesto.<\/span><\/p>\n<p>&#13;<\/p>\n<p align=\"justify\" class=\"text1noticias\"><strong>M\u00c9TALOX.\u00a0<\/strong> La empresa  fabricante de bater\u00edas para veh\u00ecculos M\u00c9TALOX asumir\u00e0 la responsabilidad y el  costo de retirar el material contaminado que dej\u00f2 en el poblado Para\u00edso de Dios  en Haina, seg\u00f9n ha informado el encargado de Calidad Ambiental de la Secretar\u00eca de Estado de  Medio Ambiente y Recursos Naturales.\u00a0  Seg\u00f9n se public\u00f2 recientemente, esa comunidad figura entre las 3  primeras de mayor grado de contaminaci\u00f3n por plomo en el mundo entero.\u00a0 Como resultado de ello, los pobladores de  Para\u00edso de Dios han venido sufriendo serios quebrantos de salud debido al  envenenamiento ocasionado por dichos desperdicios. En el caso de menores de  edad, tenemos entendido que han retrasado significativamente su desarrollo y en  algunos casos dejado secuelas permanentes en su organismo.\u00a0 Que la empresa admita su culpa y cargue con  los gastos de traslado es sin embargo solo un primer paso. En otras latitudes  tendr\u00eda que asumir tambi\u00e8n otros costos como son los tratamiento de salud  requeridos por las personas que se compruebe hayan sido afectadas por el  material y la correspondiente indemnizaci\u00f3n.\u00a0  Pero aqu\u00ec&#8230;bueno si la compa\u00f1\u00eca cumple con el compromiso de retirar el  material contaminador podemos sentirnos m\u00e0s que satisfechos.\u00a0 Ojal\u00e0 dentro de un tiempo, no nos sorprenda  la noticia de que no lo ha hecho.<\/p>\n<p>&#13;<\/p>\n<p align=\"justify\" class=\"text1noticias\"><strong>TREMENDO CONTRATO.\u00a0<\/strong> Diario Libre que pr\u00e0ctica no pasa un d\u00eca sin que no ofrezca el cl\u00e1sico  palo period\u00edstico con sus interesantes reportajes de investigaci\u00f2n, pone al  descubierto en su edici\u00f2n de hoy el singular manejo del ayuntamiento de Boca  Chica, donde la S\u00ecndico  niega que su esposo desempe\u00f1e ninguna funcion en el Ayuntamiento y afirma  categ\u00f3rica que en su casa la que manda es ella.\u00a0  Ocurre que sin licitaci\u00f3n ni nada que se le parezca, se le ha otorgado  un contrato millonario en pesos y con una adici\u00f2n en d\u00f3lares todos los meses a  una empresa representada por un hijo del dirigente reformista Jos\u00e8 Osvaldo  Leger.\u00a0 Pero aparentemente la Sindico tiene el proyecto  de reelegirse al menos por cinco per\u00ecodos ya que extendi\u00f3 el contrato por nada  menos que veinte a\u00f1os, o sea, hasta el 2006. Esto dicho de paso, con el aval de  la sala capitular. Dos datos interesantes de la compa\u00f1\u00eca beneficiaria son que a  \u00e8sta se le otorg\u00f2 el contrato 17 d\u00ecas antes de ser constituida legalmente y que  su domicilio social no aparece.\u00a0 Como si  fuese poco, la informaci\u00f2n revela que de los entre 8.3 y 8.8 millones de pesos  que recibe mensualmente, el ayuntamiento gasta en combustible la tonter\u00eda de  1.3 millones, casi el doble que en los seis primeros meses del pasado a\u00f1o, y  que un solo veh\u00edculo tiene de asignaci\u00f2n hasta 30 mil pesos diarios para  combustible.\u00a0 Al conocer la noticia  alguien coment\u00f2 \u201cNi que fuera el carro de Batman\u201d.<\/p>\n<p>&#13;<\/p>\n<p align=\"justify\" class=\"text1noticias\"><strong>LA   ENFERMEDAD DE FIDEL CASTRO.<\/strong>\u00a0  El estado de salud de Fidel Castro sigue siendo noticia de frecuente  aparici\u00f3n en los medios de comunicaci\u00f3n.\u00a0  A ello contribuye en gran medida el misterio que rodea la condici\u00f3n del  que posiblemente resulte el personaje m\u00e0s controversial del pasado siglo,  admirado por unos y odiado por otros.\u00a0 El  propio Castro declar\u00f2 como \u201csecreto de Estado\u201d su condici\u00f3n de salud, despu\u00e8s  de anunciar que ser\u00eca sometido a una delicada intervenci\u00f3n quir\u00fargica que  requerir\u00eca un prolongado proceso de recuperaci\u00f3n.\u00a0 El proceso ya va para siete meses o m\u00e0s, sin  que se disponga de un parte confiable al respecto, en especial de las propias  autoridades cubanas. Todos son rumores y conjeturas. El mismo informe rendido  por el especialista espa\u00f1ol Garc\u00eca Sabrido luci\u00f2 m\u00e0s un comunicado pol\u00edtico  destinado a tranquilizar a sus seguidores que un parte m\u00e8dico.\u00a0 Ahora el peri\u00f3dico madrile\u00f1o El Pa\u00ecs en dos  reportajes consecutivos, asegurando que sus datos son de fuente fidedigna, da  toda una serie de detalles sobre la dolencia y complicaciones posteriores  sufridas por Castro que le impidieron hacer aparici\u00f3n p\u00f9blica el 2 de  Diciembre, aniversario del desembarco del Gramma, para cuya fecha se habia  transferido la frustrada celebraci\u00f3n de su cumplea\u00f1os.\u00a0 Quiz\u00e0s la m\u00e0s transparente noticia que se  haya brindado sobre la situaci\u00f2n de Castro, la ofreci\u00f3 el nuevo embajador de  Cuba en el pa\u00ecs cuando en una reciente entrevista dando a entender bastente por  lo claro que por raz\u00f3n de su salud y su edad no podr\u00eda volver a desempe\u00f1ar las  tareas del Estado, cuyas riendas coloc\u00f2 en manos de una tr\u00ecada encabezada por  su hermano Ra\u00f9l pero completada por dos dirigentes de su entera confianza. <\/p>\n<p>&#13;<\/p>\n<h6> 2007-01-21 02:43:04 <\/h6>\n<p><!--\n<link rel=\"stylesheet\" href=\"css\/bootstrap.min.css\">\n\n\n<ul class=\"pagination\">\n\t    \n\t\n\n<li >\n\t<a href='?page_no=13272'>Previous<\/a>\n\t<\/li>\n\n\n       \n    \n\n<li><a href='?page_no=1'>1<\/a><\/li>\n\n\n\n<li><a href='?page_no=2'>2<\/a><\/li>\n\n\n\n<li><a>...<\/a><\/li>\n\n\n\n<li><a href='?page_no=13271'>13271<\/a><\/li>\n\n\n\n<li><a href='?page_no=13272'>13272<\/a><\/li>\n\n\n\n<li class='active'><a>13273<\/a><\/li>\n\n\n\n<li><a href='?page_no=13274'>13274<\/a><\/li>\n\n\n\n<li><a href='?page_no=13275'>13275<\/a><\/li>\n\n\n\n<li><a>...<\/a><\/li>\n\n\n\n<li><a href='?page_no=13611'>13611<\/a><\/li>\n\n\n\n<li><a href='?page_no=13612'>13612<\/a><\/li>\n\n    \n\t\n\n<li >\n\t<a href='?page_no=13274'>Next<\/a>\n\t<\/li>\n\n\n    \n\n<li><a href='?page_no=13612'>Last &rsaquo;&rsaquo;<\/a><\/li>\n\n<\/ul>\n\n\n--><br \/>\n<\/body><\/p>\n","protected":false},"excerpt":{"rendered":"<p>LOS TEMAS DE TELEDEBATE &#13; PRD: NUEVO CONFLICTO.\u00a0 Los problemas a lo interno del PRD parece que no tienen para cuando acabar.\u00a0 No bien se logra bajar la tensi\u00f3n en un escenario, como por arte de magia surge del subsuelo una situaci\u00f2n de conflicto.\u00a0 As\u00ec, en tanto do\u00f1a Milagros Ortiz Bosch y su equipo de [&hellip;]<\/p>\n","protected":false},"author":3,"featured_media":0,"comment_status":"open","ping_status":"open","sticky":false,"template":"","format":"standard","meta":{"footnotes":""},"categories":[16],"tags":[],"class_list":["post-37518","post","type-post","status-publish","format-standard","hentry","category-opiniones"],"_links":{"self":[{"href":"https:\/\/diariodominicano.com\/index.php?rest_route=\/wp\/v2\/posts\/37518","targetHints":{"allow":["GET"]}}],"collection":[{"href":"https:\/\/diariodominicano.com\/index.php?rest_route=\/wp\/v2\/posts"}],"about":[{"href":"https:\/\/diariodominicano.com\/index.php?rest_route=\/wp\/v2\/types\/post"}],"author":[{"embeddable":true,"href":"https:\/\/diariodominicano.com\/index.php?rest_route=\/wp\/v2\/users\/3"}],"replies":[{"embeddable":true,"href":"https:\/\/diariodominicano.com\/index.php?rest_route=%2Fwp%2Fv2%2Fcomments&post=37518"}],"version-history":[{"count":0,"href":"https:\/\/diariodominicano.com\/index.php?rest_route=\/wp\/v2\/posts\/37518\/revisions"}],"wp:attachment":[{"href":"https:\/\/diariodominicano.com\/index.php?rest_route=%2Fwp%2Fv2%2Fmedia&parent=37518"}],"wp:term":[{"taxonomy":"category","embeddable":true,"href":"https:\/\/diariodominicano.com\/index.php?rest_route=%2Fwp%2Fv2%2Fcategories&post=37518"},{"taxonomy":"post_tag","embeddable":true,"href":"https:\/\/diariodominicano.com\/index.php?rest_route=%2Fwp%2Fv2%2Ftags&post=37518"}],"curies":[{"name":"wp","href":"https:\/\/api.w.org\/{rel}","templated":true}]}}