{"id":375117,"date":"2022-08-10T23:52:14","date_gmt":"2022-08-11T03:52:14","guid":{"rendered":"http:\/\/diariodominicano.com\/?p=375117"},"modified":"2022-08-11T00:02:22","modified_gmt":"2022-08-11T04:02:22","slug":"mataron-a-oscar-santana","status":"publish","type":"post","link":"https:\/\/diariodominicano.com\/?p=375117","title":{"rendered":"Mataron a Oscar Santana"},"content":{"rendered":"\n<p>Por HTN<\/p>\n\n\n\n<p>Diariodominicano.com<\/p>\n\n\n\n<p><\/p>\n\n\n\n<p>&nbsp; SANTO DOMINGO,&nbsp; el 11 de agosto de 1965, durante la Guerra de Abril, fue muerto el luchador constitucionalista Oscar Santana.<\/p>\n\n\n\n<p>&nbsp;&nbsp;&nbsp; Oscar Santana se hab\u00eda destacado por su entrega a la defensa de la constitucionalidad.<\/p>\n\n\n\n<p>&nbsp;&nbsp; De acuerdo con una versi\u00f3n de compa\u00f1eros de Oscar Santana, \u00e9l fue herido de muerte el 11 de agosto de 1965,&nbsp; por el joven Luis Trabou, quien se dispon\u00eda a sustraer unas gallinas de un patio de la zona constitucionalista.<\/p>\n\n\n\n<p>De acuerdo con la versi\u00f3n, cuando Oscar Santana lo descubri\u00f3 de inmediato le dispar\u00f3.<\/p>\n\n\n\n<p>&nbsp;&nbsp;&nbsp; Trabou fue fusilado por una disposici\u00f3n que aprob\u00f3 el l\u00edder constitucionalista, coronel Francisco Alberto Caama\u00f1o De\u00f1o.<\/p>\n\n\n\n<p><\/p>\n","protected":false},"excerpt":{"rendered":"<p>Por HTN Diariodominicano.com &nbsp; SANTO DOMINGO,&nbsp; el 11 de agosto de 1965, durante la Guerra de Abril, fue muerto el luchador constitucionalista Oscar Santana. &nbsp;&nbsp;&nbsp; Oscar Santana se hab\u00eda destacado por su entrega a la defensa de la constitucionalidad. &nbsp;&nbsp; De acuerdo con una versi\u00f3n de compa\u00f1eros de Oscar Santana, \u00e9l fue herido de muerte [&hellip;]<\/p>\n","protected":false},"author":28,"featured_media":375125,"comment_status":"closed","ping_status":"","sticky":true,"template":"","format":"standard","meta":{"footnotes":""},"categories":[26,27],"tags":[],"class_list":["post-375117","post","type-post","status-publish","format-standard","has-post-thumbnail","hentry","category-efemerides","category-portada"],"_links":{"self":[{"href":"https:\/\/diariodominicano.com\/index.php?rest_route=\/wp\/v2\/posts\/375117","targetHints":{"allow":["GET"]}}],"collection":[{"href":"https:\/\/diariodominicano.com\/index.php?rest_route=\/wp\/v2\/posts"}],"about":[{"href":"https:\/\/diariodominicano.com\/index.php?rest_route=\/wp\/v2\/types\/post"}],"author":[{"embeddable":true,"href":"https:\/\/diariodominicano.com\/index.php?rest_route=\/wp\/v2\/users\/28"}],"replies":[{"embeddable":true,"href":"https:\/\/diariodominicano.com\/index.php?rest_route=%2Fwp%2Fv2%2Fcomments&post=375117"}],"version-history":[{"count":1,"href":"https:\/\/diariodominicano.com\/index.php?rest_route=\/wp\/v2\/posts\/375117\/revisions"}],"predecessor-version":[{"id":375118,"href":"https:\/\/diariodominicano.com\/index.php?rest_route=\/wp\/v2\/posts\/375117\/revisions\/375118"}],"wp:featuredmedia":[{"embeddable":true,"href":"https:\/\/diariodominicano.com\/index.php?rest_route=\/wp\/v2\/media\/375125"}],"wp:attachment":[{"href":"https:\/\/diariodominicano.com\/index.php?rest_route=%2Fwp%2Fv2%2Fmedia&parent=375117"}],"wp:term":[{"taxonomy":"category","embeddable":true,"href":"https:\/\/diariodominicano.com\/index.php?rest_route=%2Fwp%2Fv2%2Fcategories&post=375117"},{"taxonomy":"post_tag","embeddable":true,"href":"https:\/\/diariodominicano.com\/index.php?rest_route=%2Fwp%2Fv2%2Ftags&post=375117"}],"curies":[{"name":"wp","href":"https:\/\/api.w.org\/{rel}","templated":true}]}}