{"id":37509,"date":"2007-01-24T19:56:30","date_gmt":"2007-01-24T19:56:30","guid":{"rendered":"http:\/\/diariodominicano.ddns.net\/?p=37509"},"modified":"2007-01-24T19:56:30","modified_gmt":"2007-01-24T19:56:30","slug":"entrevistado-en-teledebate-4","status":"publish","type":"post","link":"https:\/\/diariodominicano.com\/?p=37509","title":{"rendered":"ENTREVISTADO EN TELEDEBATE"},"content":{"rendered":"<p><body><\/p>\n<p align=\"center\"><span class=\"titulogrande1\">ENTREVISTADO EN TELEDEBATE<\/span><br \/>&#13;<br \/>\n  <br \/>&#13;<br \/>\n    <span class=\"textogrande\">Erick Rivero<\/span><br \/>&#13;<br \/>\n  <br \/>&#13;<br \/>\n  <strong>Presidente del Patronato Nacional  de Ganaderos<\/strong><\/p>\n<p>&#13;<\/p>\n<p align=\"justify\" class=\"text1noticias\">\u201cLa pr\u00f3xima Feria  Agropecuaria se celebrar\u00e0 del 17 al 23 de Febrero. Ser\u00e0 la n\u00f9mero 52 y\u00a0 por vez primera tendr\u00e0 un car\u00e1cter  internacional, teniendo como pais invitado a Taiw\u00e0n.\u00a0 Es una forma de retribuir el apoyo que de  siempre ha recibido nuestro sector de los taiwaneses. En este sentido tenemos  que destacar el excelente apoyo que nos est\u00e0 brindando el embajador de Taiw\u00e0n  en el pa\u00ecs, se\u00f1or Chen, quien a\u00f1os atr\u00e0s fue Consejero Agr\u00eccola de la propia  embajada\u201d<\/p>\n<p>&#13;<\/p>\n<p align=\"justify\" class=\"text1noticias\">\u201cEl objetivo de las ferias agropecuarias es acercar el  sector urbano al sector rural.\u00a0 Fuera de  las principales ciudades, el resto de nuestro pais depende de la agropecuaria.  Somos el que emplea m\u00e0s cantidad de trabajadores. Tan s\u00f2lo el sector lechero  cuenta con 58 mil productores y de \u00e8l dependen unas 300 mil personas. El pasado  a\u00f1o, de acuerdo al Banco Central, el aporte del sector agropecuario a la  econom\u00eca fue de un 17 porciento\u201d.<\/p>\n<p>&#13;<\/p>\n<p align=\"justify\" class=\"text1noticias\">\u201cQueremos agradecer al gobierno haber exonerado del ITBIS  los abonos, agroqu\u00edmicos y maquinarias para el agro.\u00a0 <br \/>&#13;<br \/>\n  <br \/>&#13;<br \/>\nQuisi\u00e9ramos tambi\u00e8n que extendiese esa medida  a los derivados del ma\u00ecz, que ha subido enormemente de precio en el mercado  internacional.\u00a0 Tambi\u00e8n enviarle un  mensaje para que se proceda a institucioalizar el sector agropecuario. Para  ello contamos con la promesa y el respaldo del Secretario de Agricultura.\u00a0 Este est\u00e0 haciendo un gran trabajo al igual  que hay que destacar la mayor cantidad de recursos de financiamiento que estamos  recibiendo a trav\u00e8s del Banco Agr\u00eccola\u201d.<\/p>\n<p>&#13;<\/p>\n<p align=\"justify\" class=\"text1noticias\">\u201cLa ganader\u00eca criolla se ha ido tecnificando cada vez  m\u00e0s.\u00a0 Estamos dando todos los pasos  necesarios para competir dentro del marco del Tratado de Libre Comercio frente  a los productores norteamericanos que cuentan con subsidios multimillonarios y  otras facilidades de que aqu\u00ec carecemos.\u00a0  Pero estamos en disposici\u00f2n de hacer frente al reto\u201d.<\/p>\n<p>&#13;<\/p>\n<p align=\"justify\" class=\"text1noticias\">\u201cEl acceso a la Feria Agropecuaria ser\u00e0 gratuito. Adem\u00e1s  de las consabidas exposiciones de animales y competencias, habr\u00e0s excelentes  presentaciones art\u00ecsticas, incluyendo grupos folkl\u00f2ricos taiwaneses\u201d.\u00a0 <\/p>\n<p>&#13;<\/p>\n<h6> 2007-01-24 19:56:30 <\/h6>\n<p><!--\n<link rel=\"stylesheet\" href=\"css\/bootstrap.min.css\">\n\n\n<ul class=\"pagination\">\n\t    \n\t\n\n<li >\n\t<a href='?page_no=13264'>Previous<\/a>\n\t<\/li>\n\n\n       \n    \n\n<li><a href='?page_no=1'>1<\/a><\/li>\n\n\n\n<li><a href='?page_no=2'>2<\/a><\/li>\n\n\n\n<li><a>...<\/a><\/li>\n\n\n\n<li><a href='?page_no=13263'>13263<\/a><\/li>\n\n\n\n<li><a href='?page_no=13264'>13264<\/a><\/li>\n\n\n\n<li class='active'><a>13265<\/a><\/li>\n\n\n\n<li><a href='?page_no=13266'>13266<\/a><\/li>\n\n\n\n<li><a href='?page_no=13267'>13267<\/a><\/li>\n\n\n\n<li><a>...<\/a><\/li>\n\n\n\n<li><a href='?page_no=13611'>13611<\/a><\/li>\n\n\n\n<li><a href='?page_no=13612'>13612<\/a><\/li>\n\n    \n\t\n\n<li >\n\t<a href='?page_no=13266'>Next<\/a>\n\t<\/li>\n\n\n    \n\n<li><a href='?page_no=13612'>Last &rsaquo;&rsaquo;<\/a><\/li>\n\n<\/ul>\n\n\n--><br \/>\n<\/body><\/p>\n","protected":false},"excerpt":{"rendered":"<p>ENTREVISTADO EN TELEDEBATE&#13; &#13; Erick Rivero&#13; &#13; Presidente del Patronato Nacional de Ganaderos &#13; \u201cLa pr\u00f3xima Feria Agropecuaria se celebrar\u00e0 del 17 al 23 de Febrero. Ser\u00e0 la n\u00f9mero 52 y\u00a0 por vez primera tendr\u00e0 un car\u00e1cter internacional, teniendo como pais invitado a Taiw\u00e0n.\u00a0 Es una forma de retribuir el apoyo que de siempre ha [&hellip;]<\/p>\n","protected":false},"author":3,"featured_media":0,"comment_status":"open","ping_status":"open","sticky":false,"template":"","format":"standard","meta":{"footnotes":""},"categories":[16],"tags":[],"class_list":["post-37509","post","type-post","status-publish","format-standard","hentry","category-opiniones"],"_links":{"self":[{"href":"https:\/\/diariodominicano.com\/index.php?rest_route=\/wp\/v2\/posts\/37509","targetHints":{"allow":["GET"]}}],"collection":[{"href":"https:\/\/diariodominicano.com\/index.php?rest_route=\/wp\/v2\/posts"}],"about":[{"href":"https:\/\/diariodominicano.com\/index.php?rest_route=\/wp\/v2\/types\/post"}],"author":[{"embeddable":true,"href":"https:\/\/diariodominicano.com\/index.php?rest_route=\/wp\/v2\/users\/3"}],"replies":[{"embeddable":true,"href":"https:\/\/diariodominicano.com\/index.php?rest_route=%2Fwp%2Fv2%2Fcomments&post=37509"}],"version-history":[{"count":0,"href":"https:\/\/diariodominicano.com\/index.php?rest_route=\/wp\/v2\/posts\/37509\/revisions"}],"wp:attachment":[{"href":"https:\/\/diariodominicano.com\/index.php?rest_route=%2Fwp%2Fv2%2Fmedia&parent=37509"}],"wp:term":[{"taxonomy":"category","embeddable":true,"href":"https:\/\/diariodominicano.com\/index.php?rest_route=%2Fwp%2Fv2%2Fcategories&post=37509"},{"taxonomy":"post_tag","embeddable":true,"href":"https:\/\/diariodominicano.com\/index.php?rest_route=%2Fwp%2Fv2%2Ftags&post=37509"}],"curies":[{"name":"wp","href":"https:\/\/api.w.org\/{rel}","templated":true}]}}