{"id":37508,"date":"2007-01-24T20:00:33","date_gmt":"2007-01-24T20:00:33","guid":{"rendered":"http:\/\/diariodominicano.ddns.net\/?p=37508"},"modified":"2007-01-24T20:00:33","modified_gmt":"2007-01-24T20:00:33","slug":"los-temas-de-teledebate-29","status":"publish","type":"post","link":"https:\/\/diariodominicano.com\/?p=37508","title":{"rendered":"LOS TEMAS DE TELEDEBATE"},"content":{"rendered":"<p><body><\/p>\n<p class=\"titulogrande1\">LOS TEMAS DE TELEDEBATE<\/p>\n<p>&#13;<\/p>\n<p align=\"justify\"><strong>CON LA   MANGA AL CODO.\u00a0<\/strong> <span class=\"text1noticias\">En la  nueva Junta Central Electoral parece que hay una firme decisi\u00f2n de entrarle a  los diversos problemas que enfrenta el organismo con la manga al codo.\u00a0 A la litis judicial a que est\u00e0 sometido el  contrato con Dato Centro, la investigaci\u00f3n por parte del DEPRECO del firmado  con la SOMO, el  fraude de las actas y c\u00e8dulas falsas y la restauraci\u00f3n de los folios  deteriorados o da\u00f1os en los libros del Registro Civil del organismo, se agrega  ahora la seria denuncia hecha por Aura Celeste Fern\u00e1ndez sobre la cantidad de  nombramientos hechos a favor de personas por v\u00ednculos de familiaridad y de  otros que cobraban y disfrutaban de beneficios marginales como bienes y  veh\u00edculos del tribunal, sin ir a prestar servicios.\u00a0 Seg\u00f9n sus propias palabras \u201cno se concibe que  en un mismo departamento figuren pap\u00e0, mam\u00e0, hermano, cu\u00f1ado, yerno y nuera con  adem\u00e1s unas grandes desproporciones salariales\u201d\u00a0  Realmente parecen expresiones enfermizas e indelicadas de nepotismo que,  como bien expresa la magistrada, es preciso resolver.\u00a0 Todo el mundo espera de la Junta unas elecciones  honestas, transparentes y sin margen a cuestionamientos, como es ya h\u00e0bito  reiterado en contadas ocasiones. Creemos que los actuales magistrados est\u00e0n en  capacidad de ofrecerlas al pa\u00ecs.\u00a0 Y bien  hacen en este caso, en comenzar por lavar los propios trapos sucios que hayan  encontrado en el organismo.<\/span><\/p>\n<p>&#13;<\/p>\n<p align=\"justify\" class=\"text1noticias\"><strong>DIA DE LA ALTAGRACIA. <\/strong>Una  vez m\u00e0s la grey cat\u00f3lica di\u00f2 notaci\u00f3n de su devoci\u00f3n por la Virgen de La Altagracia. Hubo peregrinaje  desde los m\u00e0s diversos puntos del pa\u00ecs.\u00a0  Personas que acamparon hasta por dos d\u00ecas antes en las afueras de la Bas\u00edlica de Higuey. Pero  la escena que se repite el d\u00eca 21 de Enero de cada a\u00f1o, tuvo en esta  oportunidad otros ingredientes llamativos.\u00a0  Uno de ellos fue el encuentro entre el Presidente Leonel Fern\u00e1ndez y el  aspirante a desplazarlo Miguel Vargas Maldonado, quienes se confundieron en un  abrazo.\u00a0 Otro \u00e0ngulo de inter\u00e9s es que  tanto fieles dominicanos como haitianos se dieron cita y empujones para tratar  de penetrar en la Bas\u00edlica  rebosada de p\u00f9blico.\u00a0 El santuario mostr\u00f2  las galas de su remodelaci\u00f3n llevada a cabo por la Secretar\u00eca de Obras  P\u00f9blicas a un costo de 27 millones y medio de pesos.\u00a0 El generoso aporte del gobierno no puso freno  a la homil\u00eda del Obispo Nicanor Pe\u00f1a Rodr\u00edguez, quien pidi\u00f3 a la Virgen y por extensi\u00f2n  reclam\u00f2 al mandatario la construcci\u00f3n del acueducto de local y la aceleraci\u00f3n  de los trabajos de la importante Autov\u00eca del Este y la carretera de Higuey a  Punta Cana y B\u00e0varo. Tambi\u00e8n denunci\u00f2 la falta de aulas suficientes y la  condici\u00f3n infrahumana que viven los reclusos de la c\u00e0rcel local, construida  para albergar 50 y donde se amontonan m\u00e0s de 400. Monse\u00f1or Pe\u00f1a Rodr\u00edguez  tambi\u00e8n pidi\u00f3 medidas m\u00e0s en\u00e9rgicas para hacer frente al tr\u00e0fico y consumo de  drogas y el flagelo de la criminalidad que all\u00e0 tambi\u00e8n alcanza niveles  preocupantes.<\/p>\n<p>&#13;<\/p>\n<p align=\"justify\" class=\"text1noticias\"><strong>LO DICE PREVAL.\u00a0 <\/strong>El Presidente Ren\u00e8 Pr\u00e8val al recibir a un  grupo de legisladores y funcionarios dominicanos que sostuvieron un encuentro  con sus hom\u00f3logos del otro lado de la frontera, destac\u00f2 el nivel de las  relaciones entre ambos pa\u00ecses y abog\u00f2 por dar vigencia urgente a la Comisi\u00f2n Mixta  Dom\u00ecnico-Haitiana.\u00a0 El mandatario vecino  expres\u00f2 sus deseos de que se incrementen los lazos comerciales entre ambos  lados de la isla en beneficio mutuo.\u00a0 En  otro orden, Pr\u00e8val mostr\u00f2 a los visitantes su preocupaci\u00f2n por el auge del  tr\u00e0fico y consumo dd drogas, principalmente a trav\u00e8s de la frontera, se\u00f1alando  que en los \u00faltimos tiempo ha aumentando el envio de estupefacientes a la isla  provenientes de Colombia y Venezuela.\u00a0  Pr\u00e8val siempre ha dado notaciones de ser una persona muy equilibrada. Es  de esperar que su gobierno se consolide en bien de Hait\u00ec y tambi\u00e8n de las  relaciones y proyectos comunes con nuestro pa\u00ecs. <\/p>\n<p>&#13;<\/p>\n<h6> 2007-01-24 20:00:33 <\/h6>\n<p><!--\n<link rel=\"stylesheet\" href=\"css\/bootstrap.min.css\">\n\n\n<ul class=\"pagination\">\n\t    \n\t\n\n<li >\n\t<a href='?page_no=13263'>Previous<\/a>\n\t<\/li>\n\n\n       \n    \n\n<li><a href='?page_no=1'>1<\/a><\/li>\n\n\n\n<li><a href='?page_no=2'>2<\/a><\/li>\n\n\n\n<li><a>...<\/a><\/li>\n\n\n\n<li><a href='?page_no=13262'>13262<\/a><\/li>\n\n\n\n<li><a href='?page_no=13263'>13263<\/a><\/li>\n\n\n\n<li class='active'><a>13264<\/a><\/li>\n\n\n\n<li><a href='?page_no=13265'>13265<\/a><\/li>\n\n\n\n<li><a href='?page_no=13266'>13266<\/a><\/li>\n\n\n\n<li><a>...<\/a><\/li>\n\n\n\n<li><a href='?page_no=13611'>13611<\/a><\/li>\n\n\n\n<li><a href='?page_no=13612'>13612<\/a><\/li>\n\n    \n\t\n\n<li >\n\t<a href='?page_no=13265'>Next<\/a>\n\t<\/li>\n\n\n    \n\n<li><a href='?page_no=13612'>Last &rsaquo;&rsaquo;<\/a><\/li>\n\n<\/ul>\n\n\n--><br \/>\n<\/body><\/p>\n","protected":false},"excerpt":{"rendered":"<p>LOS TEMAS DE TELEDEBATE &#13; CON LA MANGA AL CODO.\u00a0 En la nueva Junta Central Electoral parece que hay una firme decisi\u00f2n de entrarle a los diversos problemas que enfrenta el organismo con la manga al codo.\u00a0 A la litis judicial a que est\u00e0 sometido el contrato con Dato Centro, la investigaci\u00f3n por parte del [&hellip;]<\/p>\n","protected":false},"author":3,"featured_media":0,"comment_status":"open","ping_status":"open","sticky":false,"template":"","format":"standard","meta":{"footnotes":""},"categories":[16],"tags":[],"class_list":["post-37508","post","type-post","status-publish","format-standard","hentry","category-opiniones"],"_links":{"self":[{"href":"https:\/\/diariodominicano.com\/index.php?rest_route=\/wp\/v2\/posts\/37508","targetHints":{"allow":["GET"]}}],"collection":[{"href":"https:\/\/diariodominicano.com\/index.php?rest_route=\/wp\/v2\/posts"}],"about":[{"href":"https:\/\/diariodominicano.com\/index.php?rest_route=\/wp\/v2\/types\/post"}],"author":[{"embeddable":true,"href":"https:\/\/diariodominicano.com\/index.php?rest_route=\/wp\/v2\/users\/3"}],"replies":[{"embeddable":true,"href":"https:\/\/diariodominicano.com\/index.php?rest_route=%2Fwp%2Fv2%2Fcomments&post=37508"}],"version-history":[{"count":0,"href":"https:\/\/diariodominicano.com\/index.php?rest_route=\/wp\/v2\/posts\/37508\/revisions"}],"wp:attachment":[{"href":"https:\/\/diariodominicano.com\/index.php?rest_route=%2Fwp%2Fv2%2Fmedia&parent=37508"}],"wp:term":[{"taxonomy":"category","embeddable":true,"href":"https:\/\/diariodominicano.com\/index.php?rest_route=%2Fwp%2Fv2%2Fcategories&post=37508"},{"taxonomy":"post_tag","embeddable":true,"href":"https:\/\/diariodominicano.com\/index.php?rest_route=%2Fwp%2Fv2%2Ftags&post=37508"}],"curies":[{"name":"wp","href":"https:\/\/api.w.org\/{rel}","templated":true}]}}