{"id":37507,"date":"2007-01-24T20:09:23","date_gmt":"2007-01-24T20:09:23","guid":{"rendered":"http:\/\/diariodominicano.ddns.net\/?p=37507"},"modified":"2007-01-24T20:09:23","modified_gmt":"2007-01-24T20:09:23","slug":"las-principales-en-teledebate-131","status":"publish","type":"post","link":"https:\/\/diariodominicano.com\/?p=37507","title":{"rendered":"LAS PRINCIPALES EN TELEDEBATE"},"content":{"rendered":"<p><body><\/p>\n<p><span class=\"titulogrande1\">LAS PRINCIPALES EN TELEDEBATE<\/span><br \/>&#13;<br \/>\n  <br \/>&#13;<br \/>\n    <span class=\"textogrande\">Lunes 22,01,07<\/span><\/p>\n<p>&#13;<\/p>\n<p align=\"justify\"><strong>DEBEN SENTIRSE ORGULLOSOS.<\/strong> <span class=\"text1noticias\">Los transportistas que El  Nacional llama los due\u00f1os del pa\u00ecs, pueden sentirse muy satisfechos. Su paro  escalonado fue todo un \u00e9xito.\u00a0 En este  pa\u00ecs tan lleno de pobreza y necesitado de incrementar su producci\u00f2n, ellos han  hecho un magn\u00ecfico aporte al paralizar y entorpecer todas las actividades  ocasionando p\u00e8rdidas multimillonarias. Y todo por una bendita placa. As\u00ec no  e\u2019palante que puede ir un pa\u00ecs.<\/span><\/p>\n<p>&#13;<\/p>\n<p align=\"justify\" class=\"text1noticias\"><strong>IMPUESTOS INERNOS DEBE ACLARAR.<\/strong> Por cierto los  transportistas alegan que AMET se est\u00e0 llevando los carros del concho que  transitan con placa privada en vez de p\u00f9blica porque en Impuestos Internos no  hay en existencia de estas \u00f9ltimas.\u00a0 De  ser as\u00ec, les asistir\u00eca un principio de raz\u00f2n pero nunca para paralizar el  servicio p\u00f9blico vital, perjudicando a decenas de millares de obreros,  empleados y trabajadores por cuenta propia. Impuestos Internos debe aclarar.<\/p>\n<p>&#13;<\/p>\n<p align=\"justify\" class=\"text1noticias\"><strong>HUELE MAL.<\/strong> Aunque la S\u00ecndico de Boca Chica  alega que las cr\u00ecticas al millonario contrato de basura aprobado por el cabildo  responden a inter\u00e8s pol\u00edtico, lo cierto es que\u00a0  huele muy mal. Dif\u00edcil digerir que se lo hayan otorgado a una compa\u00f1\u00eca  que todav\u00eca no estaba constituida, nada menos que por veinte a\u00f1os y cuyo  representante confiesa que carece de experiencia en la recogida de basura. Por  m\u00e0s que lo perfume, huele mal.<\/p>\n<p>&#13;<\/p>\n<p align=\"justify\" class=\"text1noticias\"><strong>EL BALON EN LA CANCHA DE SALAZAR. <\/strong>El periodista Vianco Mart\u00ecnez  ha hecho p\u00f9blicas una serie de acusaciones y quejas\u00a0 contra el director de COPRESIDA, Humberto  Salazar, que obligan a los debidos esclarecimientos.\u00a0 Del caso se ha apoderado el Colegio de  Periodistas y ha tenido repercusi\u00f3n en los medios de comunicaci\u00f3n que han  reaccionado frente a lo que consideran una agresi\u00f3n a un colega.\u00a0 El bal\u00f2n pasa ahora a la cancha del dirigente  reformista.<\/p>\n<p>&#13;<\/p>\n<p align=\"justify\" class=\"text1noticias\"><strong>AUDITORIA OBLIGADA.\u00a0<\/strong> El diputado perrede\u00ecsta Marino Mendoza denuncia que pese a que los  distritos municipales de El Puerto, Medina y La Cuchilla han recibido m\u00e0s  de 100 millones de pesos de asignaci\u00f3n presupuestaria en 2 a\u00f1os, no se ha  asfaltado siquiera una calle.\u00a0 Del  destino de los cuartos, reclama explicaciones tanto al PLD y al Reformista como  a su propio partido. Se impone atender su denuncia.<\/p>\n<p>&#13;<\/p>\n<p align=\"justify\" class=\"text1noticias\"><strong>UNA DULCE NOTICIA.<\/strong>\u00a0  El Director del CEA adelanta que est\u00e0 a punto la negociaci\u00f2n con un  consorcio empresarial que producir\u00e0 en ingenios de esa corporaci\u00f3n hasta 100  mil toneladas de az\u00facar as\u00ec como etanol y energ\u00eda a partir del bagazo, con lo  que se ahorrar\u00e0 combustible importado.\u00a0  El proyecto adem\u00e1s revitalizar\u00e0 la vida en zonas azucareras que al  presente est\u00e0n muy deprimidas.\u00a0 Sin  dudas, una dulce noticia:<\/p>\n<p>&#13;<\/p>\n<p align=\"justify\" class=\"text1noticias\"><strong>CUANDO MARCHAN EN LA MISMA DIRECCI\u00d3N.<\/strong>\u00a0 Excelente el trabajo conjunto llevado a cabo  por la Secretar\u00eca  de Turismo y los hoteleros de la zona para cambiar la fisonom\u00eda y hermosear la  playa de Juan Dolio.\u00a0 Es una demostraci\u00f3n  m\u00e0s de los muchos logros que pueden obtenerse cuando el sector p\u00f9blico y  privado a\u00fanan esfuerzos y caminan en la misma direcci\u00f3n.<\/p>\n<p>&#13;<\/p>\n<p align=\"justify\" class=\"text1noticias\"><strong>EL PARQUE DE LA CALETA.<\/strong> Otra haza\u00f1a  para la mafia de los metales.\u00a0 El parque  de La Caleta  ha sido totalmente vandalizado. Lo que era una hermosa tarjeta de presentaci\u00f3n  para los turistas y visitantes extranjeros a la salida misma del Aeropuerto se  ha convertido en arrabal y refugio de delincuentes.\u00a0 Muchos se preguntan a qu\u00e8 se dedican los  agentes policiales que supuestamente deben custodiar la zona.<\/p>\n<p>&#13;<\/p>\n<p align=\"justify\" class=\"text1noticias\"><strong>LOS SERIOS ESTAN DE FIESTA.<\/strong> El director general de  Aduanas le sigue dando en la misma cabeza al contrabando. <br \/>&#13;<br \/>\n  <br \/>&#13;<br \/>\nNuevos operativos  realizados por personal del organismo y autoridades han dado como resultado la  ocupaci\u00f3n de numerosas mercanc\u00edas entradas al pa\u00ecs sin pagar los derechos  arancelarios. El Estado y los importadores serios que pagan sus impuestos est\u00e0n  de fiesta.<\/p>\n<p>&#13;<\/p>\n<p align=\"justify\" class=\"text1noticias\"><strong>UN EXCELENTE RECORD. <\/strong>El departamento antisecuestros  de la Polic\u00eca  se anot\u00f2 otro impresionante \u00e8xito con el rescate del cubano norteamericano  Armando L\u00f2pez Estrada, quien estuvo retenido por espacio de siete d\u00ecas por sus  captores, dos de los cuales resultaron muertos cuando enfrentaron a la fuerza  p\u00f9blica.\u00a0 En esa \u00e0rea, el cuerpo de orden  p\u00f9blico muestra un excelente r\u00e8cord. <\/p>\n<p>&#13;<\/p>\n<p align=\"justify\" class=\"text1noticias\"><strong>ASUNTO DEL CRIMEN ORGANIZADO. <\/strong>Con suerte muy  distinta corrieron otras dos v\u00ecctimas el pasado s\u00e1bado en Santiago, quienes  fueron ultimados a poco de ser secuestrados.\u00a0  En este caso luce que el hecho no se produjo con fines de pedir rescate  sino que fue un ajuste de cuentas.\u00a0 Otra  expresi\u00f3n m\u00e0s de que no estamos enfrentando delincuentes comunes sino al crimen  organizado.<\/p>\n<p>&#13;<\/p>\n<p align=\"justify\" class=\"text1noticias\"><strong>NO CONFIAN EN LA JUSTICIA.\u00a0<\/strong> La pr\u00e0ctica de los  linchamientos se sigue extendiendo. La pasada semana fue en Los 3 Brazos, donde  los vecinos que se quejan de ausencia de patrullaje policial, tomaron venganza  por propia mano contra dos individuos que trataron de asaltar una farmacia del  sector, d\u00e1ndoles muerte a palos y golpes.\u00a0  Una tendencia creciente y muy preocupante pero tambi\u00e8n se\u00f1al de que  muchos no conf\u00ecan en el rigor de la justicia.<\/p>\n<p>&#13;<\/p>\n<p align=\"justify\" class=\"text1noticias\"><strong>LE TOMO GUSTO AL CARGUITO.\u00a0<\/strong> El apoyo oficial del PRD a la candidatura de  Amable Aristy para continuar al frente de la Liga Municipal  Dominicana era cr\u00f3nica anunciada y resuelta de antemano. En el camino quedaron  las aspiraciones de Alfredo Pacheco y de Julio Mar\u00ec\u00f1ez.\u00a0 El h\u00e1bil pol\u00edtico higueyano le ha tomado  tanto cari\u00f1o al carguito que en tres ocasiones ha renunciado a la senadur\u00eca  para ocupar el mismo. <\/p>\n<p>&#13;<\/p>\n<h6> 2007-01-24 20:09:23 <\/h6>\n<p><!--\n<link rel=\"stylesheet\" href=\"css\/bootstrap.min.css\">\n\n\n<ul class=\"pagination\">\n\t    \n\t\n\n<li >\n\t<a href='?page_no=13262'>Previous<\/a>\n\t<\/li>\n\n\n       \n    \n\n<li><a href='?page_no=1'>1<\/a><\/li>\n\n\n\n<li><a href='?page_no=2'>2<\/a><\/li>\n\n\n\n<li><a>...<\/a><\/li>\n\n\n\n<li><a href='?page_no=13261'>13261<\/a><\/li>\n\n\n\n<li><a href='?page_no=13262'>13262<\/a><\/li>\n\n\n\n<li class='active'><a>13263<\/a><\/li>\n\n\n\n<li><a href='?page_no=13264'>13264<\/a><\/li>\n\n\n\n<li><a href='?page_no=13265'>13265<\/a><\/li>\n\n\n\n<li><a>...<\/a><\/li>\n\n\n\n<li><a href='?page_no=13611'>13611<\/a><\/li>\n\n\n\n<li><a href='?page_no=13612'>13612<\/a><\/li>\n\n    \n\t\n\n<li >\n\t<a href='?page_no=13264'>Next<\/a>\n\t<\/li>\n\n\n    \n\n<li><a href='?page_no=13612'>Last &rsaquo;&rsaquo;<\/a><\/li>\n\n<\/ul>\n\n\n--><br \/>\n<\/body><\/p>\n","protected":false},"excerpt":{"rendered":"<p>LAS PRINCIPALES EN TELEDEBATE&#13; &#13; Lunes 22,01,07 &#13; DEBEN SENTIRSE ORGULLOSOS. Los transportistas que El Nacional llama los due\u00f1os del pa\u00ecs, pueden sentirse muy satisfechos. Su paro escalonado fue todo un \u00e9xito.\u00a0 En este pa\u00ecs tan lleno de pobreza y necesitado de incrementar su producci\u00f2n, ellos han hecho un magn\u00ecfico aporte al paralizar y entorpecer [&hellip;]<\/p>\n","protected":false},"author":3,"featured_media":0,"comment_status":"open","ping_status":"open","sticky":false,"template":"","format":"standard","meta":{"footnotes":""},"categories":[16],"tags":[],"class_list":["post-37507","post","type-post","status-publish","format-standard","hentry","category-opiniones"],"_links":{"self":[{"href":"https:\/\/diariodominicano.com\/index.php?rest_route=\/wp\/v2\/posts\/37507","targetHints":{"allow":["GET"]}}],"collection":[{"href":"https:\/\/diariodominicano.com\/index.php?rest_route=\/wp\/v2\/posts"}],"about":[{"href":"https:\/\/diariodominicano.com\/index.php?rest_route=\/wp\/v2\/types\/post"}],"author":[{"embeddable":true,"href":"https:\/\/diariodominicano.com\/index.php?rest_route=\/wp\/v2\/users\/3"}],"replies":[{"embeddable":true,"href":"https:\/\/diariodominicano.com\/index.php?rest_route=%2Fwp%2Fv2%2Fcomments&post=37507"}],"version-history":[{"count":0,"href":"https:\/\/diariodominicano.com\/index.php?rest_route=\/wp\/v2\/posts\/37507\/revisions"}],"wp:attachment":[{"href":"https:\/\/diariodominicano.com\/index.php?rest_route=%2Fwp%2Fv2%2Fmedia&parent=37507"}],"wp:term":[{"taxonomy":"category","embeddable":true,"href":"https:\/\/diariodominicano.com\/index.php?rest_route=%2Fwp%2Fv2%2Fcategories&post=37507"},{"taxonomy":"post_tag","embeddable":true,"href":"https:\/\/diariodominicano.com\/index.php?rest_route=%2Fwp%2Fv2%2Ftags&post=37507"}],"curies":[{"name":"wp","href":"https:\/\/api.w.org\/{rel}","templated":true}]}}