{"id":37504,"date":"2007-01-30T02:42:44","date_gmt":"2007-01-30T02:42:44","guid":{"rendered":"http:\/\/diariodominicano.ddns.net\/?p=37504"},"modified":"2007-01-30T02:42:44","modified_gmt":"2007-01-30T02:42:44","slug":"invitado-en-teledebate-9","status":"publish","type":"post","link":"https:\/\/diariodominicano.com\/?p=37504","title":{"rendered":"INVITADO EN TELEDEBATE"},"content":{"rendered":"<p><body><\/p>\n<p align=\"center\"><span class=\"titulogrande1\">INVITADO EN TELEDEBATE<\/span><br \/>&#13;<br \/>\n  <br \/>&#13;<br \/>\n    <span class=\"textogrande\">Dr. Julio C\u00e8sar Casta\u00f1os  Guzm\u00e1n<\/span><\/p>\n<p>&#13;<\/p>\n<p align=\"justify\" class=\"text1noticias\">Poseedor de una brillante y larga trayectoria profesional  y p\u00f9blica, ocupa al presente la   Presidencia de la nueva Junta Central Electoral.<\/p>\n<p>&#13;<\/p>\n<div align=\"justify\">&#13;<\/p>\n<ol>&#13;<\/p>\n<li class=\"text1noticias\">Vinimos al cargo a trabajar. Todos los magistrados que integramos la Junta estamos comprometidos  con nuestra misi\u00f3n. No es s\u00f2lo organizar y llevar a cabo unas elecciones  ejemplares, transparentes y cre\u00ecbles.<br \/>&#13;<br \/>\n      <br \/> &#13;<br \/>\n    Tenemos tambi\u00e8n la responsabilidad de  reorganizar todo el servicio de las oficial\u00ecas civiles, incluyendo la  recuperaci\u00f3n de los libros de registro del Estado Civil dentro de cuyos trece  millones de folios hay una buena parte que presentan grave deterioro y llevar a  cabo el programa destinado a dotar de identidad y personalidad a cientos de  miles de dominicanos adultos cuyos nacimientos no est\u00e0n inscriptos.<\/li>\n<p>&#13;\n  <\/ol>\n<p>&#13;\n<\/p><\/div>\n<p>&#13;<\/p>\n<p align=\"justify\">\u00a0<\/p>\n<p>&#13;<\/p>\n<div align=\"justify\">&#13;<\/p>\n<ol>&#13;<\/p>\n<li class=\"text1noticias\">Hemos comenzado por limpiar la casa.\u00a0  La Junta  la encontramos afectada de gigantismo burocr\u00e1tico.\u00a0 Hay una cantidad excesiva de personal  supernumerario que no realiza pr\u00e1cticamente ninguna funci\u00f3n. Tambi\u00e8n eliminar  el nepotismo. En algunos departamentos encontramos verdaderos clanes  familiares.\u00a0 La Junta recibir\u00e0 este a\u00f1o una  cantidad muy inferior de recursos a la que solicitamos para poder ejecutar  todos los planes que tenemos.<br \/>&#13;<br \/>\n      <br \/>&#13;<br \/>\n    \u00a0 Estamos  obligados a trabajar con un criterio muy austero.\u00a0 Por lo pronto, los magistrados decidimos  rebajarnos los sueldos\u00a0 y las dietas.  Queremos predicar con el ejemplo.<\/li>\n<p>&#13;\n  <\/ol>\n<p>&#13;<\/p>\n<ol>&#13;<\/p>\n<li class=\"text1noticias\">El contrato con Dato Centro est\u00e0 sometido a los tribunales. Obtuvimos  un fallo favorable por cincuenta millones de pesos. Pero aspiramos a mucho  m\u00e0s.\u00a0 El de SOMO est\u00e0 sometido a profunda  revisi\u00f3n. Si todo est\u00e0 bien, se continuar\u00e0n los trabajos para automatizar las  elecciones lo que ser\u00e0 una garant\u00eda mayor de transparencia en los resultados  finales. Si hay aspectos que corregir, lo haremos.\u00a0 Y si el sistema no es el adecuado,  cancelaremos el contrato.<\/li>\n<p>&#13;\n  <\/ol>\n<p>&#13;\n<\/p><\/div>\n<p>&#13;<\/p>\n<p align=\"justify\">\u00a0<\/p>\n<p>&#13;<\/p>\n<div align=\"justify\">&#13;<\/p>\n<ol>&#13;<\/p>\n<li class=\"text1noticias\">El fraude de las actas de nacimiento y las c\u00e8dulas falsas se est\u00e0  desmontando. Las investigaciones se han profundizado y ser\u00e0n depuradas las  responsabilidades. Con la elaboraci\u00f3n del Reglamento que presentaremos ma\u00f1ana y  que yo calificar\u00eca de hecho de gran trascendencia porque permitir\u00e0 normar y  transparentar la identidad de cada ciudadano pensamos evitar que situaciones de  esa naturaleza que son una agresi\u00f3n y un crimen contra la misma nacionalidad,  puedan volver a presentarse.\u00a0 Los libros  de registro civil en las oficial\u00ecas ser\u00e0n revisados cada seis meses en una  acci\u00f2n conjunta de la   Procuradur\u00eda y la   Junta.<\/li>\n<p>&#13;\n  <\/ol>\n<p>&#13;<\/p>\n<ol>&#13;<\/p>\n<li class=\"text1noticias\">Estamos confiados en que organizaremos un proceso electoral ejemplar,  que no deje margen a dudas y que contribuya al fortalecimiento del sistema  democr\u00e1tico nacional, que todos debemos luchar por preservar.<\/li>\n<p>&#13;\n  <\/ol>\n<p>&#13;\n<\/p><\/div>\n<p>&#13;<\/p>\n<p align=\"justify\">\u00a0<\/p>\n<p>&#13;<\/p>\n<h6> 2007-01-30 02:42:44 <\/h6>\n<p><!--\n<link rel=\"stylesheet\" href=\"css\/bootstrap.min.css\">\n\n\n<ul class=\"pagination\">\n\t    \n\t\n\n<li >\n\t<a href='?page_no=13259'>Previous<\/a>\n\t<\/li>\n\n\n       \n    \n\n<li><a href='?page_no=1'>1<\/a><\/li>\n\n\n\n<li><a href='?page_no=2'>2<\/a><\/li>\n\n\n\n<li><a>...<\/a><\/li>\n\n\n\n<li><a href='?page_no=13258'>13258<\/a><\/li>\n\n\n\n<li><a href='?page_no=13259'>13259<\/a><\/li>\n\n\n\n<li class='active'><a>13260<\/a><\/li>\n\n\n\n<li><a href='?page_no=13261'>13261<\/a><\/li>\n\n\n\n<li><a href='?page_no=13262'>13262<\/a><\/li>\n\n\n\n<li><a>...<\/a><\/li>\n\n\n\n<li><a href='?page_no=13611'>13611<\/a><\/li>\n\n\n\n<li><a href='?page_no=13612'>13612<\/a><\/li>\n\n    \n\t\n\n<li >\n\t<a href='?page_no=13261'>Next<\/a>\n\t<\/li>\n\n\n    \n\n<li><a href='?page_no=13612'>Last &rsaquo;&rsaquo;<\/a><\/li>\n\n<\/ul>\n\n\n--><br \/>\n<\/body><\/p>\n","protected":false},"excerpt":{"rendered":"<p>INVITADO EN TELEDEBATE&#13; &#13; Dr. Julio C\u00e8sar Casta\u00f1os Guzm\u00e1n &#13; Poseedor de una brillante y larga trayectoria profesional y p\u00f9blica, ocupa al presente la Presidencia de la nueva Junta Central Electoral. &#13; &#13; &#13; Vinimos al cargo a trabajar. Todos los magistrados que integramos la Junta estamos comprometidos con nuestra misi\u00f3n. No es s\u00f2lo organizar [&hellip;]<\/p>\n","protected":false},"author":3,"featured_media":0,"comment_status":"open","ping_status":"open","sticky":false,"template":"","format":"standard","meta":{"footnotes":""},"categories":[16],"tags":[],"class_list":["post-37504","post","type-post","status-publish","format-standard","hentry","category-opiniones"],"_links":{"self":[{"href":"https:\/\/diariodominicano.com\/index.php?rest_route=\/wp\/v2\/posts\/37504","targetHints":{"allow":["GET"]}}],"collection":[{"href":"https:\/\/diariodominicano.com\/index.php?rest_route=\/wp\/v2\/posts"}],"about":[{"href":"https:\/\/diariodominicano.com\/index.php?rest_route=\/wp\/v2\/types\/post"}],"author":[{"embeddable":true,"href":"https:\/\/diariodominicano.com\/index.php?rest_route=\/wp\/v2\/users\/3"}],"replies":[{"embeddable":true,"href":"https:\/\/diariodominicano.com\/index.php?rest_route=%2Fwp%2Fv2%2Fcomments&post=37504"}],"version-history":[{"count":0,"href":"https:\/\/diariodominicano.com\/index.php?rest_route=\/wp\/v2\/posts\/37504\/revisions"}],"wp:attachment":[{"href":"https:\/\/diariodominicano.com\/index.php?rest_route=%2Fwp%2Fv2%2Fmedia&parent=37504"}],"wp:term":[{"taxonomy":"category","embeddable":true,"href":"https:\/\/diariodominicano.com\/index.php?rest_route=%2Fwp%2Fv2%2Fcategories&post=37504"},{"taxonomy":"post_tag","embeddable":true,"href":"https:\/\/diariodominicano.com\/index.php?rest_route=%2Fwp%2Fv2%2Ftags&post=37504"}],"curies":[{"name":"wp","href":"https:\/\/api.w.org\/{rel}","templated":true}]}}