{"id":37502,"date":"2007-01-30T02:48:40","date_gmt":"2007-01-30T02:48:40","guid":{"rendered":"http:\/\/diariodominicano.ddns.net\/?p=37502"},"modified":"2007-01-30T02:48:40","modified_gmt":"2007-01-30T02:48:40","slug":"las-principales-en-teledebate-130","status":"publish","type":"post","link":"https:\/\/diariodominicano.com\/?p=37502","title":{"rendered":"LAS PRINCIPALES EN TELEDEBATE"},"content":{"rendered":"<p><body><\/p>\n<p align=\"justify\"><span class=\"titulogrande1\">LAS PRINCIPALES EN TELEDEBATE<\/span><br \/>&#13;<br \/>\n  <br \/>&#13;<br \/>\n    <span class=\"textogrande\">Jueves 25,01,07<\/span><br \/>&#13;<br \/>\n<br \/>&#13;<br \/>\n<span class=\"text1noticias\"><strong>\u00bfEPITAFIO?<\/strong> Aunque todo parece listo para la convenci\u00f3n del  PRD el pr\u00f3ximo domingo, siguen habiendo puntos en conflicto sobre todo por  parte de la   Corriente Unitaria que respalda la candidatura de Milagros  Ortiz Bosch.\u00a0 Por cierto, el senador Ch\u00f9  V\u00e0squez hizo una declaraci\u00f3n que parece un epitafio al afirmar que la ex  vicepresidenta luchar\u00e0 hasta el final.<\/span><\/p>\n<p>&#13;<\/p>\n<p align=\"justify\" class=\"text1noticias\"><strong>LE DIERON BOLA NEGRA.\u00a0<\/strong> Y a Julio Mar\u00ec\u00f1ez, quien pese a que su  Partido respalda mayoritariamente la continuaci\u00f3n al frente de la Liga Municipal de  Amable Aristy, insiste con obstinaci\u00f3n en aspirar a desplazarlo del cargo, le  dieron bola negra en el organismo donde se negaron a recibir su  candidatura.\u00a0 Mientras tanto, el astuto  higueyano, impenitente burlador de la \u00e8tica pol\u00edtica, se r\u00ece con la muela de  atr\u00e0s.<\/p>\n<p>&#13;<\/p>\n<p align=\"justify\" class=\"text1noticias\"><strong>\u00bfESTABAN DE BROMA? <\/strong>El PLD ya ha fijado su convenci\u00f3n  interna para el pr\u00f3ximo 4 de mayo para escoger su candidato presidencial con  vistas a las todav\u00eca distantes elecciones del 2008.\u00a0 Llama la atenci\u00f3n que tambi\u00e8n se haya  escogido la fecha del 11 de marzo para que quienes pugnan por el puesto  comiencen su campa\u00f1a.\u00a0 De ser as\u00ec, \u00bfqu\u00e8  es lo que hemos estado viendo hasta ahora con Danilo, Jos\u00e9 Tom\u00e0s y los propios  reelecionistas?<\/p>\n<p>&#13;<\/p>\n<p align=\"justify\" class=\"text1noticias\"><strong>\u00bfSOBREVIVIRA EDUARDO ESTRELLA? <\/strong>Mientras tanto en el  Partido Reformista ya comienza a moverse la coctelera con vistas a la  escogencia de su candidato a la Primera Magistratura.\u00a0 Eduardo Estrella se lanza al ruedo con una  encuesta en que las preferencias lo colocan muy por encima de Amable Aristy y a  distancia abismal de Luis Toral.\u00a0<br \/>&#13;<br \/>\n  <br \/> &#13;<br \/>\nVeremos  si al final puede escapar ileso a la astucia y las ma\u00f1as del Chapul\u00ecn Colorado  que est\u00e0 al frente de la Liga.<\/p>\n<p>&#13;<\/p>\n<p align=\"justify\" class=\"text1noticias\">D: El esc\u00e0ndalo montado en torno a la intervenci\u00f2n  de miembros del J2 en el juicio por el asesinato del mayor Herrand, donde  inclusive zarandearon al Procurador Fiscal, Perfecto Acosta, ha motivado  tambi\u00e8n la intervenci\u00f2n del Procurador General.\u00a0  Este ha declarado que reclamar\u00e0 la sanci\u00f3n de los responsables.\u00a0 El caso parece que dar\u00e0 mucho que hablar y  tambi\u00e8n que esclarecer.<\/p>\n<p>&#13;<\/p>\n<p align=\"justify\" class=\"text1noticias\"><strong>DESARROLLO FRONTERIZO.<\/strong> Los obispos de la regi\u00f3n  reclaman se mantenga la vigencia de la   Ley de Desarrollo Fronterizo.\u00a0  Los cortes e intentos de cortes que ha sufrido dicha legislaci\u00f3n en los  \u00faltimos tiempos ha paralizado las inversiones programadas en las distantes  provincias de la frontera.\u00a0 Estas  necesitan con urgencia la instalaci\u00f3n de esas empresas para reactivar su  deca\u00edda econom\u00eda, crear empleos y evitar su continua despoblaci\u00f3n.<\/p>\n<p>&#13;<\/p>\n<p align=\"justify\" class=\"text1noticias\"><strong>PROTECCI\u00d3N PARA PERIODISTA.<\/strong> Reporteros sin Frontera  reclama de las autoridades protecci\u00f2n para el periodista vegano Manuel Vega,  quien presuntamente es v\u00ecctima de amenazas por la sostenida campa\u00f1a de  denuncias que estar\u00eca manteniendo contra el narcotr\u00e1fico en su provincia y en  el Cibao.\u00a0 Y el Colegio de Periodistas  \u00bfno est\u00e0 enterado de esta situaci\u00f3n?\u00a0 En  tal caso, \u00bfqu\u00e8 piensa hacer?<\/p>\n<p>&#13;<\/p>\n<p align=\"justify\" class=\"text1noticias\"><strong>SICARIOS COLOMBIANOS.<\/strong>\u00a0 Causa sorpresa la declaraci\u00f3n del Jefe de la Polic\u00eca Nacional  de que ignora la presencia en el pa\u00ecs de sicarios colombianos que seg\u00fan el Presidente  de la Direcci\u00f2n   Nacional de Control de Drogas son los encargados de ejecutar  los llamados \u201cajustes de cuentas\u201d.\u00a0 Pero  si mal no recordamos, ya de antes el propio Santana P\u00e0ez se hab\u00eca referido al  crimen organizado.\u00a0 Y este es t\u00ecpicamente  internacional.<\/p>\n<p>&#13;<\/p>\n<p align=\"justify\" class=\"text1noticias\"><strong>AJUSTE DE CUENTAS.<\/strong>\u00a0  Precisamente ayer mismo en Sos\u00f9a aparecieron baleados los cad\u00e1veres de  dos j\u00f2venes de muy temprana edad, apenas 19 y 22 a\u00f1os, quienes presuntamente  trabajaban a las \u00f2rdenes de un alegado traficante local. A todas luces, parece  una ejecuci\u00f3n que son frecuentes en las luchas entre bandas por el control de  puntos de venta de drogas o en otros casos por los llamados tumbes.<\/p>\n<p>&#13;<\/p>\n<p align=\"justify\" class=\"text1noticias\"><strong>UNA ZONA CALIENTE.<\/strong>\u00a0  Y todo indica, Dilenia, que esa zona es muy caliente.\u00a0 Recordemos que en Puerto Plata el pasado a\u00f1o  tuvieron lugar alrededor de una docena de hechos de sangre que, por sus  caracter\u00edsticas, ten\u00ecan todas las trazas de tratarse de ejecuciones por  encargo. Son frecuentes las denuncias que llegan desde la provincia  puertoplate\u00f1a sobre el auge de la droga, tanto el tr\u00e0fico como el consumo.<\/p>\n<p>&#13;<\/p>\n<p align=\"justify\" class=\"text1noticias\"><strong>A PEDIR LIMOSNA.<\/strong>\u00a0  Bueno y al Patronato Cibao de Rehabilitaci\u00f3n lo han dejado pr\u00e1cticamente  en la indigencia en el presupuesto de este a\u00f1o.\u00a0  La entidad que atiende al presente nada menos que quinientos ni\u00f1os para  lo cual solicit\u00f2 una asignaci\u00f3n de 16 millones de pesos, apenas recibir\u00e0  3.\u00a0 As\u00ec, es m\u00e0s imposible que simplemente  dif\u00edcil que pueda cumplir sus valiosos programas.\u00a0 \u00a1Y tantos cuartos que se dispendian en otras  cosas menos prioritarias y hasta innecesarias!\u00a0  \u00a0<\/p>\n<p>&#13;<\/p>\n<h6> 2007-01-30 02:48:40 <\/h6>\n<p><!--\n<link rel=\"stylesheet\" href=\"css\/bootstrap.min.css\">\n\n\n<ul class=\"pagination\">\n\t    \n\t\n\n<li >\n\t<a href='?page_no=13258'>Previous<\/a>\n\t<\/li>\n\n\n       \n    \n\n<li><a href='?page_no=1'>1<\/a><\/li>\n\n\n\n<li><a href='?page_no=2'>2<\/a><\/li>\n\n\n\n<li><a>...<\/a><\/li>\n\n\n\n<li><a href='?page_no=13257'>13257<\/a><\/li>\n\n\n\n<li><a href='?page_no=13258'>13258<\/a><\/li>\n\n\n\n<li class='active'><a>13259<\/a><\/li>\n\n\n\n<li><a href='?page_no=13260'>13260<\/a><\/li>\n\n\n\n<li><a href='?page_no=13261'>13261<\/a><\/li>\n\n\n\n<li><a>...<\/a><\/li>\n\n\n\n<li><a href='?page_no=13611'>13611<\/a><\/li>\n\n\n\n<li><a href='?page_no=13612'>13612<\/a><\/li>\n\n    \n\t\n\n<li >\n\t<a href='?page_no=13260'>Next<\/a>\n\t<\/li>\n\n\n    \n\n<li><a href='?page_no=13612'>Last &rsaquo;&rsaquo;<\/a><\/li>\n\n<\/ul>\n\n\n--><br \/>\n<\/body><\/p>\n","protected":false},"excerpt":{"rendered":"<p>LAS PRINCIPALES EN TELEDEBATE&#13; &#13; Jueves 25,01,07&#13; &#13; \u00bfEPITAFIO? Aunque todo parece listo para la convenci\u00f3n del PRD el pr\u00f3ximo domingo, siguen habiendo puntos en conflicto sobre todo por parte de la Corriente Unitaria que respalda la candidatura de Milagros Ortiz Bosch.\u00a0 Por cierto, el senador Ch\u00f9 V\u00e0squez hizo una declaraci\u00f3n que parece un epitafio [&hellip;]<\/p>\n","protected":false},"author":3,"featured_media":0,"comment_status":"open","ping_status":"open","sticky":false,"template":"","format":"standard","meta":{"footnotes":""},"categories":[16],"tags":[],"class_list":["post-37502","post","type-post","status-publish","format-standard","hentry","category-opiniones"],"_links":{"self":[{"href":"https:\/\/diariodominicano.com\/index.php?rest_route=\/wp\/v2\/posts\/37502","targetHints":{"allow":["GET"]}}],"collection":[{"href":"https:\/\/diariodominicano.com\/index.php?rest_route=\/wp\/v2\/posts"}],"about":[{"href":"https:\/\/diariodominicano.com\/index.php?rest_route=\/wp\/v2\/types\/post"}],"author":[{"embeddable":true,"href":"https:\/\/diariodominicano.com\/index.php?rest_route=\/wp\/v2\/users\/3"}],"replies":[{"embeddable":true,"href":"https:\/\/diariodominicano.com\/index.php?rest_route=%2Fwp%2Fv2%2Fcomments&post=37502"}],"version-history":[{"count":0,"href":"https:\/\/diariodominicano.com\/index.php?rest_route=\/wp\/v2\/posts\/37502\/revisions"}],"wp:attachment":[{"href":"https:\/\/diariodominicano.com\/index.php?rest_route=%2Fwp%2Fv2%2Fmedia&parent=37502"}],"wp:term":[{"taxonomy":"category","embeddable":true,"href":"https:\/\/diariodominicano.com\/index.php?rest_route=%2Fwp%2Fv2%2Fcategories&post=37502"},{"taxonomy":"post_tag","embeddable":true,"href":"https:\/\/diariodominicano.com\/index.php?rest_route=%2Fwp%2Fv2%2Ftags&post=37502"}],"curies":[{"name":"wp","href":"https:\/\/api.w.org\/{rel}","templated":true}]}}