{"id":37501,"date":"2007-01-30T02:52:45","date_gmt":"2007-01-30T02:52:45","guid":{"rendered":"http:\/\/diariodominicano.ddns.net\/?p=37501"},"modified":"2007-01-30T02:52:45","modified_gmt":"2007-01-30T02:52:45","slug":"sanky-panky-la-pelicula","status":"publish","type":"post","link":"https:\/\/diariodominicano.com\/?p=37501","title":{"rendered":"Sanky Panky&#8230;La Pel\u00edcula"},"content":{"rendered":"<p><body><\/p>\n<p><span class=\"titulogrande1\">Sanky Panky&#8230;La Pel\u00edcula<\/span><br \/>&#13;<br \/>\n  \u00a0<br \/>&#13;<br \/>\n  <span class=\"textogrande\">Por Lizzie Gonz\u00e1lez <\/span><\/p>\n<p>&#13;<\/p>\n<p align=\"justify\" class=\"text1noticias\">El martes 16 estuve presente como  colaboradora de CineDominicano.net, en la rueda de prensa de la pel\u00edcula \u201cSanky  Panky\u201d; mientras esper\u00e1bamos a que comenzara el evento, se proyectaban en dos  pantallas, escenas detr\u00e1s de c\u00e1maras y algunos cortitos de la pel\u00edcula, les  confieso que qued\u00e9 sorprendida al ver la calidad de la cinta, creo y es mi  percepci\u00f3n personal, que hasta ahora es la pel\u00edcula mejor realizada en nuestro pa\u00eds  (no la he visto completa, por lo que no puedo hablarles de argumento, actuaciones  y otras cosas) lo que si puedo decirles es que la misma posee unos colores y  contrastes bell\u00edsimos, que le dan a la pel\u00edcula un incre\u00edble sabor a<br \/>&#13;<br \/>\n  caribe y a tr\u00f3pico. <br \/>&#13;<br \/>\n  \u00a0<br \/>&#13;<br \/>\n  Pintor, quien es el guionista y director,  coment\u00f3 que para evitar el gran mal de la pirater\u00eda, junto a la Polic\u00eda Nacional,  La Procuradur\u00eda  y La Oficina Nacional  de Derecho de Autor (OMDA), se llevar\u00e1n a cabo operativos en puntos de venta de  pel\u00edculas pirateadas como La   Pulga y \u00a0La Bomba de Villa Mella, entre  otros y durante las proyecciones de \u201cSanky Panky\u201d en los cines del pa\u00eds, se  contar\u00e1 con la presencia de seguridad privada para evitar que la pel\u00edculas sean  grabadas directamente de la pantalla gigante. <br \/>&#13;<br \/>\n  \u00a0<br \/>&#13;<br \/>\n  La tarde fue muy divertida, porque la  verdad es que los actores principales (Fausto Mata, Tony Pascual y Aquiles  Correa) son comediantes innatos y en ocasiones nos hicieron re\u00edr con  comentarios como \u201cLo bueno es que ahora soy colega de Brad Pitt y Jlo, soloq ue  ellos no lo saben\u201d<br \/>&#13;<br \/>\n  \u00a0<br \/>&#13;<br \/>\n  Personalmente creo que esta cinta llevar\u00e1  al cine dominicano a otro nivel, por lo tanto les invito a que apoyemos este  proyecto de gran calidad y por ende al crecimiento de esta industria en nuestro  pa\u00eds.<br \/>&#13;<br \/>\n  <br \/>&#13;<br \/>\n  lizziegonzalez@hotmail.com <\/p>\n<p>&#13;<\/p>\n<h6> 2007-01-30 02:52:45 <\/h6>\n<p><!--\n<link rel=\"stylesheet\" href=\"css\/bootstrap.min.css\">\n\n\n<ul class=\"pagination\">\n\t    \n\t\n\n<li >\n\t<a href='?page_no=13257'>Previous<\/a>\n\t<\/li>\n\n\n       \n    \n\n<li><a href='?page_no=1'>1<\/a><\/li>\n\n\n\n<li><a href='?page_no=2'>2<\/a><\/li>\n\n\n\n<li><a>...<\/a><\/li>\n\n\n\n<li><a href='?page_no=13256'>13256<\/a><\/li>\n\n\n\n<li><a href='?page_no=13257'>13257<\/a><\/li>\n\n\n\n<li class='active'><a>13258<\/a><\/li>\n\n\n\n<li><a href='?page_no=13259'>13259<\/a><\/li>\n\n\n\n<li><a href='?page_no=13260'>13260<\/a><\/li>\n\n\n\n<li><a>...<\/a><\/li>\n\n\n\n<li><a href='?page_no=13611'>13611<\/a><\/li>\n\n\n\n<li><a href='?page_no=13612'>13612<\/a><\/li>\n\n    \n\t\n\n<li >\n\t<a href='?page_no=13259'>Next<\/a>\n\t<\/li>\n\n\n    \n\n<li><a href='?page_no=13612'>Last &rsaquo;&rsaquo;<\/a><\/li>\n\n<\/ul>\n\n\n--><br \/>\n<\/body><\/p>\n","protected":false},"excerpt":{"rendered":"<p>Sanky Panky&#8230;La Pel\u00edcula&#13; \u00a0&#13; Por Lizzie Gonz\u00e1lez &#13; El martes 16 estuve presente como colaboradora de CineDominicano.net, en la rueda de prensa de la pel\u00edcula \u201cSanky Panky\u201d; mientras esper\u00e1bamos a que comenzara el evento, se proyectaban en dos pantallas, escenas detr\u00e1s de c\u00e1maras y algunos cortitos de la pel\u00edcula, les confieso que qued\u00e9 sorprendida al [&hellip;]<\/p>\n","protected":false},"author":3,"featured_media":0,"comment_status":"open","ping_status":"open","sticky":false,"template":"","format":"standard","meta":{"footnotes":""},"categories":[16],"tags":[],"class_list":["post-37501","post","type-post","status-publish","format-standard","hentry","category-opiniones"],"_links":{"self":[{"href":"https:\/\/diariodominicano.com\/index.php?rest_route=\/wp\/v2\/posts\/37501","targetHints":{"allow":["GET"]}}],"collection":[{"href":"https:\/\/diariodominicano.com\/index.php?rest_route=\/wp\/v2\/posts"}],"about":[{"href":"https:\/\/diariodominicano.com\/index.php?rest_route=\/wp\/v2\/types\/post"}],"author":[{"embeddable":true,"href":"https:\/\/diariodominicano.com\/index.php?rest_route=\/wp\/v2\/users\/3"}],"replies":[{"embeddable":true,"href":"https:\/\/diariodominicano.com\/index.php?rest_route=%2Fwp%2Fv2%2Fcomments&post=37501"}],"version-history":[{"count":0,"href":"https:\/\/diariodominicano.com\/index.php?rest_route=\/wp\/v2\/posts\/37501\/revisions"}],"wp:attachment":[{"href":"https:\/\/diariodominicano.com\/index.php?rest_route=%2Fwp%2Fv2%2Fmedia&parent=37501"}],"wp:term":[{"taxonomy":"category","embeddable":true,"href":"https:\/\/diariodominicano.com\/index.php?rest_route=%2Fwp%2Fv2%2Fcategories&post=37501"},{"taxonomy":"post_tag","embeddable":true,"href":"https:\/\/diariodominicano.com\/index.php?rest_route=%2Fwp%2Fv2%2Ftags&post=37501"}],"curies":[{"name":"wp","href":"https:\/\/api.w.org\/{rel}","templated":true}]}}