{"id":37496,"date":"2007-01-31T19:27:50","date_gmt":"2007-01-31T19:27:50","guid":{"rendered":"http:\/\/diariodominicano.ddns.net\/?p=37496"},"modified":"2007-01-31T19:27:50","modified_gmt":"2007-01-31T19:27:50","slug":"invitado-en-teledebate-8","status":"publish","type":"post","link":"https:\/\/diariodominicano.com\/?p=37496","title":{"rendered":"INVITADO EN TELEDEBATE"},"content":{"rendered":"<p><body><\/p>\n<p align=\"center\"><span class=\"titulogrande1\">INVITADO EN TELEDEBATE<\/span><br \/>&#13;<br \/>\n  <br \/>&#13;<br \/>\n    <span class=\"textogrande\">Pili\u00e8 Moreno Duarte<\/span><br \/>&#13;<br \/>\n  <br \/>&#13;<br \/>\n  <strong>Primo tatarabuelo del Patricio<\/strong><br \/>&#13;<br \/>\n  <br \/>&#13;<br \/>\n  <span class=\"azulmenu1\">Miembro del Instituto Duartiano<\/span><br \/>&#13;<br \/>\n  <br \/>&#13;<br \/>\n  <span class=\"ttmediao\">Conferencista<\/span><\/p>\n<p>&#13;<\/p>\n<p>\u00a0<\/p>\n<p>&#13;<\/p>\n<p align=\"justify\" class=\"text1noticias\">\u201cLa familia Duarte, emparentada con el fundador de la Patria, es muy extensa.  Oriunda de San Francisco de Macor\u00eds tiene numerosas ramificaciones en todo el  pa\u00ecs. Al presente calculamos que sus integrantes superan la cifra de veinte  mil&#8230;\u201d<\/p>\n<p>&#13;<\/p>\n<p align=\"justify\" class=\"text1noticias\">\u201cEstar ligado por lazos de sangre al Patricio, aunque sean distantes, nos  impone el deber moral de contribuir a que no perezcan su memoria y su legado de  principios y valores tanto como el ejemplo de su vida de total entrega al ideal  de la independencia\u201d.<\/p>\n<p>&#13;<\/p>\n<p align=\"justify\" class=\"text1noticias\">\u201cNos sentimos honrados de pertenecer al Instituto Duartiano. Pensamos que  si esta instituci\u00f3n no existiera, posiblemente tampoco se mantuviese el culto a  Duarte.\u00a0 La labor que all\u00ec se hace con un  m\u00ednimo de recursos es incre\u00edble\u201d.<\/p>\n<p>&#13;<\/p>\n<p align=\"justify\" class=\"text1noticias\">\u201cQuiero manifestar mi total desacuerdo con que la conmemoraci\u00f3n del  natalicio de Duarte haya sido rotada.\u00a0<br \/>&#13;<br \/>\n  <br \/>  &#13;<br \/>\nPensamos que \u00e8sa es una fecha tan sagrada como las de las festividades  religiosas que en cambio han sido respetadas. As\u00ec como la Virgen de La Altagracia es la  patrona espiritual de todos los dominicanos, Duarte es la encarnaci\u00f3n de los  valores c\u00edvicos\u201d. <\/p>\n<p>&#13;<\/p>\n<h6> 2007-01-31 19:27:50 <\/h6>\n<p><!--\n<link rel=\"stylesheet\" href=\"css\/bootstrap.min.css\">\n\n\n<ul class=\"pagination\">\n\t    \n\t\n\n<li >\n\t<a href='?page_no=13252'>Previous<\/a>\n\t<\/li>\n\n\n       \n    \n\n<li><a href='?page_no=1'>1<\/a><\/li>\n\n\n\n<li><a href='?page_no=2'>2<\/a><\/li>\n\n\n\n<li><a>...<\/a><\/li>\n\n\n\n<li><a href='?page_no=13251'>13251<\/a><\/li>\n\n\n\n<li><a href='?page_no=13252'>13252<\/a><\/li>\n\n\n\n<li class='active'><a>13253<\/a><\/li>\n\n\n\n<li><a href='?page_no=13254'>13254<\/a><\/li>\n\n\n\n<li><a href='?page_no=13255'>13255<\/a><\/li>\n\n\n\n<li><a>...<\/a><\/li>\n\n\n\n<li><a href='?page_no=13611'>13611<\/a><\/li>\n\n\n\n<li><a href='?page_no=13612'>13612<\/a><\/li>\n\n    \n\t\n\n<li >\n\t<a href='?page_no=13254'>Next<\/a>\n\t<\/li>\n\n\n    \n\n<li><a href='?page_no=13612'>Last &rsaquo;&rsaquo;<\/a><\/li>\n\n<\/ul>\n\n\n--><br \/>\n<\/body><\/p>\n","protected":false},"excerpt":{"rendered":"<p>INVITADO EN TELEDEBATE&#13; &#13; Pili\u00e8 Moreno Duarte&#13; &#13; Primo tatarabuelo del Patricio&#13; &#13; Miembro del Instituto Duartiano&#13; &#13; Conferencista &#13; \u00a0 &#13; \u201cLa familia Duarte, emparentada con el fundador de la Patria, es muy extensa. Oriunda de San Francisco de Macor\u00eds tiene numerosas ramificaciones en todo el pa\u00ecs. Al presente calculamos que sus integrantes superan [&hellip;]<\/p>\n","protected":false},"author":3,"featured_media":0,"comment_status":"open","ping_status":"open","sticky":false,"template":"","format":"standard","meta":{"footnotes":""},"categories":[16],"tags":[],"class_list":["post-37496","post","type-post","status-publish","format-standard","hentry","category-opiniones"],"_links":{"self":[{"href":"https:\/\/diariodominicano.com\/index.php?rest_route=\/wp\/v2\/posts\/37496","targetHints":{"allow":["GET"]}}],"collection":[{"href":"https:\/\/diariodominicano.com\/index.php?rest_route=\/wp\/v2\/posts"}],"about":[{"href":"https:\/\/diariodominicano.com\/index.php?rest_route=\/wp\/v2\/types\/post"}],"author":[{"embeddable":true,"href":"https:\/\/diariodominicano.com\/index.php?rest_route=\/wp\/v2\/users\/3"}],"replies":[{"embeddable":true,"href":"https:\/\/diariodominicano.com\/index.php?rest_route=%2Fwp%2Fv2%2Fcomments&post=37496"}],"version-history":[{"count":0,"href":"https:\/\/diariodominicano.com\/index.php?rest_route=\/wp\/v2\/posts\/37496\/revisions"}],"wp:attachment":[{"href":"https:\/\/diariodominicano.com\/index.php?rest_route=%2Fwp%2Fv2%2Fmedia&parent=37496"}],"wp:term":[{"taxonomy":"category","embeddable":true,"href":"https:\/\/diariodominicano.com\/index.php?rest_route=%2Fwp%2Fv2%2Fcategories&post=37496"},{"taxonomy":"post_tag","embeddable":true,"href":"https:\/\/diariodominicano.com\/index.php?rest_route=%2Fwp%2Fv2%2Ftags&post=37496"}],"curies":[{"name":"wp","href":"https:\/\/api.w.org\/{rel}","templated":true}]}}