{"id":37494,"date":"2007-01-31T20:35:52","date_gmt":"2007-01-31T20:35:52","guid":{"rendered":"http:\/\/diariodominicano.ddns.net\/?p=37494"},"modified":"2007-01-31T20:35:52","modified_gmt":"2007-01-31T20:35:52","slug":"el-tiro-rapido-442","status":"publish","type":"post","link":"https:\/\/diariodominicano.com\/?p=37494","title":{"rendered":"EL TIRO RAPIDO"},"content":{"rendered":"<p><body><\/p>\n<p><span class=\"titulogrande1\">EL TIRO RAPIDO<\/span><br \/>&#13;<br \/>\n  <br \/>&#13;<br \/>\n    <span class=\"ttmediao\">de<\/span><br \/>&#13;<br \/>\n  <br \/>&#13;<br \/>\n  <span class=\"text1noticias\">Mario  Rivadulla<\/span><\/p>\n<p>&#13;<\/p>\n<p align=\"justify\" class=\"text1noticias\">Hoy es, debiera ser para todos los dominicanos, un d\u00eca muy  especial.\u00a0 El d\u00eca de Juan Pablo Duarte,  el patricio que nos leg\u00f2 su sue\u00f1o de patria hecho realidad.\u00a0 Un d\u00eca que incre\u00edblemente nos han rotado  cuando debiera ser de verdadera y respetada santificaci\u00f3n ciudadana.\u00a0 Excelso. Inamovible. Una de nuestras tantas  contradicciones que casi equivale a delito de lesa patria y que exige ser  enmendada.<\/p>\n<p>&#13;<\/p>\n<p align=\"justify\" class=\"text1noticias\">Posiblemente no hay ning\u00f9n otro  h\u00e9roe en todo el mapa latinoamericano y caribe\u00f1o m\u00e0s ignorado que el hombre que  ganado a la m\u00e0s temprana edad por el ideal de independencia, fund\u00f2 La Trinitaria y con ella,  abri\u00f2 el camino para la fundaci\u00f2n de la Rep\u00f9blica Dominicana.<br \/>&#13;<br \/>\n  <br \/>&#13;<br \/>\n  Pero ninguno le aventaja en  pureza de principios y nobleza de coraz\u00f3n. <\/p>\n<p>&#13;<\/p>\n<p align=\"justify\" class=\"text1noticias\">\u00bfCu\u00e0ntos dominicanos en verdad  conocen de Juan Pablo Duarte?\u00a0 \u00bfCu\u00e0ntos  de su historia?\u00a0 \u00bfDe su vida?\u00a0 \u00bfDe sus luchas?\u00a0 \u00bfDe sus grandes padecimientos que culminaron  con el obligado y doloroso alejamiento de la patria, cuya semilla  sembrara?\u00a0 \u00bfCu\u00e0ntos de su ideario, breve  pero aleccionador?\u00a0 <\/p>\n<p>&#13;<\/p>\n<p align=\"justify\" class=\"text1noticias\">En TELEDEBATE hemos querido  dedicarle un modesto pero muy sincero homenaje.\u00a0  A su vida.\u00a0 A su memoria.\u00a0 A su ejemplo.\u00a0  Y a su ideario, tantas veces incumplido, olvidado. traicionado tan  vigente hoy que cuando nos lo dej\u00f2 en legado.<\/p>\n<p>&#13;<\/p>\n<p align=\"justify\" class=\"text1noticias\">Hoy m\u00e0s que nunca, en esta  \u00e8poca en que los valores fundamentales del ciudadano y de la sociedad se han  convertido en tabla rasa, de facilismo y consumismo, en que la moral cede su  sitio cada vez m\u00e0s a lo material y que patriotismo, honestidad, decoro,  educaci\u00f3n y trabajo parecen ser palabras cada vez m\u00e0s extra\u00f1as a nuestro  idioma, el recuerdo de Duarte y lo que signific\u00f2 y la presencia de su ejemplo y  sus ense\u00f1anzas se hacen cada vez m\u00e0s necesarios.<\/p>\n<p>&#13;<\/p>\n<p align=\"justify\" class=\"text1noticias\">Tenemos que retomar el camino de  los valores que nos dej\u00f2 como herencia. Inspirarnos en su existencia y rendir  honor a su memoria y su sacrificio tratando cada quien de asumir el compromiso  de trabajar por una naci\u00f2n mejor para todos.<\/p>\n<p>&#13;<\/p>\n<p align=\"justify\" class=\"text1noticias\">En que el ejercicio pol\u00edtico  vertical sea, como el lo proclam\u00f2, la m\u00e0s noble actividad del hombre despu\u00e8s de  la filosof\u00eca. En que imperen la paz y la concordia, la justicia y el  progreso.\u00a0 En que el bienestar vaya  tocando a todas las puertas,\u00a0 y para  todos sin excepci\u00f3n se abra la oportunidad de superarse y crecer.\u00a0 En que honor, responsabilidad y honradez sean  normas apreciadas y exigidas de conducta. Y donde en fin, podamos sentir y  proclamar sin rubores ni falso patriotismo el orgullo de nuestra dominicanidad. <\/p>\n<p>&#13;<\/p>\n<p align=\"justify\" class=\"text1noticias\"><strong>(TELEDEBATE. Canal 23,  Telefuturo. Cubriendo todo el pa\u00ecs por v\u00eca sat\u00e9lite y a trav\u00e8s de Aster,  Telecable Nacional y 55 cables locales. Hacia el exterior v\u00eca Internet. Lunes a  Viernes. 8:00 p.m. Transmisi\u00f3n del d\u00eca viernes 26 de Enero del 2007).<\/strong><\/p>\n<p>&#13;<\/p>\n<h6> 2007-01-31 20:35:52 <\/h6>\n<p><!--\n<link rel=\"stylesheet\" href=\"css\/bootstrap.min.css\">\n\n\n<ul class=\"pagination\">\n\t    \n\t\n\n<li >\n\t<a href='?page_no=13250'>Previous<\/a>\n\t<\/li>\n\n\n       \n    \n\n<li><a href='?page_no=1'>1<\/a><\/li>\n\n\n\n<li><a href='?page_no=2'>2<\/a><\/li>\n\n\n\n<li><a>...<\/a><\/li>\n\n\n\n<li><a href='?page_no=13249'>13249<\/a><\/li>\n\n\n\n<li><a href='?page_no=13250'>13250<\/a><\/li>\n\n\n\n<li class='active'><a>13251<\/a><\/li>\n\n\n\n<li><a href='?page_no=13252'>13252<\/a><\/li>\n\n\n\n<li><a href='?page_no=13253'>13253<\/a><\/li>\n\n\n\n<li><a>...<\/a><\/li>\n\n\n\n<li><a href='?page_no=13611'>13611<\/a><\/li>\n\n\n\n<li><a href='?page_no=13612'>13612<\/a><\/li>\n\n    \n\t\n\n<li >\n\t<a href='?page_no=13252'>Next<\/a>\n\t<\/li>\n\n\n    \n\n<li><a href='?page_no=13612'>Last &rsaquo;&rsaquo;<\/a><\/li>\n\n<\/ul>\n\n\n--><br \/>\n<\/body><\/p>\n","protected":false},"excerpt":{"rendered":"<p>EL TIRO RAPIDO&#13; &#13; de&#13; &#13; Mario Rivadulla &#13; Hoy es, debiera ser para todos los dominicanos, un d\u00eca muy especial.\u00a0 El d\u00eca de Juan Pablo Duarte, el patricio que nos leg\u00f2 su sue\u00f1o de patria hecho realidad.\u00a0 Un d\u00eca que incre\u00edblemente nos han rotado cuando debiera ser de verdadera y respetada santificaci\u00f3n ciudadana.\u00a0 Excelso. [&hellip;]<\/p>\n","protected":false},"author":3,"featured_media":0,"comment_status":"open","ping_status":"open","sticky":false,"template":"","format":"standard","meta":{"footnotes":""},"categories":[16],"tags":[],"class_list":["post-37494","post","type-post","status-publish","format-standard","hentry","category-opiniones"],"_links":{"self":[{"href":"https:\/\/diariodominicano.com\/index.php?rest_route=\/wp\/v2\/posts\/37494","targetHints":{"allow":["GET"]}}],"collection":[{"href":"https:\/\/diariodominicano.com\/index.php?rest_route=\/wp\/v2\/posts"}],"about":[{"href":"https:\/\/diariodominicano.com\/index.php?rest_route=\/wp\/v2\/types\/post"}],"author":[{"embeddable":true,"href":"https:\/\/diariodominicano.com\/index.php?rest_route=\/wp\/v2\/users\/3"}],"replies":[{"embeddable":true,"href":"https:\/\/diariodominicano.com\/index.php?rest_route=%2Fwp%2Fv2%2Fcomments&post=37494"}],"version-history":[{"count":0,"href":"https:\/\/diariodominicano.com\/index.php?rest_route=\/wp\/v2\/posts\/37494\/revisions"}],"wp:attachment":[{"href":"https:\/\/diariodominicano.com\/index.php?rest_route=%2Fwp%2Fv2%2Fmedia&parent=37494"}],"wp:term":[{"taxonomy":"category","embeddable":true,"href":"https:\/\/diariodominicano.com\/index.php?rest_route=%2Fwp%2Fv2%2Fcategories&post=37494"},{"taxonomy":"post_tag","embeddable":true,"href":"https:\/\/diariodominicano.com\/index.php?rest_route=%2Fwp%2Fv2%2Ftags&post=37494"}],"curies":[{"name":"wp","href":"https:\/\/api.w.org\/{rel}","templated":true}]}}