{"id":374895,"date":"2022-08-09T23:59:46","date_gmt":"2022-08-10T03:59:46","guid":{"rendered":"http:\/\/diariodominicano.com\/?p=374895"},"modified":"2022-08-09T23:59:46","modified_gmt":"2022-08-10T03:59:46","slug":"juan-pablo-duarte-perez-y-pina-y-llegan-a-vieques-puerto-rico","status":"publish","type":"post","link":"https:\/\/diariodominicano.com\/?p=374895","title":{"rendered":"Juan Pablo Duarte, P\u00e9rez y Pina y llegan a Vieques, Puerto Rico"},"content":{"rendered":"\n<p><strong>Por H\u00e9ctor Tineo Nolasco<\/strong><\/p>\n\n\n\n<p><strong>Diariodominicano.com<\/strong><\/p>\n\n\n\n<p>SANTO DOMINGO, el 10 de agosto de 1843, Juan Pablo Duarte, y sus compa\u00f1eros de La Trinitaria, Juan Isidro P\u00e9rez&nbsp; y&nbsp; Pedro Alejandro Pina, llegaron a la isla de Vieques,&nbsp; Puerto Rico.<\/p>\n\n\n\n<p>&nbsp;&nbsp; Los tres salieron al exilio el 2 de agosto de 1843 para evadir la persecuci\u00f3n del Gobierno de Hait\u00ed.<\/p>\n\n\n\n<p>&nbsp;&nbsp;&nbsp; Juan Pablo Duarte, estaba calificado por el Gobierno de Hait\u00ed como \u201cEl Jefe de la revoluci\u00f3n\u201d, tras recibir informes del movimiento independentista que lideraba Duarte, quien fund\u00f3 con ese prop\u00f3sito el 16 de julio de 1838, la Sociedad Secreta La Trinitaria.<\/p>\n\n\n\n<p>&nbsp;&nbsp; El Gobierno haitiano tambi\u00e9n ofrec\u00eda a la persona que ayudara a localizar a Duarte, tres mil pesos y la charretera de Coronel.<\/p>\n\n\n\n<p>&nbsp;&nbsp;&nbsp; <strong>Rosa Duarte, en \u201cApuntes para la Historia de la Isla de Santo Domingo\u201d, anota que Juan Pablo Duarte, Pedro Alejandrino Pina&nbsp;&nbsp; y Juan Isidro P\u00e9rez, iniciaron el viaje a las 8 de la noche del d\u00eda 2 de agosto de 1843, cuando abordaron un bote en el r\u00edo Ozama&nbsp; para llegar a las afueras del Puerto de Santo Domingo, donde abordaron un&nbsp; buque&nbsp; que los&nbsp; transport\u00f3 a Venezuela.<\/strong><strong><\/strong><\/p>\n\n\n\n<p>&nbsp;&nbsp;&nbsp;&nbsp; Resalta que Duarte y sus compa\u00f1eros iban muy tristes por la situaci\u00f3n&nbsp; \u201cdesgraciada de su patria,&nbsp; por la suerte de sus padres,&nbsp; hermanos y amigos y por no haber sido posible salvar con ellos al mejor de sus amigos, al m\u00e1s acendrado patriota, Francisco del Rosario S\u00e1nchez&nbsp; que dejaban a las puertas&nbsp; del sepulcro\u201d.<\/p>\n\n\n\n<p>&nbsp;&nbsp;&nbsp; Francisco del Rosario S\u00e1nchez en la ocasi\u00f3n hab\u00eda permanecido en cama&nbsp; durante los \u00faltimos d\u00edas.<\/p>\n\n\n\n<p>&nbsp;&nbsp;&nbsp; Rosa Duarte precisa que Duarte y sus compa\u00f1eros abordaron el buque a las 10 de la noche;&nbsp; y&nbsp; en el momento \u201cel viento era muy escaso\u2026\u201d.<\/p>\n\n\n\n<p>&nbsp;&nbsp;&nbsp; Precisa que el d\u00eda 10 de agosto los tres trinitarios desembarcaron en la isla de Vieques, en Puerto Rico.<\/p>\n\n\n\n<p>&nbsp;&nbsp;&nbsp; Juan Pablo Duarte y sus compa\u00f1eros se encontraban en el exilio cuando fue proclamada la Rep\u00fablica el 27 de febrero de 1844. Regresaron el d\u00eda 14 de marzo de ese a\u00f1o.<\/p>\n\n\n\n<p>&nbsp;&nbsp;&nbsp; El 30 de julio de 1843, el l\u00edder de la Trinitaria, Juan Pablo Duarte tom\u00f3 la decisi\u00f3n de salir del pa\u00eds para evitar ser detenido por el Gobierno haitiano.<\/p>\n\n\n\n<p>&nbsp;&nbsp; El 30 de julio de 1843, Juan Pablo Duarte,&nbsp; Pedro Alejandrino Pina y Juan Isidro P\u00e9rez,&nbsp; se trasladaron a Pajarito, (hoy Villa Duarte) en la zona oriental y se refugiaron en la residencia del ciudadano espa\u00f1ol&nbsp; Pascual&nbsp; C. L\u00f3pez.<\/p>\n\n\n\n<p>&nbsp; El&nbsp; 30 de julio de 1843, Juan Pablo Duarte y Pedro Alejandrino Pina visitaron la residencia de Juan Alejandro Acosta y trataron sobre la forma en que saldr\u00edan de la ciudad de Santo Domingo,&nbsp; para escapar a la persecuci\u00f3n del Gobierno haitiano.<\/p>\n\n\n\n<p>&nbsp;&nbsp; El&nbsp; 29 de julio de 1843, Juan Pablo Duarte y Pedro Alejandrino Pina, se refugiaron en la residencia de Jos\u00e9 Botello, en la ciudad de Santo Domingo.<\/p>\n\n\n\n<p>&nbsp;&nbsp; Juan Pablo Duarte y los dem\u00e1s miembros de La Trinitaria,&nbsp; eran perseguidos por el Gobierno haitiano, porque ten\u00eda informes de que realizaban actividades para separarse de Hait\u00ed y fundar una&nbsp; naci\u00f3n libre y soberana.<\/p>\n\n\n\n<p>&nbsp;&nbsp; Rosa Duarte, en&nbsp; \u201cApuntes para la Historia de la isla de Santo Domingo\u201d, anota que el d\u00eda 29&nbsp; de julio de 1843, Duarte y Pedro Alejandrino Pina lo pasaron en la residencia del se\u00f1or&nbsp; Jos\u00e9 Botello, \u201cbastante amargamente\u201d.<\/p>\n\n\n\n<p>&nbsp;&nbsp;&nbsp; El Gobierno haitiano inici\u00f3 la ocupaci\u00f3n de la parte oriental de la Isla de Santo Domingo, el d\u00eda 8 de febrero de 1822, cuando el Presidente haitiano Jean Pierre Boyer,&nbsp; recibi\u00f3 las llaves de la ciudad&nbsp; de manos del licenciado Jos\u00e9 N\u00fa\u00f1ez de C\u00e1ceres.<\/p>\n\n\n\n<p>&nbsp;&nbsp; Durante el mes de julio de 1843, las fuerzas militares del Gobierno haitiano intensificaron la persecuci\u00f3n contra los trinitarios.<\/p>\n\n\n\n<p>&nbsp; El d\u00eda 24 de julio de 1843, la residencia de la familia de Juan Pablo Duarte y la de su t\u00edo Jos\u00e9 D\u00edez, fueron allanadas por militares haitianos que trataban de localizar al l\u00edder trinitario.<\/p>\n\n\n\n<p>&nbsp;&nbsp;&nbsp;&nbsp; Ese d\u00eda Duarte y varios de sus compa\u00f1eros lograron escapar al saltar por patios de residencias vecinas hasta llegar a la casa de&nbsp; Teodoro Ariza.<\/p>\n\n\n\n<p>&nbsp;&nbsp;&nbsp;&nbsp; El partido&nbsp; independentista se encontraba en plena actividad desde el d\u00eda 16 de julio de 1838,&nbsp; cuando un grupo de j\u00f3venes liderados por Juan Pablo Duarte, fundaron en la ciudad de Santo Domingo, la Sociedad Secreta La Trinitaria, con el objetivo de fundar la Rep\u00fablica Dominicana.<\/p>\n\n\n\n<p>&nbsp;&nbsp;&nbsp; El entusiasmo de&nbsp; Duarte estimul\u00f3 a los j\u00f3venes de su generaci\u00f3n, lo que le permiti\u00f3 fundar el 16 de julio de 1838, la Sociedad Secreta La Trinitaria, en una reuni\u00f3n que celebraron en la residencia de la se\u00f1ora Josefa P\u00e9rez.<\/p>\n\n\n\n<p>&nbsp;&nbsp;&nbsp;&nbsp; Junto a Juan Pablo Duarte fundaron&nbsp; La Trinitaria, Juan Isidro P\u00e9rez, Pedro Alejandrino Pina, Felix Mar\u00eda Ru\u00edz, Benito Gonz\u00e1lez, Juan Nepomuceno Ravelo, Felipe Alfau, Jos\u00e9 Mar\u00eda Serra y Jacinto de la Concha.<\/p>\n\n\n\n<p>&nbsp;&nbsp;&nbsp; El d\u00eda de la fundaci\u00f3n de La Trinitaria, el d\u00eda 16 de julio de 1838,&nbsp; asumieron el compromiso de crear una naci\u00f3n libre y soberana en la parte oriental de la isla de Santo Domingo.<\/p>\n","protected":false},"excerpt":{"rendered":"<p>Por H\u00e9ctor Tineo Nolasco Diariodominicano.com SANTO DOMINGO, el 10 de agosto de 1843, Juan Pablo Duarte, y sus compa\u00f1eros de La Trinitaria, Juan Isidro P\u00e9rez&nbsp; y&nbsp; Pedro Alejandro Pina, llegaron a la isla de Vieques,&nbsp; Puerto Rico. &nbsp;&nbsp; Los tres salieron al exilio el 2 de agosto de 1843 para evadir la persecuci\u00f3n del Gobierno [&hellip;]<\/p>\n","protected":false},"author":28,"featured_media":265176,"comment_status":"closed","ping_status":"","sticky":true,"template":"","format":"standard","meta":{"footnotes":""},"categories":[26,27],"tags":[],"class_list":["post-374895","post","type-post","status-publish","format-standard","has-post-thumbnail","hentry","category-efemerides","category-portada"],"_links":{"self":[{"href":"https:\/\/diariodominicano.com\/index.php?rest_route=\/wp\/v2\/posts\/374895","targetHints":{"allow":["GET"]}}],"collection":[{"href":"https:\/\/diariodominicano.com\/index.php?rest_route=\/wp\/v2\/posts"}],"about":[{"href":"https:\/\/diariodominicano.com\/index.php?rest_route=\/wp\/v2\/types\/post"}],"author":[{"embeddable":true,"href":"https:\/\/diariodominicano.com\/index.php?rest_route=\/wp\/v2\/users\/28"}],"replies":[{"embeddable":true,"href":"https:\/\/diariodominicano.com\/index.php?rest_route=%2Fwp%2Fv2%2Fcomments&post=374895"}],"version-history":[{"count":1,"href":"https:\/\/diariodominicano.com\/index.php?rest_route=\/wp\/v2\/posts\/374895\/revisions"}],"predecessor-version":[{"id":374896,"href":"https:\/\/diariodominicano.com\/index.php?rest_route=\/wp\/v2\/posts\/374895\/revisions\/374896"}],"wp:featuredmedia":[{"embeddable":true,"href":"https:\/\/diariodominicano.com\/index.php?rest_route=\/wp\/v2\/media\/265176"}],"wp:attachment":[{"href":"https:\/\/diariodominicano.com\/index.php?rest_route=%2Fwp%2Fv2%2Fmedia&parent=374895"}],"wp:term":[{"taxonomy":"category","embeddable":true,"href":"https:\/\/diariodominicano.com\/index.php?rest_route=%2Fwp%2Fv2%2Fcategories&post=374895"},{"taxonomy":"post_tag","embeddable":true,"href":"https:\/\/diariodominicano.com\/index.php?rest_route=%2Fwp%2Fv2%2Ftags&post=374895"}],"curies":[{"name":"wp","href":"https:\/\/api.w.org\/{rel}","templated":true}]}}