{"id":37488,"date":"2007-02-04T23:00:50","date_gmt":"2007-02-04T23:00:50","guid":{"rendered":"http:\/\/diariodominicano.ddns.net\/?p=37488"},"modified":"2007-02-04T23:00:50","modified_gmt":"2007-02-04T23:00:50","slug":"los-temas-de-teledebate-28","status":"publish","type":"post","link":"https:\/\/diariodominicano.com\/?p=37488","title":{"rendered":"LOS TEMAS DE TELEDEBATE"},"content":{"rendered":"<p><body><\/p>\n<p class=\"titulogrande1\">LOS TEMAS DE TELEDEBATE<\/p>\n<p>&#13;<\/p>\n<p align=\"justify\"><strong>LA CONVENCI\u00d3N DEL PRD.<\/strong>\u00a0  <span class=\"text1noticias\">Contrario a la tradici\u00f3n de ese partido, a lo que se daba por seguro  despu\u00e8s de la intensa campa\u00f1a llevada a cabo por Milagros Ortiz Bosch y Miguel  Vargas Maldonado y a los diversos cuestionamientos hechos por la ex  vicepresidenta a distintos aspectos de la Convenci\u00f3n efectuada el pasado  domingo, \u00e8sta transcurri\u00f2 en pr\u00e1cticamente total calma.\u00a0 Los perrede\u00ecstas de base repitieron a lo  interno de su partido lo que hacen al igual que el resto del electorado cuando  asisten a las urnas para elegir Presidente o escoger congresistas y s\u00edndicos:  votar en orden y sin incidentes.\u00a0 Estos,  queda demostrado una vez m\u00e0s, lo crean los candidatos y dirigentes pol\u00edticos en  sus tensas y a veces desgarrantes luchas por las posiciones.\u00a0 Sin dudas, el PRD sale fortalecido en su  imagen, hacia adentro y hacia fuera por la forma en que transcurri\u00f2 el  evento.\u00a0 Falta ahora ver si Miguel Vargas  Maldonado, cuya victoria fue reconocida por la doctora Ortiz Bosch en un gesto  que la enaltece igual que al resto de los integrantes de la Corriente Unitaria,  posee el poder aglutinador necesario para que ese partido pueda concurrir unido  a la contienda electoral de mayo del 2008.<\/span><\/p>\n<p>&#13;<\/p>\n<p align=\"justify\" class=\"text1noticias\"><strong>DROGAS.\u00a0<\/strong> El tema de las drogas contin\u00f9a sobre la  alfombra de la actualidad.\u00a0 En tanto, el  experto de la OEA en esta \u00e0rea, el se\u00f1or Stein, de visita en el pa\u00ecs, muestra  justificada preocupaci\u00f2n por el uso creciente de ni\u00f1os por parte del  narcotr\u00e1fico, fen\u00f3meno que no s\u00f2lo se est\u00e0 registrando aqu\u00ec sino en sentido  general, el Presidente de la Direcci\u00f2n Nacional de Control de Drogas reconoce  que Hait\u00ec y Rep\u00f9blica Dominicana est\u00e0n utilizadas por los poderosos carteles de  la droga como puente para el tr\u00e0fico, sobre todo hacia el atractivo y extenso  mercado norteamericano y tambi\u00e8n el europeo.\u00a0  Al mismo tiempo, reitera lo que es una verdad de a pu\u00f1o: la de que somos  un pa\u00ecs pobre que carece de recursos para enfrentar el problema de las drogas  con la amplitud y eficacia requeridas.\u00a0  No obstante, trabajando a mano pelada, el organismo se ha apuntado  algunos buenos golpes contra las bandas de narcos.\u00a0 De hecho, como expresa el mayor general  Ram\u00edrez Ferreiras, parte de los ajustes de cuentas que han tenido lugar  \u00faltimamente se debe a distribuidores que no han podido pagar la droga que  adquieren debido a las frecuentes ocupaciones que lleva a cabo la Direcci\u00f2n de  Control de Drogas. Pero es preciso que la ciudadan\u00eca cobre conciencia de la  gravedad del problema.<\/p>\n<p>&#13;<\/p>\n<p align=\"justify\" class=\"text1noticias\"><strong>CONGRESO DE J\u00d3VENES.\u00a0<\/strong> Estimulante el ejemplo ofrecido por cientos  de j\u00f3venes participantes en el Congreso promovido por la Iglesia Cat\u00f3lica y  coordinado por el padre Luis Rosario, encargado de la Pastoral Juvenil.\u00a0 Los exponentes de la generaci\u00f3n de relevo  dejaron bien en claro sus inquietudes orientadas, entre otras metas, a combatir  el tr\u00e0fico y consumo de drogas, frenar y sancionar la corrupci\u00f2n, impulsar  pol\u00edticas de empleo y educaci\u00f3n, elevar el nivel de preocupaci\u00f2n y ayuda de los  padres en el hogar como ingrediente indispensable para normar la conducta de  sus hijos. Tambi\u00e8n fustigaron la discriminaci\u00f3n en todas sus formas y de manera  espec\u00ecfica se refirieron al caso de los afectados por el SIDA reclamando para  ellos tanto atenci\u00f3n m\u00e8dica como compasi\u00f3n, comprensi\u00f3n y ayuda.\u00a0 Un hermoso encuentro que demuestra que  todav\u00eca una gran parte de la juventud comulga con sanos principios y persigue  fines altruistas.<\/p>\n<p>&#13;<\/p>\n<h6> 2007-02-04 23:00:50 <\/h6>\n<p><!--\n<link rel=\"stylesheet\" href=\"css\/bootstrap.min.css\">\n\n\n<ul class=\"pagination\">\n\t    \n\t\n\n<li >\n\t<a href='?page_no=13245'>Previous<\/a>\n\t<\/li>\n\n\n       \n    \n\n<li><a href='?page_no=1'>1<\/a><\/li>\n\n\n\n<li><a href='?page_no=2'>2<\/a><\/li>\n\n\n\n<li><a>...<\/a><\/li>\n\n\n\n<li><a href='?page_no=13244'>13244<\/a><\/li>\n\n\n\n<li><a href='?page_no=13245'>13245<\/a><\/li>\n\n\n\n<li class='active'><a>13246<\/a><\/li>\n\n\n\n<li><a href='?page_no=13247'>13247<\/a><\/li>\n\n\n\n<li><a href='?page_no=13248'>13248<\/a><\/li>\n\n\n\n<li><a>...<\/a><\/li>\n\n\n\n<li><a href='?page_no=13611'>13611<\/a><\/li>\n\n\n\n<li><a href='?page_no=13612'>13612<\/a><\/li>\n\n    \n\t\n\n<li >\n\t<a href='?page_no=13247'>Next<\/a>\n\t<\/li>\n\n\n    \n\n<li><a href='?page_no=13612'>Last &rsaquo;&rsaquo;<\/a><\/li>\n\n<\/ul>\n\n\n--><br \/>\n<\/body><\/p>\n","protected":false},"excerpt":{"rendered":"<p>LOS TEMAS DE TELEDEBATE &#13; LA CONVENCI\u00d3N DEL PRD.\u00a0 Contrario a la tradici\u00f3n de ese partido, a lo que se daba por seguro despu\u00e8s de la intensa campa\u00f1a llevada a cabo por Milagros Ortiz Bosch y Miguel Vargas Maldonado y a los diversos cuestionamientos hechos por la ex vicepresidenta a distintos aspectos de la Convenci\u00f3n [&hellip;]<\/p>\n","protected":false},"author":3,"featured_media":0,"comment_status":"open","ping_status":"open","sticky":false,"template":"","format":"standard","meta":{"footnotes":""},"categories":[16],"tags":[],"class_list":["post-37488","post","type-post","status-publish","format-standard","hentry","category-opiniones"],"_links":{"self":[{"href":"https:\/\/diariodominicano.com\/index.php?rest_route=\/wp\/v2\/posts\/37488","targetHints":{"allow":["GET"]}}],"collection":[{"href":"https:\/\/diariodominicano.com\/index.php?rest_route=\/wp\/v2\/posts"}],"about":[{"href":"https:\/\/diariodominicano.com\/index.php?rest_route=\/wp\/v2\/types\/post"}],"author":[{"embeddable":true,"href":"https:\/\/diariodominicano.com\/index.php?rest_route=\/wp\/v2\/users\/3"}],"replies":[{"embeddable":true,"href":"https:\/\/diariodominicano.com\/index.php?rest_route=%2Fwp%2Fv2%2Fcomments&post=37488"}],"version-history":[{"count":0,"href":"https:\/\/diariodominicano.com\/index.php?rest_route=\/wp\/v2\/posts\/37488\/revisions"}],"wp:attachment":[{"href":"https:\/\/diariodominicano.com\/index.php?rest_route=%2Fwp%2Fv2%2Fmedia&parent=37488"}],"wp:term":[{"taxonomy":"category","embeddable":true,"href":"https:\/\/diariodominicano.com\/index.php?rest_route=%2Fwp%2Fv2%2Fcategories&post=37488"},{"taxonomy":"post_tag","embeddable":true,"href":"https:\/\/diariodominicano.com\/index.php?rest_route=%2Fwp%2Fv2%2Ftags&post=37488"}],"curies":[{"name":"wp","href":"https:\/\/api.w.org\/{rel}","templated":true}]}}