{"id":37487,"date":"2007-02-04T23:18:18","date_gmt":"2007-02-04T23:18:18","guid":{"rendered":"http:\/\/diariodominicano.ddns.net\/?p=37487"},"modified":"2007-02-04T23:18:18","modified_gmt":"2007-02-04T23:18:18","slug":"las-boticas-populares-negocio-o-servicio","status":"publish","type":"post","link":"https:\/\/diariodominicano.com\/?p=37487","title":{"rendered":"Las boticas populares, negocio o servicio"},"content":{"rendered":"<p><body><\/p>\n<p class=\"titulogrande1\"><strong>PUNTO Y COMA<\/strong><\/p>\n<p>&#13;<\/p>\n<p><span class=\"linksnoticias\">Por <\/span><span class=\"textogrande\">Santos Aquino Rubio<\/span><\/p>\n<p>&#13;<\/p>\n<p><strong>Las boticas populares, negocio o servicio<\/strong><\/p>\n<p>&#13;<\/p>\n<p align=\"justify\" class=\"text1noticias\">Dicen que con el tiempo el humano se hace m\u00e1s sabio. Y  esto es as\u00ed, no s\u00f3lo por el conocimiento, sino por la experiencia de los a\u00f1os y  por los tropezones que damos en la vida.<\/p>\n<p>&#13;<\/p>\n<p align=\"justify\" class=\"text1noticias\">Desde que\u00a0 se  cre\u00e9 el sistema de Boticas Populares, la gente sensata tiene la creencia de que  fue una decisi\u00f3n extraordinaria, sobre todo, porque su misi\u00f3n era la de4  favorecer a los buscadores de salud y de medicamentos de menos recursos y se  concibi\u00f3 como una especie de protecci\u00f3n del Estado.<\/p>\n<p>&#13;<\/p>\n<p align=\"justify\" class=\"text1noticias\">Sin embargo, parece que esta percepci\u00f3n es err\u00f3nea y  que, con honrosas excepciones, la\u00a0 raz\u00f3n  verdadera de su existencia, es la de favorecer a clientes pol\u00edticos, amigos y  correligionarios, a quines el Estado debe resarcirle por la labor pol\u00edtica  hecha a favor de tal o cual partido.<\/p>\n<p>&#13;<\/p>\n<p align=\"justify\" class=\"text1noticias\">Lo grave del caso es, que los administradores y  empleados de esas Boticas Populares, son designados y cobran un salario, para  hacer sus propios negocios. Esto as\u00ed, porque en poco difieren de las farmacias  comerciales, que pagan sus impuestos y tienen derecho a comercializar en sus  establecimientos lo que les venga en gana sin transgredir las exigencias  sanitarias.<\/p>\n<p>&#13;<\/p>\n<p align=\"justify\" class=\"text1noticias\">En muchas de estas boticas y, ojala la directora de  Promesa haga una investigaci\u00f3n, para que compruebe que en esas boticas se  expenden productos de marcha, se recibe a los vendedores de laboratorio y, que  incluso expenden hasta esmaltes y de u\u00f1as, perfumes y variados cosm\u00e9ticos. <\/p>\n<p>&#13;<\/p>\n<p align=\"justify\" class=\"text1noticias\">En gran parte de estos establecimientos, sobre todo,  los que funcionan en los barrios fuera de los dispensarios y hospitales,  expenden medicamentos de marcas y a los mismos precios que las boticas  privadas.<\/p>\n<p>&#13;<\/p>\n<p align=\"justify\" class=\"text1noticias\">Es decir, que si estos establecimientos no han de  cumplir con la acci\u00f3n social y humana para la que fueron creados, no vale la  pena que est\u00e9n operando a cargo del Estado, es decir, de los impuestos que  debemos pagar para tener la facilidad de estos servicios.<\/p>\n<p>&#13;<\/p>\n<p align=\"justify\" class=\"text1noticias\">Ojo con esto, porque no es justo ni razonable lo que  se est\u00e1, am\u00e9n de la competencia desleal a los establecimientos que deben  cumplir con las exigencias fiscales y laborales.<\/p>\n<p>&#13;<\/p>\n<p align=\"justify\" class=\"text1noticias\">El autor es abogado y periodista. <\/p>\n<p>&#13;<\/p>\n<h6> 2007-02-04 23:18:18 <\/h6>\n<p><!--\n<link rel=\"stylesheet\" href=\"css\/bootstrap.min.css\">\n\n\n<ul class=\"pagination\">\n\t    \n\t\n\n<li >\n\t<a href='?page_no=13244'>Previous<\/a>\n\t<\/li>\n\n\n       \n    \n\n<li><a href='?page_no=1'>1<\/a><\/li>\n\n\n\n<li><a href='?page_no=2'>2<\/a><\/li>\n\n\n\n<li><a>...<\/a><\/li>\n\n\n\n<li><a href='?page_no=13243'>13243<\/a><\/li>\n\n\n\n<li><a href='?page_no=13244'>13244<\/a><\/li>\n\n\n\n<li class='active'><a>13245<\/a><\/li>\n\n\n\n<li><a href='?page_no=13246'>13246<\/a><\/li>\n\n\n\n<li><a href='?page_no=13247'>13247<\/a><\/li>\n\n\n\n<li><a>...<\/a><\/li>\n\n\n\n<li><a href='?page_no=13611'>13611<\/a><\/li>\n\n\n\n<li><a href='?page_no=13612'>13612<\/a><\/li>\n\n    \n\t\n\n<li >\n\t<a href='?page_no=13246'>Next<\/a>\n\t<\/li>\n\n\n    \n\n<li><a href='?page_no=13612'>Last &rsaquo;&rsaquo;<\/a><\/li>\n\n<\/ul>\n\n\n--><br \/>\n<\/body><\/p>\n","protected":false},"excerpt":{"rendered":"<p>PUNTO Y COMA &#13; Por Santos Aquino Rubio &#13; Las boticas populares, negocio o servicio &#13; Dicen que con el tiempo el humano se hace m\u00e1s sabio. Y esto es as\u00ed, no s\u00f3lo por el conocimiento, sino por la experiencia de los a\u00f1os y por los tropezones que damos en la vida. &#13; Desde que\u00a0 [&hellip;]<\/p>\n","protected":false},"author":3,"featured_media":0,"comment_status":"open","ping_status":"open","sticky":false,"template":"","format":"standard","meta":{"footnotes":""},"categories":[16],"tags":[],"class_list":["post-37487","post","type-post","status-publish","format-standard","hentry","category-opiniones"],"_links":{"self":[{"href":"https:\/\/diariodominicano.com\/index.php?rest_route=\/wp\/v2\/posts\/37487","targetHints":{"allow":["GET"]}}],"collection":[{"href":"https:\/\/diariodominicano.com\/index.php?rest_route=\/wp\/v2\/posts"}],"about":[{"href":"https:\/\/diariodominicano.com\/index.php?rest_route=\/wp\/v2\/types\/post"}],"author":[{"embeddable":true,"href":"https:\/\/diariodominicano.com\/index.php?rest_route=\/wp\/v2\/users\/3"}],"replies":[{"embeddable":true,"href":"https:\/\/diariodominicano.com\/index.php?rest_route=%2Fwp%2Fv2%2Fcomments&post=37487"}],"version-history":[{"count":0,"href":"https:\/\/diariodominicano.com\/index.php?rest_route=\/wp\/v2\/posts\/37487\/revisions"}],"wp:attachment":[{"href":"https:\/\/diariodominicano.com\/index.php?rest_route=%2Fwp%2Fv2%2Fmedia&parent=37487"}],"wp:term":[{"taxonomy":"category","embeddable":true,"href":"https:\/\/diariodominicano.com\/index.php?rest_route=%2Fwp%2Fv2%2Fcategories&post=37487"},{"taxonomy":"post_tag","embeddable":true,"href":"https:\/\/diariodominicano.com\/index.php?rest_route=%2Fwp%2Fv2%2Ftags&post=37487"}],"curies":[{"name":"wp","href":"https:\/\/api.w.org\/{rel}","templated":true}]}}