{"id":37484,"date":"2007-02-06T00:41:15","date_gmt":"2007-02-06T00:41:15","guid":{"rendered":"http:\/\/diariodominicano.ddns.net\/?p=37484"},"modified":"2007-02-06T00:41:15","modified_gmt":"2007-02-06T00:41:15","slug":"politica-y-poder","status":"publish","type":"post","link":"https:\/\/diariodominicano.com\/?p=37484","title":{"rendered":"Pol\u00edtica y poder"},"content":{"rendered":"<p><body><\/p>\n<p><span class=\"titulogrande1\">Pol\u00edtica y poder<\/span><br \/>&#13;<br \/>\n  <br \/>&#13;<br \/>\n    <span class=\"textogrande\">Jos\u00e9 Reyes Mart\u00ednez<\/span><\/p>\n<p>&#13;<\/p>\n<p align=\"justify\" class=\"text1noticias\">Con buenas evidencias, Anthony Giddens, el te\u00f3rico de la Tercera V\u00eda, nos dice que \u00abla confianza en los l\u00edderes y las  instituciones, constituyen el fundamento radical que tiene en pie y da cohesi\u00f3n a las  sociedades complejas\u00bb.<\/p>\n<p>&#13;<\/p>\n<p align=\"justify\" class=\"text1noticias\">Por eso el Congreso de Venezuela acaba de dar poderes  especiales, durante 18 \u00a0meses, al  presidente Hugo Ch\u00e1vez, para consolidar el nuevo proceso democr\u00e1tico que le devolver\u00e1 al pueblo venezolano la  dignidad y el bienestar \u00a0que  hist\u00f3ricamente hab\u00eda perdido.<\/p>\n<p>&#13;<\/p>\n<p align=\"justify\" class=\"text1noticias\">Con\u00a0 apoyo masivo de  la sociedad venezolana, que lo ha respotulado con el 62.89 por ciento de los votos, Ch\u00e1vez reasumi\u00f3\u00a0 la direcci\u00f3n del Estado hasta el 2012, para consolidar la confianza\u00a0 de la poblaci\u00f3n en las instituciones y la gobernabilidad de la naci\u00f3n.<\/p>\n<p>&#13;<\/p>\n<p align=\"justify\" class=\"text1noticias\">Es decir, el presidente Ch\u00e1vez tiene ahora la  responsabilidad de la construcci\u00f3n de una sociedad, que mediante sus instituciones  y sus leyes, sea el soporte de la justicia, la libertad y las  oportunidades para todos los ciudadanos de disfrutar de la riqueza de\u00a0 naci\u00f3n.<\/p>\n<p>&#13;<\/p>\n<p align=\"justify\" class=\"text1noticias\">Lo cierto es que el l\u00edder de esa naci\u00f3n, con su proceso  democr\u00e1tico y progresista, esta construyendo la refundaci\u00f3n de\u00a0 la Rep\u00fablica Bolivariana de Venezuela, y, con la promulgaci\u00f3n de una nueva  constituci\u00f3n, le devuelve \u00a0a la poblaci\u00f3n  el poder de decidir su propio destino<\/p>\n<p>&#13;<\/p>\n<p align=\"justify\" class=\"text1noticias\">Y sobre todo, por la credibilidad, el contundente apoyo de  la sociedad venezolana y los cuantiosos recursos que maneja por la  exportaci\u00f3n de petr\u00f3leo, tiene la oportunidad hist\u00f3rica de continuar  avanzando en el proceso de democratizaci\u00f3n, el adecentamiento y la  dignificaci\u00f3n de la vida y el porvenir del laborioso pueblo venezolano.<\/p>\n<p>&#13;<\/p>\n<p align=\"justify\" class=\"text1noticias\">Adem\u00e1s, el apoyo recibido en la pasada elecciones, es un  evidente reconocimiento a un nuevo estilo de ejercer el poder,  diferente al tradicional, m\u00e1s equitativo y mejor conectado a las  necesidades\u00a0 y los sue\u00f1os de la poblaci\u00f3n que lo ha repostulado para un nuevo  mandato.<\/p>\n<p>&#13;<\/p>\n<p align=\"justify\" class=\"text1noticias\">Pues, luce que el presidente Ch\u00e1vez ha entendido la lecci\u00f3n  de que gobernar \u00a0una naci\u00f3n e implementar  las pol\u00edticas econ\u00f3micas y sociales que demanda la \u00a0sociedad para su desarrollo y bienestar, es un  proceso que ata\u00f1e al esfuerzo \u00a0colectivo.<\/p>\n<p>&#13;<\/p>\n<p align=\"justify\" class=\"text1noticias\">Lo cierto es que, en Venezuela, as\u00ed como en otros pa\u00edses de  la regi\u00f3n, el liderazgo pol\u00edtico tradicional pocas veces ha entendido que  sus artima\u00f1as, sus astucias, as\u00ed como la habilidad para estar desconectados  de las leg\u00edtimas demandas sociales, tienen sus l\u00edmites y se paga  bien caro.<\/p>\n<p>&#13;<\/p>\n<p align=\"justify\" class=\"text1noticias\">Organizaciones\u00a0  pol\u00edticas\u00a0 tradicionales, da\u00f1adas  por la corrupci\u00f3n y la ineficiencia y los esc\u00e1ndalos p\u00fablicos, como\u00a0 los partidos Acci\u00f3n Democr\u00e1tica y el COPEI, perdieron\u00a0 la credibilidad pol\u00edtica y la base de sustentaci\u00f3n popular.<\/p>\n<p>&#13;<\/p>\n<p align=\"justify\" class=\"text1noticias\">Estos dos partidos, que mantuvieron la hegemon\u00eda del poder y  el control de la riqueza petrolera para beneficio de minor\u00edas y  dirigentes, derivaron en el nacimiento del Movimiento V Rep\u00fablica (MVR) del  presidente Ch\u00e1vez.<\/p>\n<p>&#13;<\/p>\n<p align=\"justify\" class=\"text1noticias\">De ah\u00ed que la ausencia absoluta de acciones \u00e9ticas en el  ejercicio de la pol\u00edtica y el poder, fue\u00a0  lo que aceler\u00f3 la crisis de los partidos pol\u00edticos en ese pa\u00eds, y el ascenso exitoso del l\u00edder y estadista  venezolano al Estado de esa rica naci\u00f3n petrolera.<\/p>\n<p>&#13;<\/p>\n<p align=\"justify\" class=\"text1noticias\">La ocasi\u00f3n es propicia, entonces, para saludar y reconocer  el proceso de redenci\u00f3n que ahora se construye en la patria de Bol\u00edvar:  por la justicia y\u00a0 la equidad en la redistribuci\u00f3n de las riquezas, as\u00ed  como\u00a0 el derecho y la libertad de\u00a0 esa  naci\u00f3n\u00a0 para construir su propio destino.<\/p>\n<p>&#13;<\/p>\n<p align=\"justify\" class=\"text1noticias\">En definitiva, ya en Am\u00e9rica Latina se ha empezado a  despertar y entender, que para enfrentar con \u00e9xitos las desigualdades y las  injusticias que padecen nuestros habitantes, se precisa de un nuevo  liderazgo\u00a0 que entienda que nos urgen cambios en la forma y el contenido de entender  el ejercicio de la pol\u00edtica y el poder.<\/p>\n<p>&#13;<\/p>\n<p align=\"justify\" class=\"text1noticias\">El autor es periodista<br \/>&#13;<br \/>\n  <br \/>&#13;<br \/>\n  <a href=\"http:\/\/webmail.diariodominicano.com\/src\/compose.php?send_to=jr_reyes_16%40hotmail.com\"><strong>jr_reyes_16@hotmail.com<\/strong><\/a><\/p>\n<p>&#13;<\/p>\n<h6> 2007-02-06 00:41:15 <\/h6>\n<p><!--\n<link rel=\"stylesheet\" href=\"css\/bootstrap.min.css\">\n\n\n<ul class=\"pagination\">\n\t    \n\t\n\n<li >\n\t<a href='?page_no=13241'>Previous<\/a>\n\t<\/li>\n\n\n       \n    \n\n<li><a href='?page_no=1'>1<\/a><\/li>\n\n\n\n<li><a href='?page_no=2'>2<\/a><\/li>\n\n\n\n<li><a>...<\/a><\/li>\n\n\n\n<li><a href='?page_no=13240'>13240<\/a><\/li>\n\n\n\n<li><a href='?page_no=13241'>13241<\/a><\/li>\n\n\n\n<li class='active'><a>13242<\/a><\/li>\n\n\n\n<li><a href='?page_no=13243'>13243<\/a><\/li>\n\n\n\n<li><a href='?page_no=13244'>13244<\/a><\/li>\n\n\n\n<li><a>...<\/a><\/li>\n\n\n\n<li><a href='?page_no=13611'>13611<\/a><\/li>\n\n\n\n<li><a href='?page_no=13612'>13612<\/a><\/li>\n\n    \n\t\n\n<li >\n\t<a href='?page_no=13243'>Next<\/a>\n\t<\/li>\n\n\n    \n\n<li><a href='?page_no=13612'>Last &rsaquo;&rsaquo;<\/a><\/li>\n\n<\/ul>\n\n\n--><br \/>\n<\/body><\/p>\n","protected":false},"excerpt":{"rendered":"<p>Pol\u00edtica y poder&#13; &#13; Jos\u00e9 Reyes Mart\u00ednez &#13; Con buenas evidencias, Anthony Giddens, el te\u00f3rico de la Tercera V\u00eda, nos dice que \u00abla confianza en los l\u00edderes y las instituciones, constituyen el fundamento radical que tiene en pie y da cohesi\u00f3n a las sociedades complejas\u00bb. &#13; Por eso el Congreso de Venezuela acaba de dar [&hellip;]<\/p>\n","protected":false},"author":3,"featured_media":0,"comment_status":"open","ping_status":"open","sticky":false,"template":"","format":"standard","meta":{"footnotes":""},"categories":[16],"tags":[],"class_list":["post-37484","post","type-post","status-publish","format-standard","hentry","category-opiniones"],"_links":{"self":[{"href":"https:\/\/diariodominicano.com\/index.php?rest_route=\/wp\/v2\/posts\/37484","targetHints":{"allow":["GET"]}}],"collection":[{"href":"https:\/\/diariodominicano.com\/index.php?rest_route=\/wp\/v2\/posts"}],"about":[{"href":"https:\/\/diariodominicano.com\/index.php?rest_route=\/wp\/v2\/types\/post"}],"author":[{"embeddable":true,"href":"https:\/\/diariodominicano.com\/index.php?rest_route=\/wp\/v2\/users\/3"}],"replies":[{"embeddable":true,"href":"https:\/\/diariodominicano.com\/index.php?rest_route=%2Fwp%2Fv2%2Fcomments&post=37484"}],"version-history":[{"count":0,"href":"https:\/\/diariodominicano.com\/index.php?rest_route=\/wp\/v2\/posts\/37484\/revisions"}],"wp:attachment":[{"href":"https:\/\/diariodominicano.com\/index.php?rest_route=%2Fwp%2Fv2%2Fmedia&parent=37484"}],"wp:term":[{"taxonomy":"category","embeddable":true,"href":"https:\/\/diariodominicano.com\/index.php?rest_route=%2Fwp%2Fv2%2Fcategories&post=37484"},{"taxonomy":"post_tag","embeddable":true,"href":"https:\/\/diariodominicano.com\/index.php?rest_route=%2Fwp%2Fv2%2Ftags&post=37484"}],"curies":[{"name":"wp","href":"https:\/\/api.w.org\/{rel}","templated":true}]}}