{"id":37483,"date":"2007-02-06T00:46:46","date_gmt":"2007-02-06T00:46:46","guid":{"rendered":"http:\/\/diariodominicano.ddns.net\/?p=37483"},"modified":"2007-02-06T00:46:46","modified_gmt":"2007-02-06T00:46:46","slug":"lo-que-sucede-en-new-jersey-8","status":"publish","type":"post","link":"https:\/\/diariodominicano.com\/?p=37483","title":{"rendered":"Lo que sucede en New Jersey"},"content":{"rendered":"<p><body><\/p>\n<p align=\"center\" class=\"titulogrande1\"><strong>Lo que<\/strong> <strong>sucede en New Jersey<\/strong><\/p>\n<p>&#13;<\/p>\n<p align=\"center\"><strong class=\"linksnoticias\">Por<\/strong><strong class=\"textogrande\"> Hector  J. Peniche<\/strong><\/p>\n<p>&#13;<\/p>\n<p align=\"center\" class=\"subtitulos\"><strong>Debate sobre<\/strong> <strong>impuestos en Senado de NJ<\/strong><\/p>\n<p>&#13;<\/p>\n<p align=\"justify\"><strong>New Jersey.-<\/strong> <span class=\"text1noticias\">despu\u00e9s de meses de debates y la aprobaci\u00f3n en la   C\u00e1mara Baja,  pas\u00f3 ahora al Senado la medida que dar\u00e1 alivio efectivo del 20% a los impuestos inmobiliarios de la mayor\u00eda de los due\u00f1os de viviendas del Estado Jard\u00edn,<\/span><\/p>\n<p>&#13;<\/p>\n<p align=\"justify\" class=\"text1noticias\">Se asign\u00f3 una partida de dos mil millones de d\u00f3lares para implementar la reducci\u00f3n en los impuestos a la propiedad con la que se estima que se beneficiar\u00e1n a un mill\u00f3n 800 mil familias. Este programa se denomina cr\u00e9dito tributario.<\/p>\n<p>&#13;<\/p>\n<p align=\"justify\" class=\"text1noticias\">De la misma manera fueron aprobadas tres medidas adicionales dise\u00f1adas para tratar de bajar los gastos gubernamentales que han hecho de New Jersey el estado con impuestos a la propiedad m\u00e1s altos de toda la naci\u00f3n Americana.<\/p>\n<p>&#13;<\/p>\n<p align=\"justify\" class=\"text1noticias\">La otra medida aprobada por la Asamblea y que pasa a manos del Senado es la concerniente a imponer a los condados, municipalidades y distritos escolares un tope de hasta 4% de aumento anual en los gastos que se reflejan en la subida de impuestos a los propietarios, permiti\u00e9ndose que solo se incremente el porcentaje si se busca, en primera instancia, un permiso del estado o de los votantes.<\/p>\n<p>&#13;<\/p>\n<p align=\"justify\" class=\"text1noticias\"><strong>Anuncian<\/strong> <strong>est\u00edmulos<\/strong> <strong>financieros<\/strong> <strong>para<\/strong> <strong>familias<\/strong> <\/p>\n<p>&#13;<\/p>\n<p align=\"justify\" class=\"text1noticias\">El Gobernador del Estado John Corsine anuncio recientes concesiones otorgadas por la Comisi\u00f3n del Fondo de Subvenci\u00f3n para ni\u00f1os con Enfermedades \u00a0catastr\u00f3ficas para ayudar a las familias que est\u00e1n enfrentando gastos m\u00e9dicos extraordinarios en el cuidado de los hijos.<\/p>\n<p>&#13;<\/p>\n<p align=\"justify\" class=\"text1noticias\">Las subvenciones del referido programa aprobadas para los primeros seis meses de este a\u00f1o fiscal excedieron los $ 2.3 millones de d\u00f3lares y ayudaran a 109 familias elegibles a pagar los gastos inesperados relacionados con la enfermedad de su menor. Desde la creaci\u00f3n del fondo se han otorgado m\u00e1s de $100 millones de d\u00f3lares a m\u00e1s de 4,100 familias en todo el Estado de New Jersey.<\/p>\n<p>&#13;<\/p>\n<p align=\"justify\" class=\"text1noticias\">La mayor\u00eda de las familias que han \u00a0\u00a0sido ayudadas por el fondo son familias donde ambos padres trabajan y cuentan con seguro de salud, pero sus gastos de bolsillo fuera de lo que cubre el seguro son mas del 10 por ciento de sus ingresos.<\/p>\n<p>&#13;<\/p>\n<p align=\"justify\" class=\"text1noticias\"><strong>Corte designa<\/strong> <strong>representante legal para<\/strong> <strong>viudo de Celia Cruz<\/strong><\/p>\n<p>&#13;<\/p>\n<p align=\"justify\" class=\"text1noticias\">Luego de fuertes batallas legales por parte de familiares y allegados de la desaparecida artista cubana Celia Cruz, para repartirse la fortuna que en vida la cantante acumul\u00f3 alegrando a \u00a0su p\u00fablico, el Juez Peter Doyne, de la Corte Superior del Condado de Bergen, en New Jersey, design\u00f3 un representante legal para Pedro Knight, viudo de la \u201cReyna de la salsa\u201d, en relaci\u00f3n al manejo de la herencia dejada por su esposa.<\/p>\n<p>&#13;<\/p>\n<p align=\"justify\" class=\"text1noticias\">El juez design\u00f3 al abogado Eric Medina, de la firma Troutman Sander en Manhattan, como representante legal de Knight, de 85 a\u00f1os y fij\u00f3 para esta pr\u00f3xima semana a los designados como albaceas para que comparezcan a la Corte y rindan cuentas sobre la herencia.<\/p>\n<p>&#13;<\/p>\n<p align=\"justify\" class=\"text1noticias\">El viudo de la cantante cubana Celia Cruz quien vivi\u00f3 parte de su vida en este estado, se encuentra recluido en cama bajo el cuidado de Luis Falcon en su residencia de California en estado muy delicado seg\u00fan los reportes de prensa.<\/p>\n<p>&#13;<\/p>\n<p align=\"justify\" class=\"text1noticias\">Al momento de redactar esta noticia nos enteramos de que el se\u00f1or Pedro Knight falleci\u00f3 en su residencia de California.<\/p>\n<p>&#13;<\/p>\n<p align=\"justify\" class=\"text1noticias\"><strong>Hector J. Peniche es un periodista y abogado<\/strong> <strong>residente en el Estado de New Jersey.<\/strong><br \/>&#13;<br \/>\n  <br \/>&#13;<br \/>\n<strong>Email Tauros180@msn.com<\/strong> <\/p>\n<p>&#13;<\/p>\n<h6> 2007-02-06 00:46:46 <\/h6>\n<p><!--\n<link rel=\"stylesheet\" href=\"css\/bootstrap.min.css\">\n\n\n<ul class=\"pagination\">\n\t    \n\t\n\n<li >\n\t<a href='?page_no=13240'>Previous<\/a>\n\t<\/li>\n\n\n       \n    \n\n<li><a href='?page_no=1'>1<\/a><\/li>\n\n\n\n<li><a href='?page_no=2'>2<\/a><\/li>\n\n\n\n<li><a>...<\/a><\/li>\n\n\n\n<li><a href='?page_no=13239'>13239<\/a><\/li>\n\n\n\n<li><a href='?page_no=13240'>13240<\/a><\/li>\n\n\n\n<li class='active'><a>13241<\/a><\/li>\n\n\n\n<li><a href='?page_no=13242'>13242<\/a><\/li>\n\n\n\n<li><a href='?page_no=13243'>13243<\/a><\/li>\n\n\n\n<li><a>...<\/a><\/li>\n\n\n\n<li><a href='?page_no=13611'>13611<\/a><\/li>\n\n\n\n<li><a href='?page_no=13612'>13612<\/a><\/li>\n\n    \n\t\n\n<li >\n\t<a href='?page_no=13242'>Next<\/a>\n\t<\/li>\n\n\n    \n\n<li><a href='?page_no=13612'>Last &rsaquo;&rsaquo;<\/a><\/li>\n\n<\/ul>\n\n\n--><br \/>\n<\/body><\/p>\n","protected":false},"excerpt":{"rendered":"<p>Lo que sucede en New Jersey &#13; Por Hector J. Peniche &#13; Debate sobre impuestos en Senado de NJ &#13; New Jersey.- despu\u00e9s de meses de debates y la aprobaci\u00f3n en la C\u00e1mara Baja, pas\u00f3 ahora al Senado la medida que dar\u00e1 alivio efectivo del 20% a los impuestos inmobiliarios de la mayor\u00eda de los [&hellip;]<\/p>\n","protected":false},"author":3,"featured_media":0,"comment_status":"open","ping_status":"open","sticky":false,"template":"","format":"standard","meta":{"footnotes":""},"categories":[16],"tags":[],"class_list":["post-37483","post","type-post","status-publish","format-standard","hentry","category-opiniones"],"_links":{"self":[{"href":"https:\/\/diariodominicano.com\/index.php?rest_route=\/wp\/v2\/posts\/37483","targetHints":{"allow":["GET"]}}],"collection":[{"href":"https:\/\/diariodominicano.com\/index.php?rest_route=\/wp\/v2\/posts"}],"about":[{"href":"https:\/\/diariodominicano.com\/index.php?rest_route=\/wp\/v2\/types\/post"}],"author":[{"embeddable":true,"href":"https:\/\/diariodominicano.com\/index.php?rest_route=\/wp\/v2\/users\/3"}],"replies":[{"embeddable":true,"href":"https:\/\/diariodominicano.com\/index.php?rest_route=%2Fwp%2Fv2%2Fcomments&post=37483"}],"version-history":[{"count":0,"href":"https:\/\/diariodominicano.com\/index.php?rest_route=\/wp\/v2\/posts\/37483\/revisions"}],"wp:attachment":[{"href":"https:\/\/diariodominicano.com\/index.php?rest_route=%2Fwp%2Fv2%2Fmedia&parent=37483"}],"wp:term":[{"taxonomy":"category","embeddable":true,"href":"https:\/\/diariodominicano.com\/index.php?rest_route=%2Fwp%2Fv2%2Fcategories&post=37483"},{"taxonomy":"post_tag","embeddable":true,"href":"https:\/\/diariodominicano.com\/index.php?rest_route=%2Fwp%2Fv2%2Ftags&post=37483"}],"curies":[{"name":"wp","href":"https:\/\/api.w.org\/{rel}","templated":true}]}}