{"id":37482,"date":"2007-02-06T00:51:30","date_gmt":"2007-02-06T00:51:30","guid":{"rendered":"http:\/\/diariodominicano.ddns.net\/?p=37482"},"modified":"2007-02-06T00:51:30","modified_gmt":"2007-02-06T00:51:30","slug":"ahora-toca-rescatar-el-mural-de-silvano-lora","status":"publish","type":"post","link":"https:\/\/diariodominicano.com\/?p=37482","title":{"rendered":"AHORA TOCA RESCATAR EL MURAL DE SILVANO LORA."},"content":{"rendered":"<p><body><\/p>\n<p><span class=\"titulogrande1\"><strong>AHORA TOCA RESCATAR EL MURAL DE SILVANO LORA.\u00a0\u00a0<\/strong><\/span><strong>\u00a0\u00a0\u00a0\u00a0\u00a0\u00a0\u00a0 <\/strong><\/p>\n<p>&#13;<\/p>\n<p align=\"justify\"><span class=\"linksnoticias\"><strong>Por<\/strong><\/span><strong class=\"text1noticias\"> Narciso Isa Conde<\/strong><br \/>&#13;<br \/>\n    <strong>\u00a0\u00a0\u00a0\u00a0\u00a0\u00a0\u00a0\u00a0\u00a0\u00a0\u00a0\u00a0\u00a0\u00a0\u00a0\u00a0\u00a0\u00a0\u00a0\u00a0\u00a0\u00a0\u00a0\u00a0\u00a0\u00a0\u00a0\u00a0\u00a0\u00a0\u00a0\u00a0\u00a0\u00a0\u00a0\u00a0\u00a0\u00a0\u00a0\u00a0\u00a0\u00a0\u00a0\u00a0\u00a0\u00a0\u00a0\u00a0\u00a0\u00a0\u00a0\u00a0\u00a0\u00a0\u00a0\u00a0\u00a0\u00a0\u00a0\u00a0\u00a0\u00a0\u00a0\u00a0\u00a0\u00a0\u00a0\u00a0\u00a0\u00a0\u00a0\u00a0\u00a0\u00a0\u00a0\u00a0\u00a0\u00a0\u00a0\u00a0\u00a0\u00a0\u00a0\u00a0\u00a0\u00a0\u00a0\u00a0\u00a0\u00a0\u00a0\u00a0\u00a0\u00a0\u00a0\u00a0\u00a0\u00a0\u00a0\u00a0\u00a0\u00a0\u00a0\u00a0\u00a0\u00a0\u00a0\u00a0\u00a0\u00a0<br \/>&#13;<br \/>\n<\/strong><span class=\"text1noticias\">Ya el panfleto monumental  dedicado endiosar a Balaguer y su corte de asesinos, recibi\u00f3 su merecido  inicial.<\/span><\/p>\n<p>&#13;<\/p>\n<p align=\"justify\" class=\"text1noticias\">Quienes oportunamente nos  atrevimos a ejecutar esa decorosa acci\u00f3n, sencillamente interpretamos la  indignaci\u00f3n de una gran parte de este pueblo heroico y reivindicamos a nuestros  muertos que no mueren.<br \/>&#13;<br \/>\n  \u00a0 <br \/>&#13;<br \/>\n  Con Leonel Fern\u00e1ndez, con  F\u00e9lix Bautista y Garc\u00eda Espino, nosotros (as) no tenemos nada que hablar sobre  este asunto. Ellos cometieron un delito imperdonable contra la verdad hist\u00f3rica  y el patrimonio cultural de nuestra Naci\u00f3n y nuestra UASD, y no le queda otra  opci\u00f3n que sufrir las consecuencias y echar atr\u00e1s sus perversos prop\u00f3sitos.<\/p>\n<p>&#13;<\/p>\n<p align=\"justify\" class=\"text1noticias\">Al Rector Roberto Reina y a  las autoridades universitarias, que pusil\u00e1nimemente se plegaron al gobierno,  que cedieron autonom\u00eda y fuero, y permitieron que ese escarnio casi se consumara,  no le queda otro camino que no sea arrepentirse y pedir perd\u00f3n a la familia  universitaria, al pueblo dominicana y a los familiares y camaradas de Silvano y  de todas las v\u00edctimas del balaguerismo, de nuestros\/as h\u00e9roes y hero\u00ednas.<\/p>\n<p>&#13;<\/p>\n<p align=\"justify\" class=\"text1noticias\"><strong>Ahora lo que procede es rescatar plenamente el mural  de Silvano, derribar la pared que lo oculta y lo da\u00f1a. Porque este pueblo  quiere volver a verlo tal y como es, no a trav\u00e9s de una proyecci\u00f3n digital, no  a trav\u00e9s de versiones fotogr\u00e1ficas. Lo que tiene gran valor es la obra en s\u00ed  del maestro.<\/strong><br \/>&#13;<br \/>\n    <br \/>&#13;<br \/>\n    La pared que lo oculta debe ser  tumbada sin contemplaciones. Y si no lo hacen r\u00e1pido las autoridades  universitarias y y gubernamentales, lo haremos nosotros(as): los <strong>C\u00edrculos Caama\u00f1istas<\/strong>, las izquierdas  comprometidas con sus m\u00e1rtires, los(as) profesores(as) con dignidad, los(as)  estudiantes sensibles, el pueblo ofendido, agredido e indignado.<\/p>\n<p>&#13;<\/p>\n<p align=\"justify\" class=\"text1noticias\">En lo que al panfleto  monumental de Garc\u00eda Espino se refiere, procede darle su segundo merecido: <strong>borrarlo completamente para cederle ese  espacio a la Escuela  de Arte de la UASD,  para que junto a los maestros del muralismo de la Revoluci\u00f3n de 1965  (Ram\u00f3n Oviedo, Ada Balc\u00e1cer, Dionisio Pichardo y otros(as), se encarguen de  hacer un mural digno de la UASD  y de la lucha de nuestro pueblo.<\/strong><\/p>\n<p>&#13;<\/p>\n<p align=\"justify\" class=\"text1noticias\">4 de febrero 2007\u00a0\u00a0\u00a0\u00a0\u00a0\u00a0\u00a0\u00a0\u00a0\u00a0\u00a0\u00a0\u00a0\u00a0\u00a0\u00a0\u00a0\u00a0\u00a0\u00a0\u00a0\u00a0\u00a0\u00a0\u00a0\u00a0\u00a0\u00a0\u00a0\u00a0\u00a0\u00a0\u00a0\u00a0\u00a0\u00a0\u00a0\u00a0\u00a0\u00a0\u00a0\u00a0\u00a0\u00a0\u00a0\u00a0\u00a0\u00a0  NARCISO ISA CONDE<br \/>&#13;<br \/>\n\u00a0\u00a0\u00a0\u00a0\u00a0\u00a0\u00a0\u00a0\u00a0\u00a0\u00a0\u00a0\u00a0\u00a0\u00a0\u00a0\u00a0\u00a0\u00a0\u00a0\u00a0\u00a0\u00a0\u00a0\u00a0 \u00a0\u00a0\u00a0\u00a0\u00a0\u00a0\u00a0\u00a0\u00a0\u00a0\u00a0\u00a0\u00a0<\/p>\n<p>&#13;<\/p>\n<h6> 2007-02-06 00:51:30 <\/h6>\n<p><!--\n<link rel=\"stylesheet\" href=\"css\/bootstrap.min.css\">\n\n\n<ul class=\"pagination\">\n\t    \n\t\n\n<li >\n\t<a href='?page_no=13239'>Previous<\/a>\n\t<\/li>\n\n\n       \n    \n\n<li><a href='?page_no=1'>1<\/a><\/li>\n\n\n\n<li><a href='?page_no=2'>2<\/a><\/li>\n\n\n\n<li><a>...<\/a><\/li>\n\n\n\n<li><a href='?page_no=13238'>13238<\/a><\/li>\n\n\n\n<li><a href='?page_no=13239'>13239<\/a><\/li>\n\n\n\n<li class='active'><a>13240<\/a><\/li>\n\n\n\n<li><a href='?page_no=13241'>13241<\/a><\/li>\n\n\n\n<li><a href='?page_no=13242'>13242<\/a><\/li>\n\n\n\n<li><a>...<\/a><\/li>\n\n\n\n<li><a href='?page_no=13611'>13611<\/a><\/li>\n\n\n\n<li><a href='?page_no=13612'>13612<\/a><\/li>\n\n    \n\t\n\n<li >\n\t<a href='?page_no=13241'>Next<\/a>\n\t<\/li>\n\n\n    \n\n<li><a href='?page_no=13612'>Last &rsaquo;&rsaquo;<\/a><\/li>\n\n<\/ul>\n\n\n--><br \/>\n<\/body><\/p>\n","protected":false},"excerpt":{"rendered":"<p>AHORA TOCA RESCATAR EL MURAL DE SILVANO LORA.\u00a0\u00a0\u00a0\u00a0\u00a0\u00a0\u00a0\u00a0\u00a0 &#13; Por Narciso Isa Conde&#13; \u00a0\u00a0\u00a0\u00a0\u00a0\u00a0\u00a0\u00a0\u00a0\u00a0\u00a0\u00a0\u00a0\u00a0\u00a0\u00a0\u00a0\u00a0\u00a0\u00a0\u00a0\u00a0\u00a0\u00a0\u00a0\u00a0\u00a0\u00a0\u00a0\u00a0\u00a0\u00a0\u00a0\u00a0\u00a0\u00a0\u00a0\u00a0\u00a0\u00a0\u00a0\u00a0\u00a0\u00a0\u00a0\u00a0\u00a0\u00a0\u00a0\u00a0\u00a0\u00a0\u00a0\u00a0\u00a0\u00a0\u00a0\u00a0\u00a0\u00a0\u00a0\u00a0\u00a0\u00a0\u00a0\u00a0\u00a0\u00a0\u00a0\u00a0\u00a0\u00a0\u00a0\u00a0\u00a0\u00a0\u00a0\u00a0\u00a0\u00a0\u00a0\u00a0\u00a0\u00a0\u00a0\u00a0\u00a0\u00a0\u00a0\u00a0\u00a0\u00a0\u00a0\u00a0\u00a0\u00a0\u00a0\u00a0\u00a0\u00a0\u00a0\u00a0\u00a0\u00a0\u00a0\u00a0\u00a0\u00a0\u00a0\u00a0&#13; Ya el panfleto monumental dedicado endiosar a Balaguer y su corte de asesinos, recibi\u00f3 su merecido inicial. &#13; Quienes oportunamente nos atrevimos a ejecutar esa decorosa acci\u00f3n, sencillamente interpretamos la indignaci\u00f3n de una gran parte de este pueblo heroico y reivindicamos [&hellip;]<\/p>\n","protected":false},"author":3,"featured_media":0,"comment_status":"open","ping_status":"open","sticky":false,"template":"","format":"standard","meta":{"footnotes":""},"categories":[16],"tags":[],"class_list":["post-37482","post","type-post","status-publish","format-standard","hentry","category-opiniones"],"_links":{"self":[{"href":"https:\/\/diariodominicano.com\/index.php?rest_route=\/wp\/v2\/posts\/37482","targetHints":{"allow":["GET"]}}],"collection":[{"href":"https:\/\/diariodominicano.com\/index.php?rest_route=\/wp\/v2\/posts"}],"about":[{"href":"https:\/\/diariodominicano.com\/index.php?rest_route=\/wp\/v2\/types\/post"}],"author":[{"embeddable":true,"href":"https:\/\/diariodominicano.com\/index.php?rest_route=\/wp\/v2\/users\/3"}],"replies":[{"embeddable":true,"href":"https:\/\/diariodominicano.com\/index.php?rest_route=%2Fwp%2Fv2%2Fcomments&post=37482"}],"version-history":[{"count":0,"href":"https:\/\/diariodominicano.com\/index.php?rest_route=\/wp\/v2\/posts\/37482\/revisions"}],"wp:attachment":[{"href":"https:\/\/diariodominicano.com\/index.php?rest_route=%2Fwp%2Fv2%2Fmedia&parent=37482"}],"wp:term":[{"taxonomy":"category","embeddable":true,"href":"https:\/\/diariodominicano.com\/index.php?rest_route=%2Fwp%2Fv2%2Fcategories&post=37482"},{"taxonomy":"post_tag","embeddable":true,"href":"https:\/\/diariodominicano.com\/index.php?rest_route=%2Fwp%2Fv2%2Ftags&post=37482"}],"curies":[{"name":"wp","href":"https:\/\/api.w.org\/{rel}","templated":true}]}}