{"id":37478,"date":"2007-02-07T13:44:04","date_gmt":"2007-02-07T13:44:04","guid":{"rendered":"http:\/\/diariodominicano.ddns.net\/?p=37478"},"modified":"2007-02-07T13:44:04","modified_gmt":"2007-02-07T13:44:04","slug":"me-declaro-terrorista","status":"publish","type":"post","link":"https:\/\/diariodominicano.com\/?p=37478","title":{"rendered":"Me declaro terrorista"},"content":{"rendered":"<p><body><\/p>\n<p align=\"center\" class=\"titulogrande1\"><strong>Me  declaro terrorista<\/strong><\/p>\n<p>&#13;<\/p>\n<p align=\"center\"><span class=\"linksnoticias\"><strong>Por<\/strong><\/span><strong class=\"textogrande\"> Narciso Isa Conde<\/strong><\/p>\n<p>&#13;<\/p>\n<p align=\"justify\"><span class=\"text1noticias\">En nuestro hermoso pa\u00eds,  y m\u00e1s all\u00e1 de sus fronteras, ya no es terrorismo colaborar \u00edntimamente con el  tirano Trujillo durante 31 a\u00f1os (1930-1961)<\/span><\/p>\n<p>&#13;<\/p>\n<p align=\"justify\" class=\"text1noticias\">No es terrorismo asesinar 4 mil personas en doce a\u00f1os de  gobierno (1966-1978)<\/p>\n<p>&#13;<\/p>\n<p align=\"justify\" class=\"text1noticias\">No es terrorismo torturar presos pol\u00edticos, perseguir y  deportar opositores.<\/p>\n<p>&#13;<\/p>\n<p align=\"justify\" class=\"text1noticias\">Ni desaparecer a Henry Segarra, Guido Gil, (1966-1967),  Narciso Gonz\u00e1lez (1994) y otros luchadores.<\/p>\n<p>&#13;<\/p>\n<p align=\"justify\" class=\"text1noticias\">No es terrorismo lanzar un ej\u00e9rcito contra cuatro j\u00f3venes valientes  apostados en una cueva.<\/p>\n<p>&#13;<\/p>\n<p align=\"justify\" class=\"text1noticias\">El general Neit Nivar Seijas no fue terrorista.<\/p>\n<p>&#13;<\/p>\n<p align=\"justify\" class=\"text1noticias\">El general P\u00e9rez y  P\u00e9rez tampoco.<\/p>\n<p>&#13;<\/p>\n<p align=\"justify\" class=\"text1noticias\">Balaguer mucho menos.<\/p>\n<p>&#13;<\/p>\n<p align=\"justify\" class=\"text1noticias\">Ellos merecen estar en el nuevo <strong>\u201cmural<\/strong>\u201d de la Universidad Aut\u00f3noma de Santo Domingo-UASD, sin  sangre en sus manos y sin las v\u00edctimas en sus pies.<\/p>\n<p>&#13;<\/p>\n<p align=\"justify\" class=\"text1noticias\">No fue terrorismo ocupar a tiros, militarmente, la UASD en varias ocasiones.<\/p>\n<p>&#13;<\/p>\n<p align=\"justify\" class=\"text1noticias\">Ni matar de hambre a un parte del pueblo.<\/p>\n<p>&#13;<\/p>\n<p align=\"justify\" class=\"text1noticias\">Ni violar domicilios, mujeres, propiedades individuales\u2026<\/p>\n<p>&#13;<\/p>\n<p align=\"justify\" class=\"text1noticias\">Ni destruir la hermosa ciudad antigua de Saman\u00e1 y su  patrimonio hist\u00f3rico cultural.<\/p>\n<p>&#13;<\/p>\n<p align=\"justify\" class=\"text1noticias\">Eso tiene otro nombre: modernizaci\u00f3n y pacificaci\u00f3n.<\/p>\n<p>&#13;<\/p>\n<p align=\"justify\" class=\"text1noticias\">No es terrorismo tapiar en pleno siglo XXI un mural de gran  valor hist\u00f3rico, sentimental y art\u00edstico, como el que pint\u00f3 el maestro Silvano  Lora en el paraninfo de la   Facultad de Ciencias Econ\u00f3micas y Sociales; para entonces  colocar en las proximidades el mamotreto p\u00edctorico que exalta a Balaguer y a  los verdugos de su r\u00e9gimen.<\/p>\n<p>&#13;<\/p>\n<p align=\"justify\" class=\"text1noticias\">No, no, eso no es terrorismo en ninguna de sus formas y categor\u00edas.  Se equivocan los que piensan as\u00ed.<\/p>\n<p>&#13;<\/p>\n<p align=\"justify\" class=\"text1noticias\">El significado de la palabra terrorismo ha cambiado  sustancialmente. El lenguaje globalizador, el nuevo diccionario neoliberal, ha  precisado muy bien el sentido epistemol\u00f3gico del t\u00e9rmino y ha corregido sus  interpretaciones err\u00f3neas. El neoliberalismo globalizado ha revolucionado la  sem\u00e1ntica, invirtiendo significados.<\/p>\n<p>&#13;<\/p>\n<p align=\"justify\" class=\"text1noticias\">Terrorismo no es terrorismo. Bombardear a Irak, matar ni\u00f1os  (as), torturar \u00e1rabes, invadir pa\u00edses, arrasar Beirut, destruir Afganist\u00e1n\u2026no  es terrorismo ni nada parecido.<\/p>\n<p>&#13;<\/p>\n<p align=\"justify\" class=\"text1noticias\">El <strong>\u201cpintor magn\u00edfico<\/strong>\u201d  del mural monumental que <strong>\u201cjustamente<\/strong>\u201d  endiosa la figura de Balaguer y de su corte civil y militar,\u00a0 por encargo de Leonel Fern\u00e1ndez y F\u00e9lix  Bautista ley\u00f3 y asimil\u00f3 muy bien los cambios introducidos en el Diccionario de la Academia de la Lengua Global, para  disponerse a calificar certeramente de <strong>\u201cterroristas<\/strong>\u201d  a los(as) que en actitud \u201c<strong>vand\u00e1lica<\/strong>\u201d  colocamos\u00a0 <strong>\u201cirresponsablemente<\/strong>\u201d sobre su mural los nombres de nuestros colegas  \u201c<strong>terroristas\u201d<\/strong> fallecidos (  eliminados por los jefes de las tropas pacificadoras y civilizadora del \u201c<strong>padre de la democracia<\/strong>\u201d dominicana, Dr.  Joaqu\u00edn Amparo Balaguer Ricardo, d\u00e1ndole as\u00ed continuidad a la obra bienhechora  del General\u00edsimo Trujillo y siguiendo las sabias instrucciones de la CIA).<\/p>\n<p>&#13;<\/p>\n<p align=\"justify\" class=\"text1noticias\">El \u201c<strong>pintor magn\u00edfico<\/strong>\u201d,  beneficiario de la apertura democr\u00e1tica y plural del <strong>\u201crector<\/strong> <strong>magn\u00edfico<\/strong>\u201d, tiene  toda la raz\u00f3n: no hay delitos uniformados, no hay presidentes, ni ministros, ni  funcionarios delincuentes en la historia del pa\u00eds.<\/p>\n<p>&#13;<\/p>\n<p align=\"justify\" class=\"text1noticias\">La violencia y el robo que se ejercen desde el poder tienen  la sagrada misi\u00f3n de contribuir a la paz. Solo as\u00ed puede marcharse hacia la  adelante<\/p>\n<p>&#13;<\/p>\n<p align=\"justify\" class=\"text1noticias\">\u00a1Y e\u00b4palante que vamos con don Leonel, su Fundaci\u00f3n Global,  y los fondos de la   Presidencia de la Rep\u00fablica convertida en Gobernaci\u00f3n de Colonia!<\/p>\n<p>&#13;<\/p>\n<p align=\"justify\" class=\"text1noticias\">Las pinturas y murales por encargo de su mal gobierno tienen  la noble misi\u00f3n de rectificar el equ\u00edvoco hist\u00f3rico, situando \u201cdial\u00e9cticamente\u201d  a los tiranos Santana, B\u00e1ez, Lilis, Trujillo, Balaguer\u2026 en la historia nacional.  Sus muertos, sus robos, su entreguismo y su impronta empobrecedora, saqueadora  y destructiva\u2026 son los costos \u201cnecesarios\u201d de la llegada del progreso y la  modernidad.<\/p>\n<p>&#13;<\/p>\n<p align=\"justify\" class=\"text1noticias\">Tapar el Duarte de Silvano es \u201c<strong>pecata minuta<\/strong>\u201d. No olvidemos que el pr\u00f3cer de nuestra independencia,  tambi\u00e9n, como Luper\u00f3n, Gilbert, Caama\u00f1o, ManoloTav\u00e1rez, Minerva Mirabal,  Orlando Mart\u00ednez, Jim\u00e9nez Moya, Am\u00edn Abel, Narcisazo, Sagrario D\u00edaz\u2026, como el  propio Silvano y todos los h\u00e9roes y m\u00e1rtires de la patria, fue en su \u00e9poca un  activo y avezado agente de la subversi\u00f3n y el terrorismo.<\/p>\n<p>&#13;<\/p>\n<p align=\"justify\" class=\"text1noticias\">Los contratos grado a grado, las obras por encargo,  silenciosamente dise\u00f1adas, deben servir al \u201c<strong>equilibrio<\/strong>\u201d, aupando sobre todo las mediocres expresiones  conciliadoras de lo inconciliables en la pl\u00e1stica moderna y postmoderna.<\/p>\n<p>&#13;<\/p>\n<p align=\"justify\" class=\"text1noticias\">La era digital permite, por dem\u00e1s, sepultar las originales  de los maestros de la subversi\u00f3n, proyectando en su lugar-solo de vez en cuando  y de cuando en vez- la fotograf\u00edas lum\u00ednicas de sus obras. Y esto ha sido  ofrecido en esta oportunidad para aplacar iras y preservar la armon\u00eda entre \u201clos  reductos del pasado <strong>\u201cviolento<\/strong>\u201d y \u201c<strong>atrasado<\/strong>\u201d y el avance arrollador de <strong>\u201clos nuevos aires de paz del progreso y la  modernidad\u201d.<\/strong><\/p>\n<p>&#13;<\/p>\n<p align=\"justify\" class=\"text1noticias\">Y si aun as\u00ed, la exaltaci\u00f3n de los pacificadores ofendiera  demasiado a alg\u00fan terrorista sobreviviente de la era cuaternaria, entonces el <strong>\u201cpintor magn\u00edfico<\/strong>\u201d le podr\u00eda pedir  permiso al <strong>\u201crector magn\u00edfico<\/strong>\u201d y al \u201c<strong>globalizador magn\u00edfico<\/strong>\u201d para ofertar  hacerle algunas modificaciones a su panfleto colosal a cambio de su pasividad.<\/p>\n<p>&#13;<\/p>\n<p align=\"justify\" class=\"text1noticias\">Siempre por las buenas, dialogando, negociando, la  perdurabilidad del producto del encargo y los beneficios de su contrato.<\/p>\n<p>&#13;<\/p>\n<p align=\"justify\" class=\"text1noticias\">Porque todo lo que no sea as\u00ed, todo lo que sea continuar  impugnando el desagravio a los\u00a0 \u00a0generales y jefes de gobiernos responsables de  asesinatos de Estado, corrupci\u00f3n y represi\u00f3n, merece recalificarse de  terrorismo y de vandalismo antidemocr\u00e1tico.<\/p>\n<p>&#13;<\/p>\n<p align=\"justify\" class=\"text1noticias\">Borrar la reivindicaci\u00f3n de los \u201c<strong>pacificadore<\/strong>s\u201d y \u201c<strong>modernizadores<\/strong>\u201d,  e incluir en la pl\u00e1stica sus tropel\u00edas, ser\u00eda ceder frente a los <strong>\u201cterroristas<\/strong>\u201d y sucumbir frente al \u201c<strong>vandalism<\/strong>o\u201d que opera con pintura en  manos y voces explosivas. <\/p>\n<p>&#13;<\/p>\n<p align=\"justify\" class=\"text1noticias\">Y no importa que la colectividad lo demande. Vale m\u00e1s que  los encumbrados autores del encargo no se ofendan, porque es l\u00f3gico que ellos vean  sus rostros y su \u201c<strong>obra d<\/strong>e <strong>gobierno\u201d<\/strong> en el mismo espejo de los  d\u00e9spotas, criminales y gobernantes empobrecedores y corruptores, reivindicados  por el \u201c<strong>arte<\/strong>\u201d bien pagado.<\/p>\n<p>&#13;<\/p>\n<p align=\"justify\" class=\"text1noticias\">Por eso ante tan convincentes argumentos y realidades, no  tengo el menor problema en declararme terrorista impenitente, de tomo y lomo. \u00a1  Y con mucho orgullo\u00a1\u00a0\u00a0\u00a0\u00a0\u00a0\u00a0\u00a0\u00a0\u00a0\u00a0 <br \/>&#13;<br \/>\n\u00a0\u00a0\u00a0\u00a0\u00a0\u00a0\u00a0 <br \/>&#13;<br \/>\nDenme, por favor, m\u00e1s  pintura negra y roja, y si me pueden hacer llegar un poco de C-4 o algo de TNT,  mucho mejor. Se lo agradecer\u00e9 infinitamente.<\/p>\n<p>&#13;<\/p>\n<h6> 2007-02-07 13:44:04 <\/h6>\n<p><!--\n<link rel=\"stylesheet\" href=\"css\/bootstrap.min.css\">\n\n\n<ul class=\"pagination\">\n\t    \n\t\n\n<li >\n\t<a href='?page_no=13236'>Previous<\/a>\n\t<\/li>\n\n\n       \n    \n\n<li><a href='?page_no=1'>1<\/a><\/li>\n\n\n\n<li><a href='?page_no=2'>2<\/a><\/li>\n\n\n\n<li><a>...<\/a><\/li>\n\n\n\n<li><a href='?page_no=13235'>13235<\/a><\/li>\n\n\n\n<li><a href='?page_no=13236'>13236<\/a><\/li>\n\n\n\n<li class='active'><a>13237<\/a><\/li>\n\n\n\n<li><a href='?page_no=13238'>13238<\/a><\/li>\n\n\n\n<li><a href='?page_no=13239'>13239<\/a><\/li>\n\n\n\n<li><a>...<\/a><\/li>\n\n\n\n<li><a href='?page_no=13611'>13611<\/a><\/li>\n\n\n\n<li><a href='?page_no=13612'>13612<\/a><\/li>\n\n    \n\t\n\n<li >\n\t<a href='?page_no=13238'>Next<\/a>\n\t<\/li>\n\n\n    \n\n<li><a href='?page_no=13612'>Last &rsaquo;&rsaquo;<\/a><\/li>\n\n<\/ul>\n\n\n--><br \/>\n<\/body><\/p>\n","protected":false},"excerpt":{"rendered":"<p>Me declaro terrorista &#13; Por Narciso Isa Conde &#13; En nuestro hermoso pa\u00eds, y m\u00e1s all\u00e1 de sus fronteras, ya no es terrorismo colaborar \u00edntimamente con el tirano Trujillo durante 31 a\u00f1os (1930-1961) &#13; No es terrorismo asesinar 4 mil personas en doce a\u00f1os de gobierno (1966-1978) &#13; No es terrorismo torturar presos pol\u00edticos, perseguir [&hellip;]<\/p>\n","protected":false},"author":3,"featured_media":0,"comment_status":"open","ping_status":"open","sticky":false,"template":"","format":"standard","meta":{"footnotes":""},"categories":[16],"tags":[],"class_list":["post-37478","post","type-post","status-publish","format-standard","hentry","category-opiniones"],"_links":{"self":[{"href":"https:\/\/diariodominicano.com\/index.php?rest_route=\/wp\/v2\/posts\/37478","targetHints":{"allow":["GET"]}}],"collection":[{"href":"https:\/\/diariodominicano.com\/index.php?rest_route=\/wp\/v2\/posts"}],"about":[{"href":"https:\/\/diariodominicano.com\/index.php?rest_route=\/wp\/v2\/types\/post"}],"author":[{"embeddable":true,"href":"https:\/\/diariodominicano.com\/index.php?rest_route=\/wp\/v2\/users\/3"}],"replies":[{"embeddable":true,"href":"https:\/\/diariodominicano.com\/index.php?rest_route=%2Fwp%2Fv2%2Fcomments&post=37478"}],"version-history":[{"count":0,"href":"https:\/\/diariodominicano.com\/index.php?rest_route=\/wp\/v2\/posts\/37478\/revisions"}],"wp:attachment":[{"href":"https:\/\/diariodominicano.com\/index.php?rest_route=%2Fwp%2Fv2%2Fmedia&parent=37478"}],"wp:term":[{"taxonomy":"category","embeddable":true,"href":"https:\/\/diariodominicano.com\/index.php?rest_route=%2Fwp%2Fv2%2Fcategories&post=37478"},{"taxonomy":"post_tag","embeddable":true,"href":"https:\/\/diariodominicano.com\/index.php?rest_route=%2Fwp%2Fv2%2Ftags&post=37478"}],"curies":[{"name":"wp","href":"https:\/\/api.w.org\/{rel}","templated":true}]}}