{"id":37475,"date":"2007-02-08T14:54:28","date_gmt":"2007-02-08T14:54:28","guid":{"rendered":"http:\/\/diariodominicano.ddns.net\/?p=37475"},"modified":"2007-02-08T14:54:28","modified_gmt":"2007-02-08T14:54:28","slug":"el-tiro-rapido-437","status":"publish","type":"post","link":"https:\/\/diariodominicano.com\/?p=37475","title":{"rendered":"EL TIRO RAPIDO"},"content":{"rendered":"<p><body><\/p>\n<p><span class=\"titulogrande1\">EL TIRO RAPIDO<\/span><br \/>&#13;<br \/>\n  <br \/>&#13;<br \/>\n    <span class=\"subtitulos\">de<\/span><br \/>&#13;<br \/>\n  <br \/>&#13;<br \/>\n  <span class=\"textogrande\">Mario Rivadulla<\/span><\/p>\n<p>&#13;<\/p>\n<p align=\"justify\" class=\"text1noticias\">En diferentes oportunidades hemos sostenido que tanto la  seguridad ciudadana como la lucha contra el narcotr\u00e1fico, requieren de la  participaci\u00f2n activa de la propia sociedad.<\/p>\n<p>&#13;<\/p>\n<p align=\"justify\" class=\"text1noticias\">No puede esperarse ni reclamarse de las autoridades un  trabajo eficaz que garantice el orden p\u00f9blico y las vidas y bienes de todos si  los interesados, en este caso los propios ciudadanos, no ponemos de nuestra  parte para contribuir con esa misi\u00f3n.\u00a0  Esto con mayor raz\u00f2n, bajo las especiales circunstancias que estamos  viviendo\u00a0 en que todo parece indicar  encontrarnos en presencia de una nueva ola de agresiva criminalidad.<\/p>\n<p>&#13;<\/p>\n<p align=\"justify\" class=\"text1noticias\">Hoy por hoy, la seguridad ciudadana se ha convertido  posiblemente en el tema de m\u00e0s apremiante prioridad en la agenda nacional. M\u00e0s a\u00f9n  que la propia crisis energ\u00e9tica. La gente anhela convivir en paz y  armon\u00eca.\u00a0 Sin zozobras ni  sobresaltos.\u00a0 Ver respetada la santidad  de sus hogares. Poder transitar por las v\u00ecas p\u00f9blicas a cualquier hora del d\u00eca  o de la noche, sin temor a ver victima de un atraco, una violaci\u00f3n, una  agresi\u00f3n`o quiz\u00e1s perder la misma existencia.\u00a0  A tener en fin, garantizada la protecci\u00f2n de su integridad personal y de  sus posesiones.<\/p>\n<p>&#13;<\/p>\n<p align=\"justify\" class=\"text1noticias\">Es un derecho elemental en toda sociedad organizada.\u00a0 Un servicio que el Estado est\u00e0 obligado a  prestar de manera eficiente.\u00a0 Pero que en  todo momento, principalmente en situaciones cr\u00ecticas o cercanas a ella, impone  tambi\u00e8n al ciudadano velar por su propia seguridad, no suplantando en modo  alguno las funciones de las autoridades responsables de esa misi\u00f3n, pero s\u00ec  prestando a \u00e8stas la mayor colaboraci\u00f3n para pueda ejercerla del modo m\u00e0s  eficaz en su propio beneficio.<\/p>\n<p>&#13;<\/p>\n<p align=\"justify\" class=\"text1noticias\">A la luz de esta realidad, entendemos que\u00a0 debe acogerse con benepl\u00e1cito la noticia de  que en Santiago de los Caballeros se han creado grupos de vecinos que han  decidido organizarse en diferentes barrios para contribuir a la lucha contra la  delincuencia.\u00a0 Es la tarea que tambi\u00e8n en  sectores de la capital, considerados como calientes, han asumido grupos  similares y asociaciones barriales.<\/p>\n<p>&#13;<\/p>\n<p align=\"justify\" class=\"text1noticias\">Las autoridades, espec\u00edficamente el Plan de Seguridad  Democr\u00e1tica, precisa de algo m\u00e0s que el respaldo moral que reflejan las  encuestas que han medido su alto grado de aceptaci\u00f3n en la ciudadan\u00eca.\u00a0\u00a0 Es la colaboraci\u00f3n activa, militante de la  gente.\u00a0 Bueno es por consiguiente, que  haya n\u00facleos de ciudadanos en disposici\u00f3n de prestar ese apoyo en forma m\u00e0s  directa y efectiva para contribuir a rescatar su derecho a vivir sin temores.<\/p>\n<p>&#13;<\/p>\n<p align=\"justify\" class=\"text1noticias\">Pero mucho cuidado.\u00a0  Hay que advertir que a nadie debe \u00ecrsele la mano. Estamos hablando de  grupos organizados y responsables, no de hordas sin control.\u00a0 No es cuesti\u00f3n de tomarse justicia por propia  cuenta, como por desgracia ha venido ocurriendo en algunos casos lamentables.\u00a0 El m\u00e0s dram\u00e0tico y notorio ocurri\u00f2 en Yaguate,  en d\u00ecas recientes, cuando una turba que se calcula estaba compuesta por m\u00e0s de  800 vecinos, di\u00f2 muerte en forma sumaria a 3 presuntos delincuentes.\u00a0 Uno de ellos ten\u00eca apenas 15 a\u00f1os.<\/p>\n<p>&#13;<\/p>\n<p align=\"justify\" class=\"text1noticias\">Cierto que este hecho, como otros actos de linchamiento  ocurridos con anterioridad en la capital y en distintos sitios del pa\u00ecs,  reflejan la desesperaci\u00f3n de la gente por la comisi\u00f3n reiterada y en muchos  casos impune, de actos delictivos, cometidos por lo general por malhechores de  poca monta.<\/p>\n<p>&#13;<\/p>\n<p align=\"justify\" class=\"text1noticias\">Pero tambi\u00e8n hay que significar que acciones de esta  naturaleza nos rebajan a la misma condici\u00f3n de brutalidad que queremos combatir  y extirpar.\u00a0 Los grupos de vecinos que se  organicen para ayudar a combatir la delincuencia por consiguiente, deben estar  conscientes de que son simples auxiliares de las autoridades.\u00a0 Su misi\u00f2n es mantenerse en alerta y notificar  a aquellas ante cualquier situaci\u00f3n irregular, incluso atrapar presuntos  malhechores pero solo para hacer entregarlos a la autoridad competente a fin de  que puedan ser sometidos a la   Justicia.<\/p>\n<p>&#13;<\/p>\n<p align=\"justify\" class=\"text1noticias\">Esto debe quedar bien en claro.\u00a0 Cualquier otra acci\u00f2n que se tome contraria a  la ley,\u00a0 y m\u00e0s a\u00f9n la de promover  agresiones y linchamientos,\u00a0 ser\u00e0 tanto  como convertir a sus ejecutores en seres irracionales y degradar su condici\u00f3n  humana al mismo nivel de los criminales a quienes se quiere combatir.\u00a0 Y por tanto, tan merecedora de sanci\u00f3n como  la\u00a0 merecida por \u00e8stos.<\/p>\n<p>&#13;<\/p>\n<h6> 2007-02-08 14:54:28 <\/h6>\n<p><!--\n<link rel=\"stylesheet\" href=\"css\/bootstrap.min.css\">\n\n\n<ul class=\"pagination\">\n\t    \n\t\n\n<li >\n\t<a href='?page_no=13233'>Previous<\/a>\n\t<\/li>\n\n\n       \n    \n\n<li><a href='?page_no=1'>1<\/a><\/li>\n\n\n\n<li><a href='?page_no=2'>2<\/a><\/li>\n\n\n\n<li><a>...<\/a><\/li>\n\n\n\n<li><a href='?page_no=13232'>13232<\/a><\/li>\n\n\n\n<li><a href='?page_no=13233'>13233<\/a><\/li>\n\n\n\n<li class='active'><a>13234<\/a><\/li>\n\n\n\n<li><a href='?page_no=13235'>13235<\/a><\/li>\n\n\n\n<li><a href='?page_no=13236'>13236<\/a><\/li>\n\n\n\n<li><a>...<\/a><\/li>\n\n\n\n<li><a href='?page_no=13611'>13611<\/a><\/li>\n\n\n\n<li><a href='?page_no=13612'>13612<\/a><\/li>\n\n    \n\t\n\n<li >\n\t<a href='?page_no=13235'>Next<\/a>\n\t<\/li>\n\n\n    \n\n<li><a href='?page_no=13612'>Last &rsaquo;&rsaquo;<\/a><\/li>\n\n<\/ul>\n\n\n--><br \/>\n<\/body><\/p>\n","protected":false},"excerpt":{"rendered":"<p>EL TIRO RAPIDO&#13; &#13; de&#13; &#13; Mario Rivadulla &#13; En diferentes oportunidades hemos sostenido que tanto la seguridad ciudadana como la lucha contra el narcotr\u00e1fico, requieren de la participaci\u00f2n activa de la propia sociedad. &#13; No puede esperarse ni reclamarse de las autoridades un trabajo eficaz que garantice el orden p\u00f9blico y las vidas y [&hellip;]<\/p>\n","protected":false},"author":3,"featured_media":0,"comment_status":"open","ping_status":"open","sticky":false,"template":"","format":"standard","meta":{"footnotes":""},"categories":[16],"tags":[],"class_list":["post-37475","post","type-post","status-publish","format-standard","hentry","category-opiniones"],"_links":{"self":[{"href":"https:\/\/diariodominicano.com\/index.php?rest_route=\/wp\/v2\/posts\/37475","targetHints":{"allow":["GET"]}}],"collection":[{"href":"https:\/\/diariodominicano.com\/index.php?rest_route=\/wp\/v2\/posts"}],"about":[{"href":"https:\/\/diariodominicano.com\/index.php?rest_route=\/wp\/v2\/types\/post"}],"author":[{"embeddable":true,"href":"https:\/\/diariodominicano.com\/index.php?rest_route=\/wp\/v2\/users\/3"}],"replies":[{"embeddable":true,"href":"https:\/\/diariodominicano.com\/index.php?rest_route=%2Fwp%2Fv2%2Fcomments&post=37475"}],"version-history":[{"count":0,"href":"https:\/\/diariodominicano.com\/index.php?rest_route=\/wp\/v2\/posts\/37475\/revisions"}],"wp:attachment":[{"href":"https:\/\/diariodominicano.com\/index.php?rest_route=%2Fwp%2Fv2%2Fmedia&parent=37475"}],"wp:term":[{"taxonomy":"category","embeddable":true,"href":"https:\/\/diariodominicano.com\/index.php?rest_route=%2Fwp%2Fv2%2Fcategories&post=37475"},{"taxonomy":"post_tag","embeddable":true,"href":"https:\/\/diariodominicano.com\/index.php?rest_route=%2Fwp%2Fv2%2Ftags&post=37475"}],"curies":[{"name":"wp","href":"https:\/\/api.w.org\/{rel}","templated":true}]}}