{"id":37468,"date":"2007-02-11T03:32:22","date_gmt":"2007-02-11T03:32:22","guid":{"rendered":"http:\/\/diariodominicano.ddns.net\/?p=37468"},"modified":"2007-02-11T03:32:22","modified_gmt":"2007-02-11T03:32:22","slug":"las-principales-en-teledebate-124","status":"publish","type":"post","link":"https:\/\/diariodominicano.com\/?p=37468","title":{"rendered":"LAS PRINCIPALES EN TELEDEBATE"},"content":{"rendered":"<p><body><\/p>\n<p><span class=\"titulogrande1\">LAS PRINCIPALES EN TELEDEBATE<\/span><br \/>&#13;<br \/>\n  <br \/>&#13;<br \/>\n    <span class=\"linksnoticias\">Jueves<\/span> <span class=\"textogrande\">8,02,07<\/span><\/p>\n<p>&#13;<\/p>\n<p align=\"justify\"><strong>UN BUEN APORTE A SAMANA.<\/strong> <span class=\"text1noticias\">El nuevo aeropuerto internacional  de Catey es un decisivo aporte al desarrollo tur\u00edstico de Saman\u00e0 y toda su \u00e0rea  de influencia geogr\u00e1fica.\u00a0 El m\u00e8rito le  corresponde a AERODOM que invirti\u00f3 80 millones de d\u00f3lares en la obra preparada  para recibir grandes aviones. La contrapartida del Estado ser\u00e0 de\u00a0 115 millones de pesos para conectar la  carretera Santo Domingo-Saman\u00e0 con Las Terrenas, otro excelente destino  tur\u00edstico.<\/span><\/p>\n<p>&#13;<\/p>\n<p align=\"justify\" class=\"text1noticias\"><strong>QUE NO OCURRA LO MISMO QUE CON EL IDSS.<\/strong> Preocupante  el hecho de que unas sesenta dependencias p\u00f9blicas, relacionadas p\u00f2r el  matutino Hoy, adeuden a la   Seguridad Social m\u00e0s de mil millones de pesos.\u00a0 Si es as\u00ec, \u00bfqu\u00e8 garant\u00eda hay de que no ocurra  lo mismo que con el Instituto Dominicano de Seguros Sociales cuyo naufragio se  ha debido en gran parte debido a la enorme deuda acumulada a trav\u00e8s de los  distintos gobiernos?\u00a0 De esperar no sea  as\u00ec.<\/p>\n<p>&#13;<\/p>\n<p align=\"justify\" class=\"text1noticias\"><strong>DISCREPANCIAS.\u00a0\u00a0<\/strong> Siguen las discrepancias en cuanto a los niveles de criminalidad en Santiago.\u00a0 En tanto el Jefe de la Polic\u00eca Nacional  afirma que la misma se ha reducido, el Voluntariado para Seguridad P\u00f9blica  sostiene todo lo contrario.\u00a0 Mientras  tanto se siguen reportando robos, atracos y homicidios\u00a0 en el Cibao.\u00a0  Ayer mismo robaron un colegio dirigido por monjas en Bellavista, una  iglesia y un centro de madres en Moca,\u00a0 y  en Villa Gonz\u00e0lez, un joven fue asesinado para robarle un motor y 15 mil pesos.<\/p>\n<p>&#13;<\/p>\n<p align=\"justify\" class=\"text1noticias\"><strong>QUE NO SEA A COSTA DEL RESTO DEL PAIS.<\/strong> Las Zonas  Francas tienen que ser m\u00e0s creativas en la b\u00fasqueda de alternativas para  sobrevivir que no sea la de seguir insistiendo en una depreciaci\u00f3n del  peso.\u00a0 <br \/>&#13;<br \/>\n  <br \/>&#13;<br \/>\nHay que imaginarse cu\u00e0l ser\u00eca la  situaci\u00f3n de las finanzas p\u00f9blicas, el monto de gastos del gobierno,\u00a0 el deterioro de la calidad de vida de la  gente y el nivel de descontento social si la prima del d\u00f3lar se cotizase a 38  por uno en vez de a 33.\u00a0 El rescate de  las zonas francas no puede ser a costa del resto del pa\u00ecs.<\/p>\n<p>&#13;<\/p>\n<p align=\"justify\" class=\"text1noticias\"><strong>OTRA EVIDENCIA DE DETERIORO MORAL.<\/strong> Penoso aunque no  extra\u00f1o el caso que publica el semanario Clave de una ni\u00f1a de apenas 14 a\u00f1os  violada por su padre, su padrastro y el padre de este \u00f9ltimo. La menor di\u00f2 a  luz el pasado 24 de Enero sin saberse a cu\u00e0l de estos tres desalmados  corresponde la paternidad. <br \/>&#13;<br \/>\n  <br \/>&#13;<br \/>\nLamentablemente es un drama que se repite con  frecuencia y que evidencia una vez m\u00e0s el grave deterioro moral en que estamos  sumidos.<\/p>\n<p>&#13;<\/p>\n<p align=\"justify\" class=\"text1noticias\"><strong>CUIDEMOS LA GALLINA DE LOS HUEVOS DE ORO.<\/strong> Del propio  semanario Clave un dato preocupante: la cerveza criolla es la m\u00e0s gravada del  mundo.\u00a0 Desde la rectificaci\u00f3n fiscal,  por cada peso de cerveza que usted consume nada menos que 78 centavos  corresponden a impuestos.\u00a0 La industria  cervecera aport\u00f2 el pasado a\u00f1o m\u00e0s de 10 mil 217 millones de pesos al fisco.\u00a0 Pero si sigue a este paso, pudi\u00e9ramos  terminar por matar\u00a0 la gallina de los  huevos de oro.\u00a0 <\/p>\n<p>&#13;<\/p>\n<p align=\"justify\" class=\"text1noticias\"><strong>BUENA PROPUESTA. <\/strong>El ex senador y precandidato  presidencial pelede\u00ecsta Jos\u00e8 Tom\u00e0s P\u00e9rez propone el pase a la Polic\u00eca Nacional  de unos diez mil efectivos del Ej\u00e8rcito para el reforzamiento del patrullaje  que permita prevenir y hacer m\u00e0s eficaz la lucha contra la criminalidad. La  propuesta merece ser acogida y evaluada habida cuenta de que ese personal  militar ya cuenta con un buen entrenamiento y sentido de disciplina.<\/p>\n<p>&#13;<\/p>\n<p align=\"justify\" class=\"text1noticias\"><strong>UNA OBRA PRIORITARIA.<\/strong> En los \u00faltimos 3 meses se  asegura que m\u00e0s de veinte personas han sido v\u00ecctimas de accidentes vehiculares  y\u00a0 perdido la vida en la Avenida 27 de Febrero,  frente al Ol\u00edmpico, debido a la falta de un paso peatonal. Cruzar ese tramo de  la transitada v\u00eca es toda una riesgosa experiencia que muchas veces termina en  tragedia.\u00a0 Obras P\u00f9blicas deber\u00eca incluir  la construcci\u00f3n de ese paso entre sus prioridades.<\/p>\n<p>&#13;<\/p>\n<p align=\"justify\" class=\"text1noticias\"><strong>RECONOCIMIENTO A EL DIA. <\/strong>La informaci\u00f2n de que el  gobierno asumir\u00e0 la reparaci\u00f3n del Acuario ha sido recibida con gran  benepl\u00e1cito por el personal de ese centro.\u00a0  Un reconocimiento especial merece el matutino El D\u00eca que puso al  descubierto el estado de deterioro de esa importante instalaci\u00f3n recreativa y  cultural.\u00a0 De paso, insistimos en la  propuesta de que a la misma le falta el complemento de una buena  cafeteria-restaurant.\u00a0 <\/p>\n<p>&#13;<\/p>\n<p align=\"justify\" class=\"text1noticias\"><strong>VIOLANDO LA LEY. Y<\/strong> continuando con El D\u00eca, muy ilustrativa y  oportuna la gr\u00e0fica que ilustra su portada de hoy donde aparecen camiones y  motores transitando por el t\u00f9nel de la 27 de Febrero. No obstante que existe la  prohibici\u00f3n expresa para el tr\u00e0nsito de este tipo de veh\u00edculos en los pasos a  desnivel, la misma se viola de continuo en forma impune. Lo peor de todo es que  en muchos casos son las propias autoridades las que incurren en esa pr\u00e0ctica  ilegal.\u00a0 \u00a1Cosas de nuestro pa\u00ecs!<\/p>\n<p>&#13;<\/p>\n<p align=\"justify\" class=\"text1noticias\"><strong>MUEVE A LLANTO.<\/strong> El informe de la FAO revelando que m\u00e0s de dos  millones de pobladores del pedazo de isla que ocupamos est\u00e0n consumiendo menos  calor\u00edas y nutrientes del m\u00ednimo requerido y que ocho de cada cien ni\u00f1os  padecen de grave desnutrici\u00f3n y consiguiente retraso en su desarrollo y males  irreversibles mueve a llanto. Lamentablemente no parece que la informaci\u00f2n le  vaya a quitar el sue\u00f1o a demasiada gente.\u00a0  A tal grado de insensibilidad estamos llegando.<\/p>\n<p>&#13;<\/p>\n<h6> 2007-02-11 03:32:22 <\/h6>\n<p><!--\n<link rel=\"stylesheet\" href=\"css\/bootstrap.min.css\">\n\n\n<ul class=\"pagination\">\n\t    \n\t\n\n<li >\n\t<a href='?page_no=13227'>Previous<\/a>\n\t<\/li>\n\n\n       \n    \n\n<li><a href='?page_no=1'>1<\/a><\/li>\n\n\n\n<li><a href='?page_no=2'>2<\/a><\/li>\n\n\n\n<li><a>...<\/a><\/li>\n\n\n\n<li><a href='?page_no=13226'>13226<\/a><\/li>\n\n\n\n<li><a href='?page_no=13227'>13227<\/a><\/li>\n\n\n\n<li class='active'><a>13228<\/a><\/li>\n\n\n\n<li><a href='?page_no=13229'>13229<\/a><\/li>\n\n\n\n<li><a href='?page_no=13230'>13230<\/a><\/li>\n\n\n\n<li><a>...<\/a><\/li>\n\n\n\n<li><a href='?page_no=13611'>13611<\/a><\/li>\n\n\n\n<li><a href='?page_no=13612'>13612<\/a><\/li>\n\n    \n\t\n\n<li >\n\t<a href='?page_no=13229'>Next<\/a>\n\t<\/li>\n\n\n    \n\n<li><a href='?page_no=13612'>Last &rsaquo;&rsaquo;<\/a><\/li>\n\n<\/ul>\n\n\n--><br \/>\n<\/body><\/p>\n","protected":false},"excerpt":{"rendered":"<p>LAS PRINCIPALES EN TELEDEBATE&#13; &#13; Jueves 8,02,07 &#13; UN BUEN APORTE A SAMANA. El nuevo aeropuerto internacional de Catey es un decisivo aporte al desarrollo tur\u00edstico de Saman\u00e0 y toda su \u00e0rea de influencia geogr\u00e1fica.\u00a0 El m\u00e8rito le corresponde a AERODOM que invirti\u00f3 80 millones de d\u00f3lares en la obra preparada para recibir grandes aviones. [&hellip;]<\/p>\n","protected":false},"author":3,"featured_media":0,"comment_status":"open","ping_status":"open","sticky":false,"template":"","format":"standard","meta":{"footnotes":""},"categories":[16],"tags":[],"class_list":["post-37468","post","type-post","status-publish","format-standard","hentry","category-opiniones"],"_links":{"self":[{"href":"https:\/\/diariodominicano.com\/index.php?rest_route=\/wp\/v2\/posts\/37468","targetHints":{"allow":["GET"]}}],"collection":[{"href":"https:\/\/diariodominicano.com\/index.php?rest_route=\/wp\/v2\/posts"}],"about":[{"href":"https:\/\/diariodominicano.com\/index.php?rest_route=\/wp\/v2\/types\/post"}],"author":[{"embeddable":true,"href":"https:\/\/diariodominicano.com\/index.php?rest_route=\/wp\/v2\/users\/3"}],"replies":[{"embeddable":true,"href":"https:\/\/diariodominicano.com\/index.php?rest_route=%2Fwp%2Fv2%2Fcomments&post=37468"}],"version-history":[{"count":0,"href":"https:\/\/diariodominicano.com\/index.php?rest_route=\/wp\/v2\/posts\/37468\/revisions"}],"wp:attachment":[{"href":"https:\/\/diariodominicano.com\/index.php?rest_route=%2Fwp%2Fv2%2Fmedia&parent=37468"}],"wp:term":[{"taxonomy":"category","embeddable":true,"href":"https:\/\/diariodominicano.com\/index.php?rest_route=%2Fwp%2Fv2%2Fcategories&post=37468"},{"taxonomy":"post_tag","embeddable":true,"href":"https:\/\/diariodominicano.com\/index.php?rest_route=%2Fwp%2Fv2%2Ftags&post=37468"}],"curies":[{"name":"wp","href":"https:\/\/api.w.org\/{rel}","templated":true}]}}