{"id":37467,"date":"2007-02-11T03:49:50","date_gmt":"2007-02-11T03:49:50","guid":{"rendered":"http:\/\/diariodominicano.ddns.net\/?p=37467"},"modified":"2007-02-11T03:49:50","modified_gmt":"2007-02-11T03:49:50","slug":"el-tiro-rapido-435","status":"publish","type":"post","link":"https:\/\/diariodominicano.com\/?p=37467","title":{"rendered":"EL TIRO RAPIDO"},"content":{"rendered":"<p><body><\/p>\n<p align=\"justify\"><span class=\"titulogrande1\">EL TIRO RAPIDO<\/span><br \/>&#13;<br \/>\n  <br \/>&#13;<br \/>\n    <span class=\"ttmediao\">de<\/span><br \/>&#13;<br \/>\n  <br \/>&#13;<br \/>\n  <span class=\"textogrande\">Mario  Rivadulla<\/span><br \/>&#13;<br \/>\n  <br \/>&#13;<br \/>\n  <span class=\"text1noticias\">Quedar impuestos, por v\u00eca del Programa Mundial de  Alimentos de las Naciones Unidas, m\u00e0s conocido por sus siglas de FAO, de que  dos millones de nuestros habitantes no consume el m\u00ednimo de calor\u00edas y  nutrientes necesarios para subsistir, es motivo sobrado de preocupaci\u00f2n que  invita al insomnio.\u00a0 Se trata, nada m\u00e0s y  nada menos, que casi la cuarta parte de la poblaci\u00f3n de este lado de la isla.<\/span><\/p>\n<p>&#13;<\/p>\n<p align=\"justify\" class=\"text1noticias\">Peor a\u00f9n es este otro dato.Que  entre el siete y el nueve porciento de los ni\u00f1os de hasta 3 a\u00f1os\u00a0 padecen de desnutrici\u00f3n cr\u00f3nica que afecta su  normal desarrollo\u00a0 que, en no pocos  casos, les deja ya marcados de por vida con efectos negativos irreversibles,\u00a0 y que\u00a0  su\u00a0 n\u00f9mero\u00a0 creci\u00f3 en 20 mil tan solo entre el 2000 y el  pasado a\u00f1o, es algo que llora ante los ojos de Dios.\u00a0 <\/p>\n<p>&#13;<\/p>\n<p align=\"justify\" class=\"text1noticias\">Ello as\u00ec con mayor\u00a0 raz\u00f3n tomando en cuenta que hemos sido  bendecidos con tierras pr\u00f2digas para la producci\u00f2n agr\u00edcola, capaces de  garantizar la alimentaci\u00f3n de nuestro pueblo con largueza tal que alcanza para  suplir la agroindustria,\u00a0 el turismo y la  exportaci\u00f3n a mercados extranjeros.\u00a0\u00a0 Y  m\u00e0s todav\u00eca, en otro orden,\u00a0 cuando se  contrasta esa penosa situaci\u00f2n con la riqueza fara\u00f3nica, casi insultante, de  que hacen gala muchos que puestos en la picota, no tendr\u00ecan manera de  justificar el origen de su exhuberante prosperidad. <\/p>\n<p>&#13;<\/p>\n<p align=\"justify\" class=\"text1noticias\">Seg\u00f9n el conocido economista  Pavel Isa Contreras, quien es el oficial a cargo del programa de la FAO en el pa\u00ecs, entre 58 a 74 mil ni\u00f1os presentan un  cuadro de retardo irrecuperable en el crecimiento, en las capacidades de  aprendizaje y el desempe\u00f1o productivo debido a las carencias  nutricionales.\u00a0 Son como bien expresa,  personas que en el ma\u00f1ana acusar\u00e0n serias deficiencias intelectuales, motoras y  de toda naturaleza que los colocar\u00e0n en condiciones de franca inferioridad para  afrontar los retos y cubrir las necesidades de su vida adulta.\u00a0 Dicho sin artificios: ser\u00e0n ciudadanos de  segunda o de tercera categor\u00eda.<\/p>\n<p>&#13;<\/p>\n<p align=\"justify\" class=\"text1noticias\">El problema de la desnutrici\u00f3n  en gran parte de nuestra poblaci\u00f3n, y particularmente en el caso de los ni\u00f1os,  no es un fen\u00f3meno reciente.\u00a0 Desde los  tiempos ya un tanto distantes de los primeros doce a\u00f1os de Balaguer en la etapa  democr\u00e1tica, esta situaci\u00f2n ven\u00eca siendo evaluada y revelada de manera insistente  por la propia FAO, y si mal no recordamos, alg\u00fan que otro organismo  internacional.\u00a0 Los n\u00fameros posiblemente  no guardan mucha diferencia con los actuales.\u00a0  De hecho, en t\u00e9rminos porcentuales y tambi\u00e8n absolutos, dado que la  poblaci\u00f3n del pa\u00ecs ha crecido considerablemente desde entonces, poco o nada  hemos avanzado en el combate contra la desnutrici\u00f3n.\u00a0 Penoso admitirlo, pero indispensable  se\u00f1alarlo.<\/p>\n<p>&#13;<\/p>\n<p align=\"justify\" class=\"text1noticias\">M\u00e0s que simplemente apuntarlo y  hacer insistencia machacona en esos n\u00fameros que no son una simple estad\u00edstica,  sino que reflejan un drama profundamente humano y social, es indispensable  reclamar\u00a0 no de \u00e8ste ni de ning\u00f9n  gobierno en espec\u00ecfico simples medidas coyunturales, sino pol\u00edticas de  continuidad del Estado efectivas y consistentes para enfrentar el problema con  toda la decisi\u00f2n y urgencia que requiere.<\/p>\n<p>&#13;<\/p>\n<p align=\"justify\" class=\"text1noticias\">Bien y del todo necesario que  avancemos en el proceso de transformaci\u00f3n y modernizaci\u00f2n de la sociedad,  acorde con los tiempos en que andamos inmersos y los modelos en que estamos  obligados a insertarnos.\u00a0 Pero sin dejar  de lado en modo alguno,\u00a0 el compromiso  prioritario de rescatar de sus precariedades y miserias a quienes han ido  quedando a la orilla del camino, marginados del bienestar que el crecimiento  econ\u00f2mico ha concentrado en contadas manos.<\/p>\n<p>&#13;<\/p>\n<p align=\"justify\" class=\"text1noticias\">Esos dos millones de  desnutridos.\u00a0 Esos infortunados ni\u00f1os a  quienes el latigazo inclemente\u00a0 del  hambre f\u00edsica ha dejado injustas, dolorosas y limitantes huellas en sus  tempranas vidas. M\u00e0s que tan solo condolernos,\u00a0  ir en su ayuda y rescate.<\/p>\n<p>&#13;<\/p>\n<h6> 2007-02-11 03:49:50 <\/h6>\n<p><!--\n<link rel=\"stylesheet\" href=\"css\/bootstrap.min.css\">\n\n\n<ul class=\"pagination\">\n\t    \n\t\n\n<li >\n\t<a href='?page_no=13226'>Previous<\/a>\n\t<\/li>\n\n\n       \n    \n\n<li><a href='?page_no=1'>1<\/a><\/li>\n\n\n\n<li><a href='?page_no=2'>2<\/a><\/li>\n\n\n\n<li><a>...<\/a><\/li>\n\n\n\n<li><a href='?page_no=13225'>13225<\/a><\/li>\n\n\n\n<li><a href='?page_no=13226'>13226<\/a><\/li>\n\n\n\n<li class='active'><a>13227<\/a><\/li>\n\n\n\n<li><a href='?page_no=13228'>13228<\/a><\/li>\n\n\n\n<li><a href='?page_no=13229'>13229<\/a><\/li>\n\n\n\n<li><a>...<\/a><\/li>\n\n\n\n<li><a href='?page_no=13611'>13611<\/a><\/li>\n\n\n\n<li><a href='?page_no=13612'>13612<\/a><\/li>\n\n    \n\t\n\n<li >\n\t<a href='?page_no=13228'>Next<\/a>\n\t<\/li>\n\n\n    \n\n<li><a href='?page_no=13612'>Last &rsaquo;&rsaquo;<\/a><\/li>\n\n<\/ul>\n\n\n--><br \/>\n<\/body><\/p>\n","protected":false},"excerpt":{"rendered":"<p>EL TIRO RAPIDO&#13; &#13; de&#13; &#13; Mario Rivadulla&#13; &#13; Quedar impuestos, por v\u00eca del Programa Mundial de Alimentos de las Naciones Unidas, m\u00e0s conocido por sus siglas de FAO, de que dos millones de nuestros habitantes no consume el m\u00ednimo de calor\u00edas y nutrientes necesarios para subsistir, es motivo sobrado de preocupaci\u00f2n que invita al [&hellip;]<\/p>\n","protected":false},"author":3,"featured_media":0,"comment_status":"open","ping_status":"open","sticky":false,"template":"","format":"standard","meta":{"footnotes":""},"categories":[16],"tags":[],"class_list":["post-37467","post","type-post","status-publish","format-standard","hentry","category-opiniones"],"_links":{"self":[{"href":"https:\/\/diariodominicano.com\/index.php?rest_route=\/wp\/v2\/posts\/37467","targetHints":{"allow":["GET"]}}],"collection":[{"href":"https:\/\/diariodominicano.com\/index.php?rest_route=\/wp\/v2\/posts"}],"about":[{"href":"https:\/\/diariodominicano.com\/index.php?rest_route=\/wp\/v2\/types\/post"}],"author":[{"embeddable":true,"href":"https:\/\/diariodominicano.com\/index.php?rest_route=\/wp\/v2\/users\/3"}],"replies":[{"embeddable":true,"href":"https:\/\/diariodominicano.com\/index.php?rest_route=%2Fwp%2Fv2%2Fcomments&post=37467"}],"version-history":[{"count":0,"href":"https:\/\/diariodominicano.com\/index.php?rest_route=\/wp\/v2\/posts\/37467\/revisions"}],"wp:attachment":[{"href":"https:\/\/diariodominicano.com\/index.php?rest_route=%2Fwp%2Fv2%2Fmedia&parent=37467"}],"wp:term":[{"taxonomy":"category","embeddable":true,"href":"https:\/\/diariodominicano.com\/index.php?rest_route=%2Fwp%2Fv2%2Fcategories&post=37467"},{"taxonomy":"post_tag","embeddable":true,"href":"https:\/\/diariodominicano.com\/index.php?rest_route=%2Fwp%2Fv2%2Ftags&post=37467"}],"curies":[{"name":"wp","href":"https:\/\/api.w.org\/{rel}","templated":true}]}}