{"id":37466,"date":"2007-02-11T18:24:30","date_gmt":"2007-02-11T18:24:30","guid":{"rendered":"http:\/\/diariodominicano.ddns.net\/?p=37466"},"modified":"2007-02-11T18:24:30","modified_gmt":"2007-02-11T18:24:30","slug":"punto-y-coma-5","status":"publish","type":"post","link":"https:\/\/diariodominicano.com\/?p=37466","title":{"rendered":"PUNTO Y COMA"},"content":{"rendered":"<p><body><\/p>\n<p><strong class=\"titulogrande\">PUNTO Y COMA<\/strong><br \/>&#13;<br \/>\n  <br \/>&#13;<br \/>\n    <span class=\"linksnoticias\">Por <\/span><span class=\"textopq\">Santos Aquino Rubio<\/span><\/p>\n<p>&#13;<\/p>\n<p><span class=\"titulogrande\">\u00a1<\/span><strong>A PRODUCIR COMIDA<\/strong><span class=\"titulogrande\">!<\/span><\/p>\n<p>&#13;<\/p>\n<p align=\"justify\" class=\"text1noticias\">El Gobierno dominicano est\u00e1 en la obligaci\u00f3n de poner en marcha, de  inmediato, un programa de producci\u00f3n de alimentos, sobre todo, en la  agropecuaria, como salida urgente a la grave crisis que cobra cuerpo en el seno  de la sociedad, por la vertiginosa p\u00e9rdida del poder adquisitivo y el poco  acceso a los bienes comestibles.<\/p>\n<p>&#13;<\/p>\n<p align=\"justify\" class=\"text1noticias\">Parece incre\u00edble, pero es verdad, los supermercados siempre est\u00e1n llenos  de comprados, pero se trata de los mismos segmentos de la poblaci\u00f3n que tienen  acceso a todo y que disfrutan de los grandes privilegios que generan la  irracional distribuci\u00f3n de la riqueza y el poco inter\u00e9s de los gobernantes por  los irredentos pobres.<\/p>\n<p>&#13;<\/p>\n<p align=\"justify\" class=\"text1noticias\">Crecemos en la macro econom\u00eda, en las matr\u00edculas universitarias, en las  ganancias de los bancos, en la deuda internacional, en el n\u00famero de habitantes,  pero descrecemos vertiginosamente en oportunidades, salud, educaci\u00f3n,  alimentaci\u00f3n y otras variables indispensables para el desarrollo humano.<\/p>\n<p>&#13;<\/p>\n<p align=\"justify\" class=\"text1noticias\">La tuberculosis ha vuelto por sus fueros, el dengue cobra cada vez m\u00e1s  v\u00edctimas, la delincuencia es creciente, el desempleo, en cifras sinceras debe  rondar el 20%, sin hablar del analfabetismo. Todo esto, pese a los avances que  exhibimos en tecnolog\u00eda, grandes obras y hasta en extraordinarios eventos.<\/p>\n<p>&#13;<\/p>\n<p align=\"justify\" class=\"text1noticias\">Nos hemos preocupado marcadamente por las exigencias de naciones que  tienen resueltos sus problemas elementales, pero en cambio descuidamos los  bosques, los r\u00edos, la orograf\u00eda en sentido general y, sobre todo, la necesidad  urgente que tenemos de producir v\u00edveres, leche, carne y otros rubros para los  cuales contamos con estructuras agropecuarias e industriales, que hoy lucen  atrofiadas y dominadas por la inercia.<\/p>\n<p>&#13;<\/p>\n<p align=\"justify\" class=\"text1noticias\">Es tiempo de casarse con la gloria, retornemos la vida al campo, sin  descuidar la tecnolog\u00eda, claro, pero pensando en que la vida humana y animal  han perdurado sobre los cambios que hemos experimentados en los \u00faltimos dos  siglos de inventos y transformaciones. <\/p>\n<p>&#13;<\/p>\n<p align=\"justify\" class=\"text1noticias\">Hay muchos profesionales deseosos de servir a su pa\u00eds y los recursos que  percibimos en cada propuesta econ\u00f3mica anual, son m\u00e1s que suficientes, bien  aplicados, para mejorar nuestra condici\u00f3n de vida. Esperamos por ustedes, por  su acci\u00f3n genuina y efectiva y por su comprensi\u00f3n.<\/p>\n<p>&#13;<\/p>\n<p align=\"justify\" class=\"text1noticias\">El autor es periodista y abogado.<\/p>\n<p>&#13;<\/p>\n<h6> 2007-02-11 18:24:30 <\/h6>\n<p><!--\n<link rel=\"stylesheet\" href=\"css\/bootstrap.min.css\">\n\n\n<ul class=\"pagination\">\n\t    \n\t\n\n<li >\n\t<a href='?page_no=13225'>Previous<\/a>\n\t<\/li>\n\n\n       \n    \n\n<li><a href='?page_no=1'>1<\/a><\/li>\n\n\n\n<li><a href='?page_no=2'>2<\/a><\/li>\n\n\n\n<li><a>...<\/a><\/li>\n\n\n\n<li><a href='?page_no=13224'>13224<\/a><\/li>\n\n\n\n<li><a href='?page_no=13225'>13225<\/a><\/li>\n\n\n\n<li class='active'><a>13226<\/a><\/li>\n\n\n\n<li><a href='?page_no=13227'>13227<\/a><\/li>\n\n\n\n<li><a href='?page_no=13228'>13228<\/a><\/li>\n\n\n\n<li><a>...<\/a><\/li>\n\n\n\n<li><a href='?page_no=13611'>13611<\/a><\/li>\n\n\n\n<li><a href='?page_no=13612'>13612<\/a><\/li>\n\n    \n\t\n\n<li >\n\t<a href='?page_no=13227'>Next<\/a>\n\t<\/li>\n\n\n    \n\n<li><a href='?page_no=13612'>Last &rsaquo;&rsaquo;<\/a><\/li>\n\n<\/ul>\n\n\n--><br \/>\n<\/body><\/p>\n","protected":false},"excerpt":{"rendered":"<p>PUNTO Y COMA&#13; &#13; Por Santos Aquino Rubio &#13; \u00a1A PRODUCIR COMIDA! &#13; El Gobierno dominicano est\u00e1 en la obligaci\u00f3n de poner en marcha, de inmediato, un programa de producci\u00f3n de alimentos, sobre todo, en la agropecuaria, como salida urgente a la grave crisis que cobra cuerpo en el seno de la sociedad, por la [&hellip;]<\/p>\n","protected":false},"author":3,"featured_media":0,"comment_status":"open","ping_status":"open","sticky":false,"template":"","format":"standard","meta":{"footnotes":""},"categories":[16],"tags":[],"class_list":["post-37466","post","type-post","status-publish","format-standard","hentry","category-opiniones"],"_links":{"self":[{"href":"https:\/\/diariodominicano.com\/index.php?rest_route=\/wp\/v2\/posts\/37466","targetHints":{"allow":["GET"]}}],"collection":[{"href":"https:\/\/diariodominicano.com\/index.php?rest_route=\/wp\/v2\/posts"}],"about":[{"href":"https:\/\/diariodominicano.com\/index.php?rest_route=\/wp\/v2\/types\/post"}],"author":[{"embeddable":true,"href":"https:\/\/diariodominicano.com\/index.php?rest_route=\/wp\/v2\/users\/3"}],"replies":[{"embeddable":true,"href":"https:\/\/diariodominicano.com\/index.php?rest_route=%2Fwp%2Fv2%2Fcomments&post=37466"}],"version-history":[{"count":0,"href":"https:\/\/diariodominicano.com\/index.php?rest_route=\/wp\/v2\/posts\/37466\/revisions"}],"wp:attachment":[{"href":"https:\/\/diariodominicano.com\/index.php?rest_route=%2Fwp%2Fv2%2Fmedia&parent=37466"}],"wp:term":[{"taxonomy":"category","embeddable":true,"href":"https:\/\/diariodominicano.com\/index.php?rest_route=%2Fwp%2Fv2%2Fcategories&post=37466"},{"taxonomy":"post_tag","embeddable":true,"href":"https:\/\/diariodominicano.com\/index.php?rest_route=%2Fwp%2Fv2%2Ftags&post=37466"}],"curies":[{"name":"wp","href":"https:\/\/api.w.org\/{rel}","templated":true}]}}