{"id":37465,"date":"2007-02-14T14:50:38","date_gmt":"2007-02-14T14:50:38","guid":{"rendered":"http:\/\/diariodominicano.ddns.net\/?p=37465"},"modified":"2007-02-14T14:50:38","modified_gmt":"2007-02-14T14:50:38","slug":"las-principales-de-teledebate-3","status":"publish","type":"post","link":"https:\/\/diariodominicano.com\/?p=37465","title":{"rendered":"LAS PRINCIPALES DE TELEDEBATE"},"content":{"rendered":"<p><body><\/p>\n<p align=\"justify\"><span class=\"titulogrande1\">LAS PRINCIPALES DE TELEDEBATE<\/span><br \/>&#13;<br \/>\n  <br \/>&#13;<br \/>\n    <span class=\"linksnoticias\">Viernes<\/span>  <span class=\"textopq1\">9,02,07<\/span><br \/>&#13;<br \/>\n  <br \/>&#13;<br \/>\n  <em><strong>COMER ES LO PRIMERO.<\/strong><\/em> <span class=\"text1noticias\">El informe de la FAO revelando que dos millones  de habitantes de este lado de la frontera no est\u00e0n consumiendo el m\u00ednimo de  calor\u00edas y nutrientes indispensables para subsistir, debiera motivar al  gobierno a desarrollar un amplio programa de comedores y mercados populares  para aliviar el d\u00e9ficit alimentario.\u00a0  Comer es lo primero.\u00a0 Lo otro,  como dice la Biblia,  vendr\u00e0 por a\u00f1adidura.<\/span><\/p>\n<p>&#13;<\/p>\n<p align=\"justify\" class=\"text1noticias\"><span class=\"titulogrande\">INESPRE:<\/span> <em><strong>DECISI\u00d3N INAPLAZABLE.<\/strong><\/em> Realmente no se explica la raz\u00f3n por la que se ha condenado a INESPRE a  arrastrar una vida vegetativa, convertido en un simple y reducido reducto  burocr\u00e1tico.\u00a0 Si se entiende que el  organismo ya cumpli\u00f2 su ciclo de utilidad, lo que procede es desmantelarlo y  montar una nueva estructura que llene el vac\u00eco\u00a0  dejado por los mercados de la \u00e8poca en que el desaparecido Pablo  Mercedes regenteaba la instituci\u00f3n.<\/p>\n<p>&#13;<\/p>\n<p align=\"justify\" class=\"text1noticias\"><em><strong>REFUGIO DE  NARCOTRAFICANTES.<\/strong><\/em>\u00a0 \u00bfQu\u00e9 Puerto Plata se  ha convertido en refugio de narcotraficantes?\u00a0  \u00bfAcaso es noticia novedosa?\u00a0 Y las  numerosas ejecuciones o muertes por contrato que tuvieron como escenario la  hermosa ciudad norte\u00f1a durante el pasado a\u00f1o,\u00a0  \u00bfno eran acaso una se\u00f1al clara de que en su mayor\u00eca, si no la totalidad,  ten\u00ecan alg\u00fan v\u00ecnculo con las drogas?\u00a0\u00a0 Lo  importante ahora es\u00a0 qu\u00e8 har\u00e0n las  autoridades para enfrentar esa situaci\u00f2n y devolver el sosiego a los  puertoplate\u00f1os.<\/p>\n<p>&#13;<\/p>\n<p align=\"justify\" class=\"text1noticias\"><em><strong>LIBERTAD DE EXPRESI\u00d3N.<\/strong><\/em>\u00a0 Otra noticia que tampoco tiene nada de  sorprendente es el informe de la organizaci\u00f3n no gubernamental CADAL se\u00f1alando  que Cuba, M\u00e9xico, Venezuela, Bolivia, Brasil, Chile y Argentina fueron en ese  mismo orden, las peores zonas de Latinoam\u00e9rica para ejercer el periodismo el  pasado a\u00f1o. La raz\u00f3n: la ejecuci\u00f3n de leyes y pr\u00e0cticas destinadas a amordazar  la prensa por parte del poder pol\u00edtico. <br \/>&#13;<br \/>\n  <br \/>&#13;<br \/>\nLa eterna lucha por la libertad de  expresi\u00f3n frente a gobiernos autoritarios.<\/p>\n<p>&#13;<\/p>\n<p align=\"justify\" class=\"text1noticias\"><em><strong>LA PROFESI\u00d3N DE MAYOR  RIESGO:<\/strong><\/em> La propia organizaci\u00f3n revela que Am\u00e9rica Latina fue la regi\u00f2n del  mundo, despu\u00e8s de Irak, donde fue asesinado una mayor cantidad de periodistas y  tambi\u00e8n la segunda, solo despu\u00e8s de China Comunista, en cuanto a profesionales  de la prensa apresados. En realidad, en mayor o menor grado, son pocos los  pa\u00ecses del mundo donde el periodismo no confronte dificultades e intentos de  acallar su voz.\u00a0 Probado que se trata de  la profesi\u00f3n de mayor riesgo, despu\u00e8s de la militar.\u00a0 Y \u00e8sta solo la supera en tiempos de guerra.<\/p>\n<p>&#13;<\/p>\n<p align=\"justify\" class=\"text1noticias\"><em><strong>LULA DE MEDIADOR.\u00a0<\/strong><\/em> Muy oportuna la intervenci\u00f3n del Presidente  carioca Lula da Silva para tratar de bajar la tensi\u00f3n entre Venezuela y Estados  Unidos.\u00a0 El reelecto mandatario sostiene  que ambos gobiernos deben sentarse a dialogar para resolver, o al menos  suavizar, los problemas surgidos entre ambos.\u00a0  La confrontaci\u00f3n, a\u00f9n sea solo verbal, como hasta ahora, no es  precisamente lo m\u00e0s recomendable. Sobre todo porque no es tan dif\u00eccil pasar de  las palabras a las acciones.\u00a0 Y esto s\u00ec  resultar\u00eca penoso y sobre todo, costoso.<\/p>\n<p>&#13;<\/p>\n<p align=\"justify\" class=\"text1noticias\"><em><strong>\u00a1QUE PACIENCIA!<\/strong><\/em> Atenci\u00f3n do\u00f1a  Alejandrina, o quiz\u00e0s ser\u00eca mejor llamarla a quienes llevan la cuenta del libro  Guinnes: en Los Botados, de Yamas\u00e0, profesores y alumnos del liceo Eusebio  Manzueta mantienen paralizada la docencia reclamando que se les termine un  edificio para albergar el plantel cuya construcci\u00f3n comenz\u00f2 hace nada menos que  diez a\u00f1os.\u00a0 Si la espera no es un r\u00e8cord,  es bastante buen promedio.\u00a0 Lo cierto es  que el d\u00eca que se inaugure no se podr\u00e0 decir que es un local nuevo sino  bastante viejo.<\/p>\n<p>&#13;<\/p>\n<p align=\"justify\" class=\"text1noticias\"><em><strong>IMPRESI\u00d3N COSTOSA.<\/strong><\/em>\u00a0 Seg\u00f9n Lipe Collado que de eso sabe un rato  por la cantidad de obras que ha escrito, ahora mismo la impresi\u00f3n de un libro  cuesta m\u00e0s de un peso por p\u00e0gina.\u00a0 O sea  que una obra de 300 p\u00e0ginas costar\u00eca imprimirla 400 pesos cada ejemplar.\u00a0 Si la tirada es de mil, que es el promedio de  nuestro mercado, salvo en contados casos, cada edici\u00f2n viene saliendo en 400  mil pesos que despu\u00e8s cuesta Dios y ayuda poder recuperar.<\/p>\n<p>&#13;<\/p>\n<p align=\"justify\" class=\"text1noticias\"><em><strong>IMPUESTOS A LA LECTURA.\u00a0<\/strong><\/em> El escritor aboga porque el  Presidente Fern\u00e1ndez, quien ha declarado el 2007 como A\u00f1o de la Lectura y el Libro libere  del pago del ITBIS a las imprentas en general.\u00a0  Collado, quien tambi\u00e8n es editor, estima que la Secretar\u00eca de Cultura  est\u00e0 realizando una buena obra pero llama la atenci\u00f3n sobre el hecho de que no  se han inaugurado bibliotecas en los barrios populares.\u00a0 Es el mismo planteamiento hecho por Virtudes  Uribe, que es de esperar se tome en consideraci\u00f2n si queremos que realmente  \u00e8ste sea el A\u00f1o de la Lectura  y el Libro.<\/p>\n<p>&#13;<\/p>\n<h6> 2007-02-14 14:50:38 <\/h6>\n<p><!--\n<link rel=\"stylesheet\" href=\"css\/bootstrap.min.css\">\n\n\n<ul class=\"pagination\">\n\t    \n\t\n\n<li >\n\t<a href='?page_no=13224'>Previous<\/a>\n\t<\/li>\n\n\n       \n    \n\n<li><a href='?page_no=1'>1<\/a><\/li>\n\n\n\n<li><a href='?page_no=2'>2<\/a><\/li>\n\n\n\n<li><a>...<\/a><\/li>\n\n\n\n<li><a href='?page_no=13223'>13223<\/a><\/li>\n\n\n\n<li><a href='?page_no=13224'>13224<\/a><\/li>\n\n\n\n<li class='active'><a>13225<\/a><\/li>\n\n\n\n<li><a href='?page_no=13226'>13226<\/a><\/li>\n\n\n\n<li><a href='?page_no=13227'>13227<\/a><\/li>\n\n\n\n<li><a>...<\/a><\/li>\n\n\n\n<li><a href='?page_no=13611'>13611<\/a><\/li>\n\n\n\n<li><a href='?page_no=13612'>13612<\/a><\/li>\n\n    \n\t\n\n<li >\n\t<a href='?page_no=13226'>Next<\/a>\n\t<\/li>\n\n\n    \n\n<li><a href='?page_no=13612'>Last &rsaquo;&rsaquo;<\/a><\/li>\n\n<\/ul>\n\n\n--><br \/>\n<\/body><\/p>\n","protected":false},"excerpt":{"rendered":"<p>LAS PRINCIPALES DE TELEDEBATE&#13; &#13; Viernes 9,02,07&#13; &#13; COMER ES LO PRIMERO. El informe de la FAO revelando que dos millones de habitantes de este lado de la frontera no est\u00e0n consumiendo el m\u00ednimo de calor\u00edas y nutrientes indispensables para subsistir, debiera motivar al gobierno a desarrollar un amplio programa de comedores y mercados populares [&hellip;]<\/p>\n","protected":false},"author":3,"featured_media":0,"comment_status":"open","ping_status":"open","sticky":false,"template":"","format":"standard","meta":{"footnotes":""},"categories":[16],"tags":[],"class_list":["post-37465","post","type-post","status-publish","format-standard","hentry","category-opiniones"],"_links":{"self":[{"href":"https:\/\/diariodominicano.com\/index.php?rest_route=\/wp\/v2\/posts\/37465","targetHints":{"allow":["GET"]}}],"collection":[{"href":"https:\/\/diariodominicano.com\/index.php?rest_route=\/wp\/v2\/posts"}],"about":[{"href":"https:\/\/diariodominicano.com\/index.php?rest_route=\/wp\/v2\/types\/post"}],"author":[{"embeddable":true,"href":"https:\/\/diariodominicano.com\/index.php?rest_route=\/wp\/v2\/users\/3"}],"replies":[{"embeddable":true,"href":"https:\/\/diariodominicano.com\/index.php?rest_route=%2Fwp%2Fv2%2Fcomments&post=37465"}],"version-history":[{"count":0,"href":"https:\/\/diariodominicano.com\/index.php?rest_route=\/wp\/v2\/posts\/37465\/revisions"}],"wp:attachment":[{"href":"https:\/\/diariodominicano.com\/index.php?rest_route=%2Fwp%2Fv2%2Fmedia&parent=37465"}],"wp:term":[{"taxonomy":"category","embeddable":true,"href":"https:\/\/diariodominicano.com\/index.php?rest_route=%2Fwp%2Fv2%2Fcategories&post=37465"},{"taxonomy":"post_tag","embeddable":true,"href":"https:\/\/diariodominicano.com\/index.php?rest_route=%2Fwp%2Fv2%2Ftags&post=37465"}],"curies":[{"name":"wp","href":"https:\/\/api.w.org\/{rel}","templated":true}]}}