{"id":37463,"date":"2007-02-14T15:03:54","date_gmt":"2007-02-14T15:03:54","guid":{"rendered":"http:\/\/diariodominicano.ddns.net\/?p=37463"},"modified":"2007-02-14T15:03:54","modified_gmt":"2007-02-14T15:03:54","slug":"las-principales-en-teledebate-123","status":"publish","type":"post","link":"https:\/\/diariodominicano.com\/?p=37463","title":{"rendered":"LAS PRINCIPALES EN TELEDEBATE"},"content":{"rendered":"<p><body><\/p>\n<p><span class=\"titulogrande1\">LAS PRINCIPALES EN TELEDEBATE<\/span><br \/>&#13;<br \/>\n  <br \/>&#13;<br \/>\n    <span class=\"linksnoticias\">Lunes<\/span>  <span class=\"textopq\">12,02,07.<\/span><\/p>\n<p>&#13;<\/p>\n<p align=\"justify\"><em><strong>FALTA EL COMPLEMENTO. <\/strong><\/em><span class=\"text1noticias\">Ciertamente la delincuencia ha  bajado en los vecindarios incluido en el Plan de Barrio Seguro. Los n\u00fameros as\u00ec  lo evidencian y los propios comunitarios lo reconocen.\u00a0 Sin embargo, est\u00e0n objetando el hecho de que  a la acci\u00f2n preventiva y represiva policial ha faltado el prometido complemento  de crear empleos y\u00a0 mejorar los servicios  de salud y educaci\u00f3n as\u00ec como las condiciones ambientales.\u00a0 Sus reclamos deben ser escuchados.<\/span><\/p>\n<p>&#13;<\/p>\n<p align=\"justify\" class=\"text1noticias\"><strong>OJO:<\/strong> <em><strong>COBRO DE PEAJE.<\/strong><\/em> Por otra  parte, se est\u00e0n manifestando quejas en relaci\u00f2n con las redadas barriales.\u00a0 <br \/>&#13;<br \/>\n  <br \/>&#13;<br \/>\nHay grupos organizados que afirman que las  mismas no resuelven nada, ya que por lo general la mayor\u00eca de los malhechores  evaden las mismas y en cambio crea trastornos en los vecindarios, inclusive  apresando a personas no relacionadas con la delincuencia. Tambi\u00e8n se denuncia  que para lograr la devoluci\u00f3n de un motor o un veh\u00edculo hay que pagar peaje. El  Jefe de la Polic\u00eca  debe investigar<\/p>\n<p>&#13;<\/p>\n<p align=\"justify\" class=\"text1noticias\"><strong><em>DISCREPANCIAS.<\/em><\/strong>\u00a0 Bueno, parece que las autoridades no acaban  de ponerse de acuerdo con respecto a la situaci\u00f2n del orden p\u00f9blico y la  seguridad ciudadana en Puerto Plata.\u00a0 Han  surgido diferencias entre el Secretario de Interior y Polic\u00eca y el Procurador  General de la Rep\u00f9blica,  a quien aquel acusa de una especie de protagonismo terrorista mientras \u00e8ste  \u00f9ltimo parece haber enarbolado bandera blanca, alegando que solo le preocupa el  sosiego ciudadano.<\/p>\n<p>&#13;<\/p>\n<p align=\"justify\" class=\"text1noticias\"><em><strong>\u00a1LLEGO LA MAFIA RUSA!<\/strong><\/em> Ahora el  Asesor en Drogas del Poder Ejecutivo, doctor Vincho Castillo, interviene en el  affaire puertoplate\u00f1o, denunciando la presencia de la mafia rusa en la Costa Norte\u00a0 a la que responsabiliza de los reiterados ajustes de cuentas que han  tenido como escenario la hermosa ciudad tur\u00edstica.\u00a0 Seg\u00f9n Castillo, los rusos estar\u00ecan  reaccionando molestos por los golpes que ha recibido el narcotr\u00e1fico  \u00faltimamente por parte de la Direcci\u00f2n Nacional de Control de Drogas.<\/p>\n<p>&#13;<\/p>\n<p align=\"justify\" class=\"text1noticias\"><em><strong>ASALTOS A OPERADORES  TUR\u00cdSTICOS. <\/strong><\/em>Y continuando con la importante industria sin chimeneas, los  operadores tur\u00edsticos se quejan de que con frecuencia son asaltados en  distintas carreteras del pa\u00ecs por grupos de facinerosos armados que despojan a  los pasajeros del dinero y los objetos de valor que portan.\u00a0 Al parecer las rutas m\u00e0s vulnerables son del  Aeropuerto de Las Am\u00e8ricas a San Pedro de Macor\u00eds y de La Romana a B\u00e0varo.\u00a0 Se\u00f1alan que la falta de luces y vigilancia en  las autopistas contribuyen a estos hechos que son una p\u00e9sima publicidad para el  turismo en el exterior.<\/p>\n<p>&#13;<\/p>\n<p align=\"justify\" class=\"text1noticias\"><em><strong>EL GAS PELA, EL TIRO MATA.<\/strong><\/em> Y de  nuevo con el Ministerio P\u00f9blico por sus objeciones al uso del gas pimienta por  parte de la AMET  para someter a conductores rebeldes, necios o agresivos, muchos bajos los  efectos del alcohol o la droga, alegando que ser\u00eca un atentado contra los  derechos de los mismos.\u00a0 \u00bfTiene alguna  otra soluci\u00f2n mejor el Ministerio P\u00f9blico?\u00a0  En todo caso, \u00bfno es preferible un poco del bendito gas que un disparo  mortal, como ha ocurrido en otras ocasiones?\u00a0\u00a0  Recu\u00e9rdese que el gas pela, el tiro mata.<\/p>\n<p>&#13;<\/p>\n<p align=\"justify\" class=\"text1noticias\"><em><strong>SOS DE HAINA.<\/strong><\/em>\u00a0 El S\u00ecndico de Haina env\u00eda un SOS al Poder  Ejecutivo sobre la situaci\u00f2n de ese sobrepoblado municipio, el que genera mayor  riqueza y parad\u00f2jicamente acusa mayor pobreza de la provincia San Crist\u00f3bal.  <br \/>&#13;<br \/>\n  <br \/>&#13;<br \/>\nSeg\u00f9n el mun\u00eccipe, pese a tener en sus entra\u00f1as el r\u00eco Haina, falta el agua y  sobra la basura por el deterioro del vertedero local. En adici\u00f2n, gran parte de  sus habitantes viven en ca\u00f1adas y laberintos.\u00a0\u00a0  Un reclamo que debe ser atendido cuanto antes.<\/p>\n<p>&#13;<\/p>\n<p align=\"justify\" class=\"text1noticias\"><em><strong>LE GANARON AL \u201cBACHO\u201d.\u00a0<\/strong><\/em> La   Sirena y el Super Pola celebraron su S\u00e8ptima Feria Dominicana  con nuestro plato m\u00e0s t\u00ecpico:\u00a0\u00a0 un  sancocho.\u00a0 Pero no uno cualquiera, sino  uno gigante para 3 mil comensales. En una enorme olla de cuatro metros de  di\u00e1metro, los cocineros y sus ayudantes volcaron 700 libras de carne de  cerdo, res y gallina y 500 unidades de pl\u00e1tanos.\u00a0 Le ganaron por la cl\u00e1sica milla a Ra\u00f9l P\u00e9rez  Pe\u00f1a, \u201cEl Bacho\u201d, el hombre de los festivales del sancocho y del son.<\/p>\n<p>&#13;<\/p>\n<p align=\"justify\" class=\"text1noticias\"><strong>PLD:<\/strong> <em><strong>PRUEBA DE FUEGO.<\/strong><\/em>\u00a0 Ayer la reuni\u00f3n del Comit\u00e8 Central del PLD  acord\u00f2 la presentaci\u00f3n de las precandidaturas en bloque del Presidente Leonel  Fern\u00e1ndez, Danilo Medina y Jos\u00e8 Tom\u00e0s. Hoy se di\u00f2 a la luz una encuesta de la  firma argentina Carlos Fara y Asociados, efectuada entre el 3 y el 5 de este  mes, que le otorgan al mandatario un\u00a0  87.5 porciento de preferencia, con abrumadora ventaja sobre sus otros  dos contendientes. El gran reto para el partido morado es conservar su unidad  sometida ahora a una verdadera prueba de fuego.<\/p>\n<p>&#13;<\/p>\n<p align=\"justify\" class=\"text1noticias\"><em><strong>\u00a1SIEMPRE LA IMPUNIDAD!<\/strong><\/em> El director  del DEPRECO, Octavio L\u00ecster, est\u00e0 transitando al parecer la misma calle de  amargura que oblig\u00f2 a renunciar primero a Julio Pedro Castellanos, en el pasado  gobierno de Leonel Fern\u00e1ndez y luego a Virgilio Bello Rosa, en el de Hip\u00f3lito  Mej\u00eca. L\u00ecster se queja de que en los tribunales no ha encontrado acogida la lucha  contra la corrupci\u00f2n.\u00a0 La impunidad que  sigue arropando a \u00e8sta llora ante los ojos de Dios.<\/p>\n<p>&#13;<\/p>\n<p align=\"justify\" class=\"text1noticias\"><em><strong>DGII: UN TEMA QUE AMERITA  REVISI\u00d3N.<\/strong><\/em> Bien que Impuestos Internos trate de mejorar los ingresos fiscales y  combatir la evasi\u00f3n. Pero hay medidas que deben ser revisadas como es la del  pago anticipado del ITBIS a la expedici\u00f3n de las facturas en vez de al cobro de  \u00e8stas. Microempresas y negocios peque\u00f1os y medianos no pueden financiar este  adelanto sobre facturas que a veces pasan meses sin poderse cobrar, comenzando por  el propio gobierno que no es precisamente un modelo en eso de pagar a tiempo.<\/p>\n<p>&#13;<\/p>\n<p align=\"justify\" class=\"text1noticias\"><strong>INC\u00d3GNITAS QUE REQUIEREN  RESPUESTAS.\u00a0 <\/strong>\u00bfPor cu\u00e0nto vendi\u00f2 la AES Corporation  sus acciones en EDEESTE a la   Trust Company of the West, la que ahora est\u00e0 demandando al  Estado por nada menos que 700 millones de d\u00f3lares? \u00bfC\u00f2mo es posible que el  Estado que es codue\u00f1o al 50 porciento de dicha empresa no fuese enterado de  dicha operaci\u00f3n?\u00a0 \u00bfQu\u00e8 beneficios pudo  haber generado la misma a fines fiscales? Son inc\u00f3gnitas que merecen respuestas.<\/p>\n<p>&#13;<\/p>\n<p align=\"justify\" class=\"text1noticias\"><em><strong>\u00bfTERNURA PATERNAL?<\/strong><\/em> \u00a1Qu\u00e8  contradicci\u00f3n!\u00a0 Tantos hombres que niegan  la paternidad de sus hijos y en cambio hay tres se disputan como locos ser el  padre de la peque\u00f1a hija de Anne Nicole Smith, la reci\u00e8n fallecida ex modelo de  Play Boy.\u00a0 De por medio hay una raz\u00f2n muy  poderosa: la posibilidad de que la ni\u00f1a sea beneficiaria de una herencia o  parte de ella. de nada menos que 400 millones de d\u00f3lares dejados a su muerte  por el anciano esposo de la madre. \u00a1Cu\u00e0n extra\u00f1a y demorada\u00a0 ternura paterna!<\/p>\n<p>&#13;<\/p>\n<h6> 2007-02-14 15:03:54 <\/h6>\n<p><!--\n<link rel=\"stylesheet\" href=\"css\/bootstrap.min.css\">\n\n\n<ul class=\"pagination\">\n\t    \n\t\n\n<li >\n\t<a href='?page_no=13222'>Previous<\/a>\n\t<\/li>\n\n\n       \n    \n\n<li><a href='?page_no=1'>1<\/a><\/li>\n\n\n\n<li><a href='?page_no=2'>2<\/a><\/li>\n\n\n\n<li><a>...<\/a><\/li>\n\n\n\n<li><a href='?page_no=13221'>13221<\/a><\/li>\n\n\n\n<li><a href='?page_no=13222'>13222<\/a><\/li>\n\n\n\n<li class='active'><a>13223<\/a><\/li>\n\n\n\n<li><a href='?page_no=13224'>13224<\/a><\/li>\n\n\n\n<li><a href='?page_no=13225'>13225<\/a><\/li>\n\n\n\n<li><a>...<\/a><\/li>\n\n\n\n<li><a href='?page_no=13611'>13611<\/a><\/li>\n\n\n\n<li><a href='?page_no=13612'>13612<\/a><\/li>\n\n    \n\t\n\n<li >\n\t<a href='?page_no=13224'>Next<\/a>\n\t<\/li>\n\n\n    \n\n<li><a href='?page_no=13612'>Last &rsaquo;&rsaquo;<\/a><\/li>\n\n<\/ul>\n\n\n--><br \/>\n<\/body><\/p>\n","protected":false},"excerpt":{"rendered":"<p>LAS PRINCIPALES EN TELEDEBATE&#13; &#13; Lunes 12,02,07. &#13; FALTA EL COMPLEMENTO. Ciertamente la delincuencia ha bajado en los vecindarios incluido en el Plan de Barrio Seguro. Los n\u00fameros as\u00ec lo evidencian y los propios comunitarios lo reconocen.\u00a0 Sin embargo, est\u00e0n objetando el hecho de que a la acci\u00f2n preventiva y represiva policial ha faltado el [&hellip;]<\/p>\n","protected":false},"author":3,"featured_media":0,"comment_status":"open","ping_status":"open","sticky":false,"template":"","format":"standard","meta":{"footnotes":""},"categories":[16],"tags":[],"class_list":["post-37463","post","type-post","status-publish","format-standard","hentry","category-opiniones"],"_links":{"self":[{"href":"https:\/\/diariodominicano.com\/index.php?rest_route=\/wp\/v2\/posts\/37463","targetHints":{"allow":["GET"]}}],"collection":[{"href":"https:\/\/diariodominicano.com\/index.php?rest_route=\/wp\/v2\/posts"}],"about":[{"href":"https:\/\/diariodominicano.com\/index.php?rest_route=\/wp\/v2\/types\/post"}],"author":[{"embeddable":true,"href":"https:\/\/diariodominicano.com\/index.php?rest_route=\/wp\/v2\/users\/3"}],"replies":[{"embeddable":true,"href":"https:\/\/diariodominicano.com\/index.php?rest_route=%2Fwp%2Fv2%2Fcomments&post=37463"}],"version-history":[{"count":0,"href":"https:\/\/diariodominicano.com\/index.php?rest_route=\/wp\/v2\/posts\/37463\/revisions"}],"wp:attachment":[{"href":"https:\/\/diariodominicano.com\/index.php?rest_route=%2Fwp%2Fv2%2Fmedia&parent=37463"}],"wp:term":[{"taxonomy":"category","embeddable":true,"href":"https:\/\/diariodominicano.com\/index.php?rest_route=%2Fwp%2Fv2%2Fcategories&post=37463"},{"taxonomy":"post_tag","embeddable":true,"href":"https:\/\/diariodominicano.com\/index.php?rest_route=%2Fwp%2Fv2%2Ftags&post=37463"}],"curies":[{"name":"wp","href":"https:\/\/api.w.org\/{rel}","templated":true}]}}