{"id":37460,"date":"2007-02-14T15:42:38","date_gmt":"2007-02-14T15:42:38","guid":{"rendered":"http:\/\/diariodominicano.ddns.net\/?p=37460"},"modified":"2007-02-14T15:42:38","modified_gmt":"2007-02-14T15:42:38","slug":"cuidemonos-el-simplismo-electoral","status":"publish","type":"post","link":"https:\/\/diariodominicano.com\/?p=37460","title":{"rendered":"Cuidemonos el simplismo electoral"},"content":{"rendered":"<p><body><\/p>\n<p align=\"center\" class=\"titulogrande\"><em>Cuidemonos el simplismo electoral<\/em><\/p>\n<p>&#13;<\/p>\n<p align=\"center\"><span class=\"linksnoticias\">Por <\/span><strong class=\"textogrande\">Narciso Isa Conde<\/strong><\/p>\n<p>&#13;<\/p>\n<p align=\"justify\" class=\"text1noticias\">Aqu\u00ed en Rep\u00fablica Dominicana  no existe ni el coronel ni el general que se haya atrevido a desafiar con  hechos el sistema corrompido, la seudo-democracia vigente, la partidocracia  perversa y el neoliberalismo empobrecedor y desnacionalizador.<\/p>\n<p>&#13;<\/p>\n<p align=\"justify\" class=\"text1noticias\">Aqu\u00ed no ha surgido un Ch\u00e1vez  como el que se insurreccion\u00f3 en Venezuela en 1992 para desatar el proceso de  formaci\u00f3n de un nuevo liderazgo nacional-popular y debilitar el poder  excluyente del orden pol\u00edtico establecido.<\/p>\n<p>&#13;<\/p>\n<p align=\"justify\" class=\"text1noticias\">Claro, que no haya surgido en tiempos  recientes, no quiere decir que no pueda surgir. Ya tuvimos un Fern\u00e1ndez  Dom\u00ednguez y un Francisco Caama\u00f1o hace 42 a\u00f1os.<\/p>\n<p>&#13;<\/p>\n<p align=\"justify\" class=\"text1noticias\">Aqu\u00ed tampoco se ha  desarrollado un movimiento pol\u00edtico-social como el de Bolivia, con un liderazgo  real antes de convertirse en fuerza electoral competitiva.<\/p>\n<p>&#13;<\/p>\n<p align=\"justify\" class=\"text1noticias\">A Evo Morales y a otros l\u00edderes  de los pueblos originarios, como a dirigentes del calibre de \u00c1lvaro Garc\u00eda  Linera y Antonio Peredo (hermano de Inti y Coco, los compa\u00f1eros del Che), eso le  cost\u00f3 grandes esfuerzos e intensas confrontaciones sociales y pol\u00edticas,  incluido el derribamiento de presidentes y gobiernos.<\/p>\n<p>&#13;<\/p>\n<p align=\"justify\" class=\"text1noticias\">Aqu\u00ed\u00a0 tampoco se ha producido recientemente algo  parecido a la cadena de conmociones pol\u00edtico-sociales que han tenido lugar en  el Ecuador y a las sucesivas ca\u00eddas de gobiernos a trav\u00e9s de formidables  acciones masivas extra-institucionales.<\/p>\n<p>&#13;<\/p>\n<p align=\"justify\" class=\"text1noticias\">Luego de la traici\u00f3n de Lucio  Guti\u00e9rrez, Rafael Correa se destac\u00f3 por su firmeza, capacidad, combatividad y  talento, antes de ser candidato presidencial. Gan\u00f3 confianza y autoridad para  posibilitar la avalancha electoral victoriosa<\/p>\n<p>&#13;<\/p>\n<p align=\"justify\" class=\"text1noticias\">A Humala lo proyect\u00f3 su  rebeld\u00eda militar y se apoy\u00f3 entonces en el nuevo auge de los movimientos  sociales del Per\u00fa.<\/p>\n<p>&#13;<\/p>\n<p align=\"justify\" class=\"text1noticias\">Y no hablo en detalle de  Brasil, M\u00e9xico y Uruguay porque estos son procesos de acumulaci\u00f3n electoral y  pol\u00edtico- social de larga data, en situaciones de las cuales estamos m\u00e1s lejos  aun, con camisas institucionales menos vulnerables a los cambios y con  izquierdas sensiblemente derechizadas (como pasa con el PT, \u00a0el PRD y el Frente Amplio).<\/p>\n<p>&#13;<\/p>\n<p align=\"justify\" class=\"text1noticias\">Lo de Nicaragua es tambi\u00e9n de  larga data y desde una acumulaci\u00f3n hist\u00f3rica no totalmente revertida.<\/p>\n<p>&#13;<\/p>\n<p align=\"justify\" class=\"text1noticias\">Las candidaturas de izquierda  o progresistas de por s\u00ed, las campa\u00f1as electorales de por s\u00ed, no hacen  liderazgo populares alternativos.<\/p>\n<p>&#13;<\/p>\n<p align=\"justify\" class=\"text1noticias\">Sin recomposici\u00f3n de las  redes sociales y pol\u00edticas, sin luchas que forjen liderazgos confiables y  fuerzas referenciales cre\u00edbles, es extremadamente dif\u00edcil cambiar la  correlaci\u00f3n de fuerza electoral. M\u00e1s en situaciones de sistemas electorales  cerrado, excluyentes, oligop\u00f3licos, como el que rige en este pa\u00eds.<br \/>&#13;<br \/>\n\u00a0\u00a0\u00a0\u00a0\u00a0\u00a0\u00a0\u00a0\u00a0\u00a0\u00a0\u00a0\u00a0\u00a0\u00a0\u00a0\u00a0\u00a0\u00a0\u00a0\u00a0\u00a0\u00a0\u00a0\u00a0\u00a0\u00a0\u00a0\u00a0\u00a0\u00a0\u00a0\u00a0\u00a0\u00a0\u00a0\u00a0\u00a0\u00a0\u00a0\u00a0\u00a0\u00a0\u00a0\u00a0\u00a0\u00a0\u00a0\u00a0\u00a0\u00a0\u00a0\u00a0\u00a0\u00a0\u00a0\u00a0\u00a0\u00a0\u00a0\u00a0\u00a0\u00a0\u00a0\u00a0\u00a0\u00a0\u00a0\u00a0\u00a0\u00a0\u00a0\u00a0\u00a0\u00a0\u00a0\u00a0\u00a0\u00a0\u00a0\u00a0\u00a0\u00a0\u00a0\u00a0\u00a0\u00a0\u00a0\u00a0\u00a0\u00a0\u00a0\u00a0\u00a0\u00a0\u00a0\u00a0\u00a0\u00a0\u00a0\u00a0\u00a0\u00a0\u00a0\u00a0\u00a0\u00a0\u00a0\u00a0\u00a0\u00a0\u00a0\u00a0\u00a0\u00a0\u00a0\u00a0\u00a0\u00a0\u00a0\u00a0\u00a0\u00a0\u00a0\u00a0\u00a0\u00a0\u00a0\u00a0\u00a0 <br \/>&#13;<br \/>\nLa correlaci\u00f3n de fuerzas  pol\u00edticas debe ser modificada con hechos catalizadores y pruebas convincentes.  <br \/>&#13;<br \/>\n<br \/>&#13;<br \/>\nAdem\u00e1s las estructuras dominantes deben ser previamente debilitadas,  erosionando su legitimidad y quit\u00e1ndole capacidad reactiva.<\/p>\n<p>&#13;<\/p>\n<p align=\"justify\" class=\"text1noticias\">Los cambios de gobiernos  capaces de iniciar procesos hacia la revoluci\u00f3n, aun comiencen o avancen por  v\u00edas electorales, no son situaciones permitidas por el orden dominante, sino  que tienen que imponerse a trav\u00e9s de una acumulaci\u00f3n integral de fuerzas, no de  simples movimientos electorales; mucho menos desde una izquierda partidista fam\u00e9lica  y movimientos sociales enclenques y desorientados.<\/p>\n<p>&#13;<\/p>\n<p align=\"justify\" class=\"text1noticias\">Debemos cuidarnos de una  interpretaci\u00f3n superficial de lo que est\u00e1 aconteciendo en Am\u00e9rica del Sur.\u00a0 Las victorias de esas fuerzas no se han dado  en fr\u00edo, ni han sido el resultado de una simple sumatoria de partidos de  izquierda con baj\u00edsima inserci\u00f3n en el pueblo, ni han sido el producto de acuerdos  limitados a ellos. En no pocos casos los avances se han dado a contrapelo de  esa visi\u00f3n estrecha y conservadora.<\/p>\n<p>&#13;<\/p>\n<p align=\"justify\" class=\"text1noticias\">Pero adem\u00e1s, porque por all\u00e1 hayan ganado o  avanzado, no vamos a ganar o avanzar aqu\u00ed. Eso ayuda, estimula, pero no se  cambia nuestro cuadro deprimido si no lo cambiamos nosotros (as).<\/p>\n<p>&#13;<\/p>\n<p align=\"justify\" class=\"text1noticias\">La clave est\u00e1 en reconocer  nuestro enorme d\u00e9ficit y disponernos a descubrir y multiplicar las  potencialidades fuera de nuestras propias filas. Estamos incluso peor que hace  algunos a\u00f1os, aunque la crisis del sistema sea mayor, el deseo de cambiarlo  haya crecido y los sectores en disposici\u00f3n de hacerlo sean mucho m\u00e1s.<\/p>\n<p>&#13;<\/p>\n<p align=\"justify\" class=\"text1noticias\">Para cambiar esta compleja y contradictoria  situaci\u00f3n se necesitan hechos audaces y unidad en grande, no simplemente  pre-candidaturas grupales, propuestas de primarias para competir en espacios  sumamente empeque\u00f1ecidos.<\/p>\n<p>&#13;<\/p>\n<p align=\"justify\" class=\"text1noticias\">Esto requiere estar abiertos  a la creaci\u00f3n de nuevos liderazgos y a actuar para crearlo. Necesita superar la  visi\u00f3n corporativa y estrecha. Exige tambi\u00e9n no copiar, y m\u00e1s aun, no copiar  mal, malinterpretando los procesos exitosos. Recordemos lo que pas\u00f3 cuando el  sacerdote Ar\u00edstides gan\u00f3 en Hait\u00ed y ciertos grupos se inventaron al Padre To\u00f1o.<\/p>\n<p>&#13;<\/p>\n<p align=\"justify\" class=\"text1noticias\">Los Ch\u00e1vez, los Correa, los  Evo de aqu\u00ed, no se pueden decretar ni inventar, mucho menos mal copiar. La ola  es v\u00e1lida y expansiva. Las experiencias valios\u00edsimas. Pero aqu\u00ed, quien o  quienes se propongan ese rol, deber\u00e1 conquistarlo a base de pensamiento y  acci\u00f3n, y de persistente creaci\u00f3n de nuevos espacios de poder y fuerzas de  referencia y sustentaci\u00f3n. Y eso, adem\u00e1s de necesario es posible, aunque  ciertamente nada f\u00e1cil.<\/p>\n<p>&#13;<\/p>\n<p align=\"justify\" class=\"text1noticias\">Porque  una cosa es la izquierda partidista, que ojala decida autotransformarse y  revolucionarse, y otra la ampl\u00edsima izquierda real en general, la cual necesita,  quiere y presiona por nuevos causes organizativos y movimientista.<\/p>\n<p>&#13;<\/p>\n<p align=\"justify\" class=\"text1noticias\">Cuid\u00e9monos tanto del  simplismo y la superficialidad, como del electoralismo unilateral e infecundo. Cuid\u00e9monos  de hacer discurso de unidad para dividirnos, para competir sin sentido, para  candidatearnos a c\u00f3mo de lugar.\u00a1Cuid\u00e9monos del rid\u00edculo electoral!<\/p>\n<p>&#13;<\/p>\n<p align=\"justify\" class=\"text1noticias\"><em><strong>Ahora todo debe ser bien  pensado<\/strong><\/em><\/p>\n<p>&#13;<\/p>\n<h6> 2007-02-14 15:42:38 <\/h6>\n<p><!--\n<link rel=\"stylesheet\" href=\"css\/bootstrap.min.css\">\n\n\n<ul class=\"pagination\">\n\t    \n\t\n\n<li >\n\t<a href='?page_no=13219'>Previous<\/a>\n\t<\/li>\n\n\n       \n    \n\n<li><a href='?page_no=1'>1<\/a><\/li>\n\n\n\n<li><a href='?page_no=2'>2<\/a><\/li>\n\n\n\n<li><a>...<\/a><\/li>\n\n\n\n<li><a href='?page_no=13218'>13218<\/a><\/li>\n\n\n\n<li><a href='?page_no=13219'>13219<\/a><\/li>\n\n\n\n<li class='active'><a>13220<\/a><\/li>\n\n\n\n<li><a href='?page_no=13221'>13221<\/a><\/li>\n\n\n\n<li><a href='?page_no=13222'>13222<\/a><\/li>\n\n\n\n<li><a>...<\/a><\/li>\n\n\n\n<li><a href='?page_no=13611'>13611<\/a><\/li>\n\n\n\n<li><a href='?page_no=13612'>13612<\/a><\/li>\n\n    \n\t\n\n<li >\n\t<a href='?page_no=13221'>Next<\/a>\n\t<\/li>\n\n\n    \n\n<li><a href='?page_no=13612'>Last &rsaquo;&rsaquo;<\/a><\/li>\n\n<\/ul>\n\n\n--><br \/>\n<\/body><\/p>\n","protected":false},"excerpt":{"rendered":"<p>Cuidemonos el simplismo electoral &#13; Por Narciso Isa Conde &#13; Aqu\u00ed en Rep\u00fablica Dominicana no existe ni el coronel ni el general que se haya atrevido a desafiar con hechos el sistema corrompido, la seudo-democracia vigente, la partidocracia perversa y el neoliberalismo empobrecedor y desnacionalizador. &#13; Aqu\u00ed no ha surgido un Ch\u00e1vez como el que [&hellip;]<\/p>\n","protected":false},"author":3,"featured_media":0,"comment_status":"open","ping_status":"open","sticky":false,"template":"","format":"standard","meta":{"footnotes":""},"categories":[16],"tags":[],"class_list":["post-37460","post","type-post","status-publish","format-standard","hentry","category-opiniones"],"_links":{"self":[{"href":"https:\/\/diariodominicano.com\/index.php?rest_route=\/wp\/v2\/posts\/37460","targetHints":{"allow":["GET"]}}],"collection":[{"href":"https:\/\/diariodominicano.com\/index.php?rest_route=\/wp\/v2\/posts"}],"about":[{"href":"https:\/\/diariodominicano.com\/index.php?rest_route=\/wp\/v2\/types\/post"}],"author":[{"embeddable":true,"href":"https:\/\/diariodominicano.com\/index.php?rest_route=\/wp\/v2\/users\/3"}],"replies":[{"embeddable":true,"href":"https:\/\/diariodominicano.com\/index.php?rest_route=%2Fwp%2Fv2%2Fcomments&post=37460"}],"version-history":[{"count":0,"href":"https:\/\/diariodominicano.com\/index.php?rest_route=\/wp\/v2\/posts\/37460\/revisions"}],"wp:attachment":[{"href":"https:\/\/diariodominicano.com\/index.php?rest_route=%2Fwp%2Fv2%2Fmedia&parent=37460"}],"wp:term":[{"taxonomy":"category","embeddable":true,"href":"https:\/\/diariodominicano.com\/index.php?rest_route=%2Fwp%2Fv2%2Fcategories&post=37460"},{"taxonomy":"post_tag","embeddable":true,"href":"https:\/\/diariodominicano.com\/index.php?rest_route=%2Fwp%2Fv2%2Ftags&post=37460"}],"curies":[{"name":"wp","href":"https:\/\/api.w.org\/{rel}","templated":true}]}}