{"id":37458,"date":"2007-02-15T14:10:29","date_gmt":"2007-02-15T14:10:29","guid":{"rendered":"http:\/\/diariodominicano.ddns.net\/?p=37458"},"modified":"2007-02-15T14:10:29","modified_gmt":"2007-02-15T14:10:29","slug":"las-principales-en-teledebate-122","status":"publish","type":"post","link":"https:\/\/diariodominicano.com\/?p=37458","title":{"rendered":"LAS PRINCIPALES EN TELEDEBATE"},"content":{"rendered":"<p><body><\/p>\n<p><span class=\"titulogrande1\"><em>LAS PRINCIPALES EN TELEDEBATE<\/em><\/span><br \/>&#13;<br \/>\n  <br \/>&#13;<br \/>\n    <span class=\"linksnoticias\">Martes<\/span> <span class=\"textogrande\">13,02,07<\/span><\/p>\n<p>&#13;<\/p>\n<p align=\"justify\"><em><strong>NO DEBE QUEDAR IMPUNE.<\/strong><\/em> <span class=\"text1noticias\">El Jefe de la Polic\u00eca Nacional  design\u00f2 una comisi\u00f3n para investigar la brutal agresi\u00f2n de que fue v\u00ecctima el  obrero Alfredo Javalera, golpeado, violado y castrado para quien el personal del  hospital Musa,donde est\u00e0 recluido, ha pedido protecci\u00f2n especial. El hecho no  debe quedar impune. Una acci\u00f2n de esa naturaleza solo puede haber sido  ejecutada por psic\u00f3patas que deben ser aislados de la sociedad de por vida.<\/span><\/p>\n<p>&#13;<\/p>\n<p align=\"justify\" class=\"text1noticias\"><em><strong>DE OREJA A OREJA.<\/strong><\/em> El por lo general muy serio  Eduardo Estrella debe andar hoy con una sonrisa de oreja a oreja en su nativa  Santiago con los resultados de la encuesta del argentino Carlos Fara.\u00a0 La misma le otorga nada menos que un 69 por  ciento de preferencia frente a solo un 26 porciento de Amable Aristy y de 1.5 a Luis Toral para las  pr\u00f3ximas primarias que escoger\u00e1n el candidato presidencial del Partido  Reformista.\u00a0 Lo de que pueda ganar la  primera magistratura ya ser\u00e0 otra historia a despejar en mayo del 2008.<\/p>\n<p>&#13;<\/p>\n<p align=\"justify\" class=\"text1noticias\"><em><strong>MALA PAGAS.\u00a0<\/strong><\/em> \u00bfQu\u00e8 al Instituto Dominicano de Seguros Sociales unas 800 entidades  privadas le adeudan nada menos que mil 500 millones de pesos?\u00a0 \u00bfY desde cu\u00e0ndo deberle a esa instituci\u00f3n,  comenzando por el propio Estado, es noticia?\u00a0  Lo novedoso ser\u00eca que le hubiesen pagado.\u00a0 Lo que s\u00ec tiene de inter\u00e8s la informaci\u00f2n es  algunos de los nombres que aparecen entre los deudores y que pasan como gente  seria.\u00a0 \u00a1Mala pagas!<\/p>\n<p>&#13;<\/p>\n<p align=\"justify\" class=\"text1noticias\"><em class=\"titulogrande\">TRANSPORTE:<\/em> <em><strong>OTRO NUEVO LIO.<\/strong><\/em> Y el sector de  transporte no deja de aportar un l\u00eco tr\u00e0s otro.\u00a0  Ahora es una empresa venezolana, Carrocer\u00eda Andina, la que demanda al  Estado y al Ayuntamiento del Distrito por 33 millones de d\u00f3lares porque le  traspasaron a la Hyundai  el contrato que se le hab\u00eca otorgado para financiar la compra de veh\u00edculos para  la FENATRANO  de Juan Hubieres. Veremos c\u00f2mo salimos librados de este nuevo tollo por los  benditos autobuses.<\/p>\n<p>&#13;<\/p>\n<p align=\"justify\" class=\"text1noticias\"><em><strong>AL ESTADO LO AFUEREARON.<\/strong><\/em> Pero esa demanda es un  maicito comparada con la reclamaci\u00f3n de 700 millones de d\u00f3lares que la Trust Capital of  West, la empresa que adquiri\u00f2 las acciones de la AES en EDE-ESTE le hace al Estado  Dominicano.\u00a0 Todav\u00eca no se ha explicado  c\u00f2mo se produjo esa venta sin conocimiento del Estado que es due\u00f1o del otro 50  porciento de las acciones de esa distribuidora ni si la venta produjo  beneficios y por tanto, debe pagar impuestos aunque sea una cantidad negociada  como ocurri\u00f2 con Verizon.<br \/>&#13;<br \/>\nAl Estado lo afuerearon una vez m\u00e0s.<\/p>\n<p>&#13;<\/p>\n<p align=\"justify\" class=\"text1noticias\"><em><strong>PALABRAS CRIPTICAS.<\/strong><\/em> El nuevo jefe de polic\u00eca de  Puerto Plata reconoce que los delincuentes se han apoderado de las calles de la  ciudad norte\u00f1a y les advierte que se porten bien o hagan sus maletas para que  abandonen la zona. Mejor ser\u00eca que las hicieran para pasar una larga temporada  tr\u00e0s las rejas.\u00a0 Por otra parte, el  oficial de la uniformada pide que no lo confundan con sus antecesores.\u00a0 \u00bfQu\u00e8 habr\u00e0 querido expresar?<\/p>\n<p>&#13;<\/p>\n<p align=\"justify\" class=\"text1noticias\"><strong><em>QUE ESTE ENTRE LAS PRIORIDADES.<\/em><\/strong>\u00a0 Penoso el estado de abandono en que se  encuentra la Avenida   Duarte, una de las principales arterias comerciales de la  capital.\u00a0 Los negocios que corren\u00a0 todo lo largo de la v\u00eca est\u00e0n que se los  lleva el mismo diablo debido a la baja significativa en sus operaciones.  Recientemente el Secretario de Obras P\u00f9blicas anunci\u00f2 que el gobierno dedicar\u00eca  seis mil millones de pesos a obras consideradas prioritarias en todo el pa\u00ecs.\u00a0 \u00bfEstar\u00e0 la Duarte en ese listado?\u00a0 Esperemos que s\u00ec.<\/p>\n<p>&#13;<\/p>\n<p align=\"justify\" class=\"text1noticias\"><em><strong>NI PIE NI PISADA.\u00a0<\/strong><\/em> El Canciller Carlos Morales Troncoso no pierde pie ni pisada a las ONGs  de fuera y de dentro que mantienen una constante campa\u00f1a de descr\u00e9dito contra  el pa\u00ecs por supuestas actitudes racistas y abusos contra la inmigraci\u00f3n  haitiana.\u00a0 Ahora le entr\u00f2 a las dos manos  a dos de factura norteamericana cuyo comunicado acusatorio califica de  infame.\u00a0 \u00a1L\u00e0stima que estas instituciones  no se preocupen mejor de combatir el discrimen en su propio pa\u00ecs contra los hispanoparlantes  y el infame muro que se levantar\u00e0 en la frontera con M\u00e9xico!<\/p>\n<p>&#13;<\/p>\n<p align=\"justify\" class=\"text1noticias\"><em><strong>CUESTION DE CONFIANZA.\u00a0<\/strong><\/em> El Jefe de la Polic\u00eca Nacional  solicita la cooperaci\u00f3n de la ciudadan\u00eca, y en particular de las iglesias,  asociaciones c\u00edvicas, entidades barriales, clubes de madres y dem\u00e0s para  prevenir y combatir la delincuencia advirtiendo que esa tarea no la puede  llevar a cabo solamente el cuerpo de orden p\u00f9blico. Tiene mucha raz\u00f2n. Pero no  es menos cierto que todav\u00eca hay mucha desconfianza en relaci\u00f3n con la uniformada,  debido a que a\u00f9n quedan en su seno muchos elementos cuestionables, picoteadores  y asociados a los malhechores. La cuesti\u00f3n es de confianza.<\/p>\n<p>&#13;<\/p>\n<p align=\"justify\" class=\"text1noticias\"><em><strong>CRIOLLOS EN LAS MAYORES.<\/strong><\/em>\u00a0 De otras cosas podremos quejarnos pero no de  nuestra representaci\u00f3n en las Grandes Ligas.\u00a0  Para la venidera temporada de las Mayores tendremos nada menos que 56  criollos ocupando posiciones titulares en pr\u00e1cticamente todos los equipos.\u00a0 M\u00e0s de otros\u00a0  cien dominicanos estar\u00e1n en los campos de entrenamiento tratando de  ganarse un hueco en las alineaciones. Entre \u00e8stos, cr\u00e8alo o no, figura Sammy  Sosa tratando de hacer el equipo con los Nacionales de Washington.<\/p>\n<p>&#13;<\/p>\n<p align=\"justify\" class=\"text1noticias\"><em><strong>SUBERO VS. LISTER.<\/strong><\/em> El Presidente de la Suprema Corte, Jorge  Subero Isa, es otro que no deja pasar una.\u00a0  <br \/>&#13;<br \/>\n  <br \/>&#13;<br \/>\nDe inmediato le ha dado respuesta a la queja del Director del DEPRECO,  Octavio L\u00ecster de que la corrupci\u00f3n no es sancionada en los tribunales,  emplaz\u00e1ndolo a someter a los jueces que muestren actitudes complacientes en ese  sentido. Subero acoge el alegato de muchos magistrados en el sentido de que los  expedientes que se les someten no est\u00e0n debidamente instrumentados. Mientras  tanto la corrupci\u00f3n sigue disfrutando de la mayor impunidad.<\/p>\n<p>&#13;<\/p>\n<h6> 2007-02-15 14:10:29 <\/h6>\n<p><!--\n<link rel=\"stylesheet\" href=\"css\/bootstrap.min.css\">\n\n\n<ul class=\"pagination\">\n\t    \n\t\n\n<li >\n\t<a href='?page_no=13218'>Previous<\/a>\n\t<\/li>\n\n\n       \n    \n\n<li><a href='?page_no=1'>1<\/a><\/li>\n\n\n\n<li><a href='?page_no=2'>2<\/a><\/li>\n\n\n\n<li><a>...<\/a><\/li>\n\n\n\n<li><a href='?page_no=13217'>13217<\/a><\/li>\n\n\n\n<li><a href='?page_no=13218'>13218<\/a><\/li>\n\n\n\n<li class='active'><a>13219<\/a><\/li>\n\n\n\n<li><a href='?page_no=13220'>13220<\/a><\/li>\n\n\n\n<li><a href='?page_no=13221'>13221<\/a><\/li>\n\n\n\n<li><a>...<\/a><\/li>\n\n\n\n<li><a href='?page_no=13611'>13611<\/a><\/li>\n\n\n\n<li><a href='?page_no=13612'>13612<\/a><\/li>\n\n    \n\t\n\n<li >\n\t<a href='?page_no=13220'>Next<\/a>\n\t<\/li>\n\n\n    \n\n<li><a href='?page_no=13612'>Last &rsaquo;&rsaquo;<\/a><\/li>\n\n<\/ul>\n\n\n--><br \/>\n<\/body><\/p>\n","protected":false},"excerpt":{"rendered":"<p>LAS PRINCIPALES EN TELEDEBATE&#13; &#13; Martes 13,02,07 &#13; NO DEBE QUEDAR IMPUNE. El Jefe de la Polic\u00eca Nacional design\u00f2 una comisi\u00f3n para investigar la brutal agresi\u00f2n de que fue v\u00ecctima el obrero Alfredo Javalera, golpeado, violado y castrado para quien el personal del hospital Musa,donde est\u00e0 recluido, ha pedido protecci\u00f2n especial. El hecho no debe [&hellip;]<\/p>\n","protected":false},"author":3,"featured_media":0,"comment_status":"open","ping_status":"open","sticky":false,"template":"","format":"standard","meta":{"footnotes":""},"categories":[16],"tags":[],"class_list":["post-37458","post","type-post","status-publish","format-standard","hentry","category-opiniones"],"_links":{"self":[{"href":"https:\/\/diariodominicano.com\/index.php?rest_route=\/wp\/v2\/posts\/37458","targetHints":{"allow":["GET"]}}],"collection":[{"href":"https:\/\/diariodominicano.com\/index.php?rest_route=\/wp\/v2\/posts"}],"about":[{"href":"https:\/\/diariodominicano.com\/index.php?rest_route=\/wp\/v2\/types\/post"}],"author":[{"embeddable":true,"href":"https:\/\/diariodominicano.com\/index.php?rest_route=\/wp\/v2\/users\/3"}],"replies":[{"embeddable":true,"href":"https:\/\/diariodominicano.com\/index.php?rest_route=%2Fwp%2Fv2%2Fcomments&post=37458"}],"version-history":[{"count":0,"href":"https:\/\/diariodominicano.com\/index.php?rest_route=\/wp\/v2\/posts\/37458\/revisions"}],"wp:attachment":[{"href":"https:\/\/diariodominicano.com\/index.php?rest_route=%2Fwp%2Fv2%2Fmedia&parent=37458"}],"wp:term":[{"taxonomy":"category","embeddable":true,"href":"https:\/\/diariodominicano.com\/index.php?rest_route=%2Fwp%2Fv2%2Fcategories&post=37458"},{"taxonomy":"post_tag","embeddable":true,"href":"https:\/\/diariodominicano.com\/index.php?rest_route=%2Fwp%2Fv2%2Ftags&post=37458"}],"curies":[{"name":"wp","href":"https:\/\/api.w.org\/{rel}","templated":true}]}}