{"id":37457,"date":"2007-02-15T14:16:41","date_gmt":"2007-02-15T14:16:41","guid":{"rendered":"http:\/\/diariodominicano.ddns.net\/?p=37457"},"modified":"2007-02-15T14:16:41","modified_gmt":"2007-02-15T14:16:41","slug":"el-tiro-rapido-433","status":"publish","type":"post","link":"https:\/\/diariodominicano.com\/?p=37457","title":{"rendered":"EL TIRO RAPIDO"},"content":{"rendered":"<p><body><\/p>\n<p><span class=\"titulogrande1\"><em>EL TIRO RAPIDO<\/em><\/span><br \/>&#13;<br \/>\n  <br \/>&#13;<br \/>\n    <span class=\"linksnoticias\">de<\/span><br \/>&#13;<br \/>\n  <br \/>&#13;<br \/>\n  <span class=\"textogrande\">Mario  Rivadulla<\/span><\/p>\n<p>&#13;<\/p>\n<p align=\"justify\" class=\"text1noticias\">En d\u00ecas recientes, el conocido empresario santiaguero  Fernando Capell\u00e1n, uno de los m\u00e0s significados representantes del sector de  zonas francas, asegur\u00f2 que las industrias del ramo textil acogidas a ese  r\u00e9gimen especial est\u00e0n en capacidad de hacer frente a la competencia  avasallante de China Comunista. <\/p>\n<p>&#13;<\/p>\n<p align=\"justify\" class=\"text1noticias\">Capell\u00e1n sostuvo adem\u00e1s, que el  ramo textilero de zonas francas ha perdido m\u00e0s de cuarenta mil empleos en los  \u00faltimos tiempos, reclam\u00f2 la entrada en vigencia del Tratado de Libre Comercio  con los Estados Unidos y Centroam\u00e9rica y abog\u00f2 por una depreciaci\u00f3n del  peso.\u00a0\u00a0 O sea, llevarlo de la tasa  estable que al presente es de 33.80 y que ha podido mantener el Banco Central  con variaciones muy leves en estos dos \u00faltimos a\u00f1os y meses a una mucho m\u00e0s  alta, digamos entre 38 y 40 por uno.<\/p>\n<p>&#13;<\/p>\n<p align=\"justify\" class=\"text1noticias\">Todos son se\u00f1alamientos que, en  general, han venido manteniendo de manera consistente y aireando con frecuencia  los voceros zonafranqueros.<\/p>\n<p>&#13;<\/p>\n<p align=\"justify\" class=\"text1noticias\">Pero resulta que ayer mismo en  el Diario Libre, que es el propio medio donde Capell\u00e1n produjo los  planteamientos que antes resumimos, aparece un interesante reportaje del joven  pero muy bien informado redactor econ\u00f2mico de ese matutino, Esteban Delgado,  con datos y argumentos que contradicen los del empresario zonafranquero.\u00a0 Veamos.<\/p>\n<p>&#13;<\/p>\n<p align=\"justify\" class=\"text1noticias\">En ese detallado trabajo se  se\u00f1ala que en realidad las empresas textiles de zona franca est\u00e0n siendo  afectadas y en gran medida desplazadas del voluminoso\u00a0 mercado norteamericano, adonde va a parar el  grueso de su producci\u00f3n, debido a la invasi\u00f3n de textiles fabricados en China,  Vietnam, India, Bangladesh y Marruecos que pr\u00e1cticamente se han apoderado del  mismo debido a que disponen de una mano de obra mucho m\u00e0s barata.\u00a0 <br \/>&#13;<br \/>\n  <br \/>&#13;<br \/>\nLa competencia ruinosa ha afectado tambi\u00e8n a  M\u00e9xico y Centroam\u00e9rica.<\/p>\n<p>&#13;<\/p>\n<p align=\"justify\" class=\"text1noticias\">Por otra parte, la directora  del Consejo de Zonas Francas desacredita el manido argumento de que el sector  ha perdido la cantidad de empleos que se menciona con frecuencia y repite el  se\u00f1or Capell\u00e1n.\u00a0 Seg\u00f9n Luisa Fern\u00e1ndez la  ca\u00ecda de puestos de trabajo en el sector fue el pasado a\u00f1o de unos 12 mil,  cifra que fue compensada en m\u00e0s de un cincuenta porciento con la generaci\u00f3n de  empleos de las nuevas empresas que se han acogido a ese r\u00e9gimen especial.\u00a0 <\/p>\n<p>&#13;<\/p>\n<p align=\"justify\" class=\"text1noticias\">La funcionaria sostiene que el  n\u00f9mero de plazas en empresas de zona franca que en diciembre del 2005 era de  154 mil 781 baj\u00f2 a solo 147 mil 959 al finalizar el 2006.\u00a0 O sea, una p\u00e8rdida de menos de siete mil que  siempre es lamentable, pero que resulta muy inferior a los 40 mil citados por  el se\u00f1or Capell\u00e1n.\u00a0 \u00bfCu\u00e0l es el dato  preciso y correcto?\u00a0 Para conocerlo  bastar\u00eca cruzar y verificar la informaci\u00f2n de que disponen la una y el otro.<\/p>\n<p>&#13;<\/p>\n<p align=\"justify\" class=\"text1noticias\">Pero al punto que queremos  llegar es al siguiente.\u00a0 Los  zonafranqueros han venido reclamando un aumento en la cotizaci\u00f3n del peso  frente al d\u00f2lar, como se\u00f1alamos al principio, llev\u00e1ndolo a entre 38 y 40 por  uno. Inclusive en alg\u00fan momento pasado llegaron a plantear formalmente que el  gobierno estableciese esa tasa de manera oficial y arbitraria.<\/p>\n<p>&#13;<\/p>\n<p align=\"justify\" class=\"text1noticias\">No hay que argumentar en  demas\u00eda para comprender que una subida del d\u00f2lar de esa naturaleza se  traducir\u00eca en un grave deterioro\u00a0 de la  ya bastante afectada calidad de vida de la poblaci\u00f3n por circunstancias  sobradamente conocidas,\u00a0 con  significativas alzas en el costo de los alimentos, el transporte, los  combustibles, la energ\u00eda el\u00e9ctrica y todos los precios en general.\u00a0\u00a0 <\/p>\n<p>&#13;<\/p>\n<p align=\"justify\" class=\"text1noticias\">Esto adem\u00e1s, representar\u00eca una  ruinosa sobrecarga para el gobierno al tener que destinar muchos m\u00e0s pesos para  la compra de d\u00f3lares destindos a honrar el servicio de la cuantiosa deuda  externa\u00a0 as\u00ec como al pago de la factura  de petr\u00f3leo,\u00a0 un gran\u00a0 sobrecosto en la adquisici\u00f2n de bienes y  servicios con destino al sector p\u00f9blico\u00a0  y una obligada recomposici\u00f2n del presupuesto de la naci\u00f2n reduciendo de  hecho, en forma significativa, todas las partidas del mismo.\u00a0 Pr\u00e1cticamente atar de pies y manos la Administraci\u00f3n y  casi hacer inmanejable la econom\u00eca y las finanzas p\u00f9blicas.<\/p>\n<p>&#13;<\/p>\n<p align=\"justify\" class=\"text1noticias\">Una vez m\u00e0s insistimos: las  zonas francas son importantes, sobre todo desde el punto de vista social, por  lo que tenemos que brindarles toda la protecci\u00f3n y soporte posibles,\u00a0 a\u00f9n cuando se desenvuelven dentro de un  status especial cuyos d\u00ecas est\u00e0n contados dentro del marco de las regulaciones  y normas internacionales de comercio con motivo de la globalizaci\u00f2n, la  competencia y el libre mercado. <\/p>\n<p>&#13;<\/p>\n<p align=\"justify\" class=\"text1noticias\">Pero las f\u00f2rmulas de ayuda  tienen que ser m\u00e0s creativas, y en modo alguno, como se pretende en base a  prestarles auxilio a costa del resto del pa\u00ecs.\u00a0  Es en otra direcci\u00f2n que tienen que orientar sus reclamos y trabajar de  conjunto con las autoridades para hallar ese bal\u00f2n de ox\u00ecgeno que requieren  para seguir subsistiendo. Porque las zonas francas son importantes pero no  pueden colocarse ni por encima ni mucho menos en contra del pa\u00ecs.<\/p>\n<p>&#13;<\/p>\n<p align=\"justify\" class=\"text1noticias\">(TELEDEBATE, Canal 23,  Telefuturo. Cubriendo todo el pais v\u00eca sat\u00e9lite y con los servicios de  Telecable, Aster y 55 cables locales y hacia el exterior en vivo y directo a  trav\u00e8s de Internet. Transmisi\u00f3n del martes 13,02,07).<\/p>\n<p>&#13;<\/p>\n<h6> 2007-02-15 14:16:41 <\/h6>\n<p><!--\n<link rel=\"stylesheet\" href=\"css\/bootstrap.min.css\">\n\n\n<ul class=\"pagination\">\n\t    \n\t\n\n<li >\n\t<a href='?page_no=13217'>Previous<\/a>\n\t<\/li>\n\n\n       \n    \n\n<li><a href='?page_no=1'>1<\/a><\/li>\n\n\n\n<li><a href='?page_no=2'>2<\/a><\/li>\n\n\n\n<li><a>...<\/a><\/li>\n\n\n\n<li><a href='?page_no=13216'>13216<\/a><\/li>\n\n\n\n<li><a href='?page_no=13217'>13217<\/a><\/li>\n\n\n\n<li class='active'><a>13218<\/a><\/li>\n\n\n\n<li><a href='?page_no=13219'>13219<\/a><\/li>\n\n\n\n<li><a href='?page_no=13220'>13220<\/a><\/li>\n\n\n\n<li><a>...<\/a><\/li>\n\n\n\n<li><a href='?page_no=13611'>13611<\/a><\/li>\n\n\n\n<li><a href='?page_no=13612'>13612<\/a><\/li>\n\n    \n\t\n\n<li >\n\t<a href='?page_no=13219'>Next<\/a>\n\t<\/li>\n\n\n    \n\n<li><a href='?page_no=13612'>Last &rsaquo;&rsaquo;<\/a><\/li>\n\n<\/ul>\n\n\n--><br \/>\n<\/body><\/p>\n","protected":false},"excerpt":{"rendered":"<p>EL TIRO RAPIDO&#13; &#13; de&#13; &#13; Mario Rivadulla &#13; En d\u00ecas recientes, el conocido empresario santiaguero Fernando Capell\u00e1n, uno de los m\u00e0s significados representantes del sector de zonas francas, asegur\u00f2 que las industrias del ramo textil acogidas a ese r\u00e9gimen especial est\u00e0n en capacidad de hacer frente a la competencia avasallante de China Comunista. &#13; [&hellip;]<\/p>\n","protected":false},"author":3,"featured_media":0,"comment_status":"open","ping_status":"open","sticky":false,"template":"","format":"standard","meta":{"footnotes":""},"categories":[16],"tags":[],"class_list":["post-37457","post","type-post","status-publish","format-standard","hentry","category-opiniones"],"_links":{"self":[{"href":"https:\/\/diariodominicano.com\/index.php?rest_route=\/wp\/v2\/posts\/37457","targetHints":{"allow":["GET"]}}],"collection":[{"href":"https:\/\/diariodominicano.com\/index.php?rest_route=\/wp\/v2\/posts"}],"about":[{"href":"https:\/\/diariodominicano.com\/index.php?rest_route=\/wp\/v2\/types\/post"}],"author":[{"embeddable":true,"href":"https:\/\/diariodominicano.com\/index.php?rest_route=\/wp\/v2\/users\/3"}],"replies":[{"embeddable":true,"href":"https:\/\/diariodominicano.com\/index.php?rest_route=%2Fwp%2Fv2%2Fcomments&post=37457"}],"version-history":[{"count":0,"href":"https:\/\/diariodominicano.com\/index.php?rest_route=\/wp\/v2\/posts\/37457\/revisions"}],"wp:attachment":[{"href":"https:\/\/diariodominicano.com\/index.php?rest_route=%2Fwp%2Fv2%2Fmedia&parent=37457"}],"wp:term":[{"taxonomy":"category","embeddable":true,"href":"https:\/\/diariodominicano.com\/index.php?rest_route=%2Fwp%2Fv2%2Fcategories&post=37457"},{"taxonomy":"post_tag","embeddable":true,"href":"https:\/\/diariodominicano.com\/index.php?rest_route=%2Fwp%2Fv2%2Ftags&post=37457"}],"curies":[{"name":"wp","href":"https:\/\/api.w.org\/{rel}","templated":true}]}}