{"id":37456,"date":"2007-02-16T14:40:06","date_gmt":"2007-02-16T14:40:06","guid":{"rendered":"http:\/\/diariodominicano.ddns.net\/?p=37456"},"modified":"2007-02-16T14:40:06","modified_gmt":"2007-02-16T14:40:06","slug":"necesidad-de-una-politica-de-estado","status":"publish","type":"post","link":"https:\/\/diariodominicano.com\/?p=37456","title":{"rendered":"NECESIDAD DE UNA POL\u00cdTICA DE ESTADO"},"content":{"rendered":"<p><body><\/p>\n<p align=\"center\"><strong class=\"titulogrande1\"><em>NECESIDAD DE UNA POL\u00cdTICA DE ESTADO<\/em><\/strong><br \/>&#13;<br \/>\n  <br \/>&#13;<br \/>\n    <em><strong>( ante el estado de la naci\u00f3n)<\/strong><\/em><\/p>\n<p>&#13;<\/p>\n<p align=\"center\"><span class=\"linksnoticias\">Por <\/span><strong class=\"textogrande\">Guillermo Caram<\/strong><\/p>\n<p>&#13;<\/p>\n<p align=\"justify\" class=\"text1noticias\">El  estado en que se encuentra la naci\u00f3n ha llegado a un punto tal que resultad  impostergable la adopci\u00f3n \u00a0de una  Pol\u00edtica de Estado de la que carece; que encare los serios y profundos,  urgentes e importantes problemas y situaciones que nos est\u00e1n afectando y hasta  amenazando.<\/p>\n<p>&#13;<\/p>\n<p align=\"justify\" class=\"text1noticias\">Lo  que si se dispone es de determinadas pol\u00edticas de gobierno, del partido de  gobierno o de los gobernantes; que constituyen, variaciones o derivaciones de la Pol\u00edtica de Estado. <\/p>\n<p>&#13;<\/p>\n<p align=\"justify\" class=\"text1noticias\">La\u00a0 Pol\u00edtica de Estado debe responder al inter\u00e9s general de la  poblaci\u00f3n e inducen el abordar seria y profundamente, urgentes e importantes  temas nacionales. En estos momentos nuestra naci\u00f3n est\u00e1 afectada y en cierto  modo amenazada, entre otros, por:<\/p>\n<p>&#13;<\/p>\n<div align=\"justify\">&#13;<\/p>\n<ol>&#13;<\/p>\n<li class=\"text1noticias\">La inseguridad  ciudadana provocada por la violencia delincuencial que ha llegado a convertir  nuestro territorio en campo de batalla de ajustes de cuentas del narcotr\u00e1fico; <\/li>\n<p>&#13;\n  <\/ol>\n<p>&#13;\n<\/p><\/div>\n<p>&#13;<\/p>\n<p align=\"justify\">\u00a0<\/p>\n<p>&#13;<\/p>\n<div align=\"justify\">&#13;<\/p>\n<ol>&#13;<\/p>\n<li class=\"text1noticias\">La pobreza  extrema que se manifiesta en desempleo y carencia de servicios p\u00fablicos y b\u00e1sicos  elementales \u2013 salud, educaci\u00f3n, energ\u00eda, transporte, limpieza, etc &#8211; ante un  gasto p\u00fablico divorciado de las aspiraciones populares, situaciones propulsoras  de reacciones violentas de la poblaci\u00f3n. <\/li>\n<p>&#13;\n  <\/ol>\n<p>&#13;<\/p>\n<ol>&#13;<\/p>\n<li class=\"text1noticias\">Incoherencias que  dificultan superar el modelo econ\u00f3mico que genera niveles de\u00a0 desempleo impulsadores de la violencia; testimonio  de lo cual es la exaltaci\u00f3n de la competitividad en los discursos  gubernamentales pero \u00a0conspirando contra  ella a trav\u00e9s de sobrecargas tributarias y\u00a0  la\u00a0 tolerancia de un servicio  el\u00e9ctrico malo y caro que imposibilita la recepci\u00f3n de los beneficios de los  TLC negociados y por negociar; <\/li>\n<p>&#13;\n  <\/ol>\n<p>&#13;\n<\/p><\/div>\n<p>&#13;<\/p>\n<p align=\"justify\">\u00a0<\/p>\n<p>&#13;<\/p>\n<div align=\"justify\">&#13;<\/p>\n<ol>&#13;<\/p>\n<li class=\"text1noticias\">La identidad  nacional afectada por la inmigraci\u00f3n haitiana, la emigraci\u00f3n dominicana y la  influencia de patrones de comportamientos recibidos a trav\u00e9s de las cadenas extranjeras  de comunicaci\u00f3n; <\/li>\n<p>&#13;\n  <\/ol>\n<p>&#13;<\/p>\n<ol>&#13;<\/p>\n<li class=\"text1noticias\">La preservaci\u00f3n  del patrimonio nacional: natural, cultural y econ\u00f3mico; <\/li>\n<p>&#13;\n  <\/ol>\n<p>&#13;\n<\/p><\/div>\n<p>&#13;<\/p>\n<p align=\"justify\">\u00a0<\/p>\n<p>&#13;<\/p>\n<div align=\"justify\">&#13;<\/p>\n<ol>&#13;<\/p>\n<li class=\"text1noticias\">La inversi\u00f3n de  valores que se manifiesta en la propensi\u00f3n a la vida f\u00e1cil estimuladora de la  delincuencia y la corrupci\u00f3n que rige y domina, en connivencia plena entre los  poderes formales y f\u00e1cticos, incluyendo los partidos pol\u00edticos, el  comportamiento de conductores y gobernados.<\/li>\n<p>&#13;\n  <\/ol>\n<p>&#13;\n<\/p><\/div>\n<p>&#13;<\/p>\n<p align=\"justify\" class=\"text1noticias\">No  disponemos de una Pol\u00edtica que encare estos temas y comprometa en torno a ellos  a todos los estamentos responsables de la suerte de la naci\u00f3n.<\/p>\n<p>&#13;<\/p>\n<p align=\"justify\" class=\"text1noticias\">Pero  en cambio se dispone de las variaciones o derivaciones a lo que debe constituir  una Pol\u00edtica de Estado, a juzgar por lo siguiente:<br \/>&#13;<br \/>\n  \u00a0<\/p>\n<p>&#13;<\/p>\n<div align=\"justify\">&#13;<\/p>\n<ol>&#13;<\/p>\n<li class=\"text1noticias\">De la pol\u00edtica  del Gobierno: El gobierno tiene claro el procurar obsesivamente mayores  recursos mediante creaci\u00f3n de nuevos impuestos, aumento de tasas a los  existentes y mayor coerci\u00f3n de parte de la administraci\u00f3n tributaria, inhibidoras  de la capacidad de emprendimiento de los dominicanos; sin ponderar las  experiencias adversas al respecto, nacionales e internacionales, ni sus  consecuencias mediatas e inmediatas para el fututo econ\u00f3mico de la naci\u00f3n.<\/li>\n<p>&#13;\n  <\/ol>\n<p>&#13;<\/p>\n<ol>&#13;<\/p>\n<li class=\"text1noticias\">El partido de  gobierno tienen su propia pol\u00edtica: Quiere \u00a0mantenerse en el poder para seguir disfrutando  con el criterio de absolutismo que lo caracteriza, sus mieles, y por lo cual\u00a0 administra con inteligencia la escogencia de  su candidato. <\/li>\n<p>&#13;\n  <\/ol>\n<p>&#13;\n<\/p><\/div>\n<p>&#13;<\/p>\n<p align=\"justify\">\u00a0<\/p>\n<p>&#13;<\/p>\n<div align=\"justify\">&#13;<\/p>\n<ol>&#13;<\/p>\n<li class=\"text1noticias\">El Presidente  tiene su pol\u00edtica centrada en el Metro y la Reforma Constitucional,  aunque no est\u00e9n necesariamente sintonizadas con las urgencias nacionales, a  juzgar por las encuestas y evidencias observadas. <\/li>\n<p>&#13;\n  <\/ol>\n<p>&#13;\n<\/p><\/div>\n<p>&#13;<\/p>\n<p align=\"justify\" class=\"text1noticias\">La  suerte de la naci\u00f3n depende de una Pol\u00edtica de Estado, de la que carecemos; no  de las variaciones de ella que dispone el gobierno, el partido o en el  Presidente.<\/p>\n<p>&#13;<\/p>\n<p align=\"justify\" class=\"text1noticias\">Propiciar  una pol\u00edtica de Estado constituye pues un desaf\u00edo imperioso para todas las  instancias responsables de\u00a0 la naci\u00f3n;  por lo cual y para estimular su adopci\u00f3n, emitimos la presente declaraci\u00f3n con  la esperanza que a trav\u00e9s de los medios se contribuya a fomentar la conciencia  que ninguna naci\u00f3n se desarrolla contando solamente con pol\u00edticas de gobierno,  partido o gobernantes; sino que requiere de Pol\u00edticas de Estado, especialmente  ante situaciones como la que atraviesa\u00a0 la Rep\u00fablica Dominicana.<\/p>\n<p>&#13;<\/p>\n<h6> 2007-02-16 14:40:06 <\/h6>\n<p><!--\n<link rel=\"stylesheet\" href=\"css\/bootstrap.min.css\">\n\n\n<ul class=\"pagination\">\n\t    \n\t\n\n<li >\n\t<a href='?page_no=13216'>Previous<\/a>\n\t<\/li>\n\n\n       \n    \n\n<li><a href='?page_no=1'>1<\/a><\/li>\n\n\n\n<li><a href='?page_no=2'>2<\/a><\/li>\n\n\n\n<li><a>...<\/a><\/li>\n\n\n\n<li><a href='?page_no=13215'>13215<\/a><\/li>\n\n\n\n<li><a href='?page_no=13216'>13216<\/a><\/li>\n\n\n\n<li class='active'><a>13217<\/a><\/li>\n\n\n\n<li><a href='?page_no=13218'>13218<\/a><\/li>\n\n\n\n<li><a href='?page_no=13219'>13219<\/a><\/li>\n\n\n\n<li><a>...<\/a><\/li>\n\n\n\n<li><a href='?page_no=13611'>13611<\/a><\/li>\n\n\n\n<li><a href='?page_no=13612'>13612<\/a><\/li>\n\n    \n\t\n\n<li >\n\t<a href='?page_no=13218'>Next<\/a>\n\t<\/li>\n\n\n    \n\n<li><a href='?page_no=13612'>Last &rsaquo;&rsaquo;<\/a><\/li>\n\n<\/ul>\n\n\n--><br \/>\n<\/body><\/p>\n","protected":false},"excerpt":{"rendered":"<p>NECESIDAD DE UNA POL\u00cdTICA DE ESTADO&#13; &#13; ( ante el estado de la naci\u00f3n) &#13; Por Guillermo Caram &#13; El estado en que se encuentra la naci\u00f3n ha llegado a un punto tal que resultad impostergable la adopci\u00f3n \u00a0de una Pol\u00edtica de Estado de la que carece; que encare los serios y profundos, urgentes e [&hellip;]<\/p>\n","protected":false},"author":3,"featured_media":0,"comment_status":"open","ping_status":"open","sticky":false,"template":"","format":"standard","meta":{"footnotes":""},"categories":[16],"tags":[],"class_list":["post-37456","post","type-post","status-publish","format-standard","hentry","category-opiniones"],"_links":{"self":[{"href":"https:\/\/diariodominicano.com\/index.php?rest_route=\/wp\/v2\/posts\/37456","targetHints":{"allow":["GET"]}}],"collection":[{"href":"https:\/\/diariodominicano.com\/index.php?rest_route=\/wp\/v2\/posts"}],"about":[{"href":"https:\/\/diariodominicano.com\/index.php?rest_route=\/wp\/v2\/types\/post"}],"author":[{"embeddable":true,"href":"https:\/\/diariodominicano.com\/index.php?rest_route=\/wp\/v2\/users\/3"}],"replies":[{"embeddable":true,"href":"https:\/\/diariodominicano.com\/index.php?rest_route=%2Fwp%2Fv2%2Fcomments&post=37456"}],"version-history":[{"count":0,"href":"https:\/\/diariodominicano.com\/index.php?rest_route=\/wp\/v2\/posts\/37456\/revisions"}],"wp:attachment":[{"href":"https:\/\/diariodominicano.com\/index.php?rest_route=%2Fwp%2Fv2%2Fmedia&parent=37456"}],"wp:term":[{"taxonomy":"category","embeddable":true,"href":"https:\/\/diariodominicano.com\/index.php?rest_route=%2Fwp%2Fv2%2Fcategories&post=37456"},{"taxonomy":"post_tag","embeddable":true,"href":"https:\/\/diariodominicano.com\/index.php?rest_route=%2Fwp%2Fv2%2Ftags&post=37456"}],"curies":[{"name":"wp","href":"https:\/\/api.w.org\/{rel}","templated":true}]}}