{"id":37453,"date":"2007-02-18T04:47:56","date_gmt":"2007-02-18T04:47:56","guid":{"rendered":"http:\/\/diariodominicano.ddns.net\/?p=37453"},"modified":"2007-02-18T04:47:56","modified_gmt":"2007-02-18T04:47:56","slug":"el-tiro-rapido-432","status":"publish","type":"post","link":"https:\/\/diariodominicano.com\/?p=37453","title":{"rendered":"EL TIRO RAPIDO"},"content":{"rendered":"<p><body><\/p>\n<p align=\"justify\"><span class=\"titulogrande1\"><em>EL TIRO RAPIDO<\/em><\/span><br \/>&#13;<br \/>\n  <br \/>&#13;<br \/>\n    <em><strong>de<\/strong><\/em><br \/>&#13;<br \/>\n    <br \/>&#13;<br \/>\n    <span class=\"textogrande\">Mario  Rivadulla<\/span><strong><br \/>&#13;<br \/>\n    <br \/>&#13;<br \/>\n<\/strong><span class=\"text1noticias\">Ayer mismo, en este espacio, se\u00f1alamos la necesidad  de\u00a0 crear ese indispensable v\u00ecnculo de  confianza entre la   Polic\u00eca Nacional y la ciudadan\u00eca, a fin de que el cuerpo de  orden p\u00f9blico pueda contar con la colaboraci\u00f3n activa de esta \u00f9ltima para poder  prevenir y combatir la delincuencia y el narcotr\u00e1fico de forma efectiva.<\/span><\/p>\n<p>&#13;<\/p>\n<p align=\"justify\" class=\"text1noticias\">Y para lograr ese v\u00ecnculo de  confianza y colaboraci\u00f3n, advertimos que la jefatura policial debe poner el  m\u00e1ximo empe\u00f1o en continuar el trabajo de depuraci\u00f3n de las filas de la  instituci\u00f3n uniformada.\u00a0 Esto as\u00ec, en la  medida en que actuaciones arbitrarias cuando no de franca complicidad de  todav\u00eca no pocos de sus miembros con malhechores y traficantes de drogas hacen  que muchas personas, sobre todo en los barrios calientes, vean a la Polic\u00eca Nacional  con mucha aprensi\u00f2n y hasta temor.<\/p>\n<p>&#13;<\/p>\n<p align=\"justify\" class=\"text1noticias\">Esta semana precisamente se han  producido dos hechos horrendos que presuntamente vinculan a agentes policiales. <\/p>\n<p>&#13;<\/p>\n<p align=\"justify\" class=\"text1noticias\">El primero de ellos sirvi\u00f3 de  portada gr\u00e0fica y noticiosa al matutino Hoy a comienzos de la misma.\u00a0 El diario le di\u00f2 titular principal a la  brutal agresi\u00f3n de que fue v\u00ecctima el obrero agr\u00eccola Alfredo Javalera, en San  Pedro de Macor\u00eds.\u00a0 Esto as\u00ec cuando fue  abordado por tres individuos, uno de ellos presuntamente un miembro del cuerpo  policial de puesto en el destacamento de Quisqueya, quienes pretend\u00ecan que la  v\u00ecctima robase ganado a su empleador en su beneficio.\u00a0 Cuando \u00e8ste se neg\u00f2 fue objeto de una de las  m\u00e0s cobardes, crueles y enfermizas acciones de tortura que pueda imaginarse.<\/p>\n<p>&#13;<\/p>\n<p align=\"justify\" class=\"text1noticias\">A Javalera, a m\u00e0s de golpearlo  salvajemente, lo violaron, le aplastaron un test\u00edculo, le da\u00f1aron parte del  pene y como remate le pusieron un pl\u00e1stico en la cabeza y lo arrojaron en un  campo d\u00e1ndolo por muerto, donde permaneci\u00f3 m\u00e0s de dos semanas al cabo de cuyo  tiempo fue descubierto por un menor, recogido y llevarlo al hospital Antonio  Musa, donde se encuentra bajo dedicados cuidados.<\/p>\n<p>&#13;<\/p>\n<p align=\"justify\" class=\"text1noticias\">Quiso el destino o fue la  voluntad de Dios que pudiera salvar la vida milagrosamente. A\u00f9n los m\u00e8dicos no  se lo explican.\u00a0 Esto quiz\u00e0s para que  pudiera en su momento acusar a sus torturadores, verdaderos psic\u00f3patas  merecedores de ser aislados de por vida de la sociedad como animales salvajes. <\/p>\n<p>&#13;<\/p>\n<p align=\"justify\" class=\"text1noticias\">No repuestos a\u00f9n del impacto de  este hecho horrendo, hoy el otro importante matutino desplegado, el List\u00ecn  Diario, tambi\u00e8n ilustra su portada con la impresionante fotograf\u00eda de una madre  quien en apenas 24 horas perdi\u00f2 a dos de sus j\u00f3venes hijos.<\/p>\n<p>&#13;<\/p>\n<p align=\"justify\" class=\"text1noticias\">El primero de ellos, de apenas  17 a\u00f1os, fue asesinado por una banda de drogadictos el pasado lunes.\u00a0 Y el segundo de 22, result\u00f2 aparentemente  acribillado a tiros\u00a0 al regreso del  funeral de su hermano por un miembro de la Polic\u00eca Nacional,  a quien hab\u00eca acusado de ser protector de los asesinos de aqu\u00e8l. Inenarrable el  dolor de esa madre, quien adem\u00e1s ha sido amenazada de muerte al igual que el  resto de su familia, por haber tenido el coraje de denunciar a los matadores de  su hijo.<\/p>\n<p>&#13;<\/p>\n<p align=\"justify\" class=\"text1noticias\">En ambos casos, ambos  igualmente estremecedores que mueven a compasi\u00f3n, solidaridad y profunda indignaci\u00f3n  aparecen vinculados sendos agentes de la instituci\u00f3n de orden p\u00f9blico.\u00a0\u00a0\u00a0 No los acusamos.\u00a0 Para ello se precisa disponer de elementos  probatorios.\u00a0 Pero es \u00e8sa precisamente la  tarea que tiene por delante el cuerpo uniformado.\u00a0 La responsabilidad directa que debe asumir el  mayor general Bernardo Santana P\u00e0ez, a quien todos le reconocen un sincero  deseo de mejorar la imagen y las actuaciones de la Polic\u00eca Nacional.<\/p>\n<p>&#13;<\/p>\n<p align=\"justify\" class=\"text1noticias\">Es de esperar que as\u00ec lo  haga.\u00a0 Que ponga en juego todos los  mecanismos m\u00e0s transparentes y confiables de investigaci\u00f2n para llegar al  conocimiento de la verdad, sin arropaderas, amiguismos, tr\u00e0fico de influencias  ni el llamado esp\u00edritu de cuerpo.<\/p>\n<p>&#13;<\/p>\n<p align=\"justify\" class=\"text1noticias\">Si los agentes policiales a  quienes se sindica como vinculados a ambos hechos, en realidad participaron de  los mismos, entonces deshonran el uniforme y la instituci\u00f3n y deben ser  tratados como simples asesinos vulgares, en todo caso con el factor agravante  de pertenecer\u00a0 a un cuerpo cuya misi\u00f2n es  la de proteger a los ciudadanos.<\/p>\n<p>&#13;<\/p>\n<p align=\"justify\" class=\"text1noticias\">La sociedad tiene que  mantenerse expectante con relaci\u00f2n al desarrollo de las indispensables  investigaciones que se han ordenado en el primer caso y es de esperar que se  dispongan en el segundo.\u00a0 Y de paso,  brindar a esa atribulada madre que hoy llora inconsolable la dolorosa p\u00e8rdida  de dos frutos de sus entra\u00f1as y a su familia toda la necesaria protecci\u00f3n para  evitar que en ellos se cumpla la amenaza de los malhechores que dieron muerte a  sus v\u00e1stagos.<\/p>\n<p>&#13;<\/p>\n<p align=\"justify\" class=\"text1noticias\">Que se haga justicia.\u00a0 Pero que se haga.\u00a0 Y que sea dura, inflexible, tanto como lo  fueron estos criminales con sus v\u00ecctimas.<\/p>\n<p>&#13;<\/p>\n<h6> 2007-02-18 04:47:56 <\/h6>\n<p><!--\n<link rel=\"stylesheet\" href=\"css\/bootstrap.min.css\">\n\n\n<ul class=\"pagination\">\n\t    \n\t\n\n<li >\n\t<a href='?page_no=13213'>Previous<\/a>\n\t<\/li>\n\n\n       \n    \n\n<li><a href='?page_no=1'>1<\/a><\/li>\n\n\n\n<li><a href='?page_no=2'>2<\/a><\/li>\n\n\n\n<li><a>...<\/a><\/li>\n\n\n\n<li><a href='?page_no=13212'>13212<\/a><\/li>\n\n\n\n<li><a href='?page_no=13213'>13213<\/a><\/li>\n\n\n\n<li class='active'><a>13214<\/a><\/li>\n\n\n\n<li><a href='?page_no=13215'>13215<\/a><\/li>\n\n\n\n<li><a href='?page_no=13216'>13216<\/a><\/li>\n\n\n\n<li><a>...<\/a><\/li>\n\n\n\n<li><a href='?page_no=13611'>13611<\/a><\/li>\n\n\n\n<li><a href='?page_no=13612'>13612<\/a><\/li>\n\n    \n\t\n\n<li >\n\t<a href='?page_no=13215'>Next<\/a>\n\t<\/li>\n\n\n    \n\n<li><a href='?page_no=13612'>Last &rsaquo;&rsaquo;<\/a><\/li>\n\n<\/ul>\n\n\n--><br \/>\n<\/body><\/p>\n","protected":false},"excerpt":{"rendered":"<p>EL TIRO RAPIDO&#13; &#13; de&#13; &#13; Mario Rivadulla&#13; &#13; Ayer mismo, en este espacio, se\u00f1alamos la necesidad de\u00a0 crear ese indispensable v\u00ecnculo de confianza entre la Polic\u00eca Nacional y la ciudadan\u00eca, a fin de que el cuerpo de orden p\u00f9blico pueda contar con la colaboraci\u00f3n activa de esta \u00f9ltima para poder prevenir y combatir la [&hellip;]<\/p>\n","protected":false},"author":3,"featured_media":0,"comment_status":"open","ping_status":"open","sticky":false,"template":"","format":"standard","meta":{"footnotes":""},"categories":[16],"tags":[],"class_list":["post-37453","post","type-post","status-publish","format-standard","hentry","category-opiniones"],"_links":{"self":[{"href":"https:\/\/diariodominicano.com\/index.php?rest_route=\/wp\/v2\/posts\/37453","targetHints":{"allow":["GET"]}}],"collection":[{"href":"https:\/\/diariodominicano.com\/index.php?rest_route=\/wp\/v2\/posts"}],"about":[{"href":"https:\/\/diariodominicano.com\/index.php?rest_route=\/wp\/v2\/types\/post"}],"author":[{"embeddable":true,"href":"https:\/\/diariodominicano.com\/index.php?rest_route=\/wp\/v2\/users\/3"}],"replies":[{"embeddable":true,"href":"https:\/\/diariodominicano.com\/index.php?rest_route=%2Fwp%2Fv2%2Fcomments&post=37453"}],"version-history":[{"count":0,"href":"https:\/\/diariodominicano.com\/index.php?rest_route=\/wp\/v2\/posts\/37453\/revisions"}],"wp:attachment":[{"href":"https:\/\/diariodominicano.com\/index.php?rest_route=%2Fwp%2Fv2%2Fmedia&parent=37453"}],"wp:term":[{"taxonomy":"category","embeddable":true,"href":"https:\/\/diariodominicano.com\/index.php?rest_route=%2Fwp%2Fv2%2Fcategories&post=37453"},{"taxonomy":"post_tag","embeddable":true,"href":"https:\/\/diariodominicano.com\/index.php?rest_route=%2Fwp%2Fv2%2Ftags&post=37453"}],"curies":[{"name":"wp","href":"https:\/\/api.w.org\/{rel}","templated":true}]}}