{"id":37450,"date":"2007-02-21T12:58:10","date_gmt":"2007-02-21T12:58:10","guid":{"rendered":"http:\/\/diariodominicano.ddns.net\/?p=37450"},"modified":"2007-02-21T12:58:10","modified_gmt":"2007-02-21T12:58:10","slug":"entrevistado-en-teledebate-3","status":"publish","type":"post","link":"https:\/\/diariodominicano.com\/?p=37450","title":{"rendered":"ENTREVISTADO EN TELEDEBATE"},"content":{"rendered":"<p><body><\/p>\n<p align=\"center\"><span class=\"titulogrande1\"><em>ENTREVISTADO EN TELEDEBATE<\/em><\/span><br \/>&#13;<br \/>\n  <br \/>&#13;<br \/>\n    <span class=\"linksnoticias\">Ing.<\/span> <span class=\"textogrande\">Guillermo Caram,<\/span><br \/>&#13;<br \/>\n  <br \/>&#13;<br \/>\n  <span class=\"linksnoticias\">Economista, <\/span><span class=\"textopq1\">Ex Gobernador del Banco Central,<\/span><br \/>&#13;<br \/>\n  <br \/>&#13;<br \/>\n  <em><strong>Vicepresidente de la Direcci\u00f2n Nacional  del PRSC<\/strong><\/em><\/p>\n<p>&#13;<\/p>\n<p align=\"justify\" class=\"text1noticias\">\u201cHoy hay m\u00e0s reformistas fuera del Partido que  dentro.\u00a0 Se han creado diversas  organizaciones y n\u00facleos. <br \/>&#13;<br \/>\n  <br \/>&#13;<br \/>\nOtros, simplemente hemos sido excluidos.\u00a0 Si queremos ser una verdadera opci\u00f2n de poder  tenemos que aplazar la discusi\u00f2n sobre qui\u00e8n ser\u00e0 el candidato presidencial  nuestro en el 2008 para tratar de reunificar y recomponer el Reformismo\u201d.<\/p>\n<p>&#13;<\/p>\n<p align=\"justify\" class=\"text1noticias\">\u201cAhora mismo la l\u00ednea que sigue la direcci\u00f2n del PRSC es a retomar el papel  de partido bisagra. Da la impresi\u00f3n de que se va a reeditar la llamada \u201cAlianza  Rosada\u201d.\u00a0 Siempre he sostenido que si el  PRD y el PRSC hubiesen ido a las elecciones por separado, conservando su propia  identidad, habr\u00ecan sabido m\u00e0s votos\u201d.<\/p>\n<p>&#13;<\/p>\n<p align=\"justify\" class=\"text1noticias\">\u201cEl partido como tal, qued\u00f2 en segundo lugar en las elecciones del 2000,  con alrededor de un 25 porciento. <br \/>&#13;<br \/>\n  <br \/>&#13;<br \/>\nDespu\u00e8s ha seguido una l\u00ednea declinante hasta  quedar en apenas un 8 porciento.\u00a0 Yo  conf\u00eco en la presi\u00f3n social para que lleve a la dirigencia reformista a  reflexionar y cambiar de rumbo para retomar el camino que le permita recobrar  su identidad y ser una opci\u00f2n de poder\u201d.<\/p>\n<p>&#13;<\/p>\n<p align=\"justify\" class=\"text1noticias\">\u201cAmable Aristy ha sido electo al Senado en 3 ocasiones sabiendo por  anticipado quienes lo votaron que renunciar\u00eca a la posici\u00f2n para mantenerse al  frente de la Liga   Municipal Dominicana. En este comportamiento no creemos que  se haya incurrido en falta de \u00e8tica. Pero sin dudas esa pr\u00e0ctica no es una  forma saludable de ejercicio pol\u00edtico\u201d.<\/p>\n<p>&#13;<\/p>\n<p align=\"justify\" class=\"text1noticias\">\u201cSin dudas la extensi\u00f2n del acuerdo stand by hasta el a\u00f1o 2008 es un  espaldarazo del FMI a la pol\u00edtica econ\u00f3mica que ha seguido el gobierno al  mantener estable la tasa del d\u00f2lar y un buen crecimiento econ\u00f2mico. <br \/>&#13;<br \/>\n  <br \/>&#13;<br \/>\nPero ha  llegado la hora de cambiar de pol\u00edtica para hacer que ese crecimiento se  traduzca en desarrollo social\u201d.<\/p>\n<p>&#13;<\/p>\n<p align=\"justify\" class=\"text1noticias\">\u201cAhora mismo la mayor\u00eca del cr\u00e8dito bancario se focaliza en el  consumo.\u00a0 Es preciso modificar esa  tendencia para que pase a financiar la producci\u00f3n que crea empleos y dinamiza  la econom\u00eca\u201d.<\/p>\n<p>&#13;<\/p>\n<p align=\"justify\" class=\"text1noticias\">\u201cHay que ayudar a las zonas francas pero sin tocar la cotizaci\u00f3n del peso.  Este no debe ajustarse de manera artificial sino responder siempre a la  realidad mercado que es el que debe determinar su real valor\u201d<\/p>\n<p>&#13;<\/p>\n<h6> 2007-02-21 12:58:10 <\/h6>\n<p><!--\n<link rel=\"stylesheet\" href=\"css\/bootstrap.min.css\">\n\n\n<ul class=\"pagination\">\n\t    \n\t\n\n<li >\n\t<a href='?page_no=13210'>Previous<\/a>\n\t<\/li>\n\n\n       \n    \n\n<li><a href='?page_no=1'>1<\/a><\/li>\n\n\n\n<li><a href='?page_no=2'>2<\/a><\/li>\n\n\n\n<li><a>...<\/a><\/li>\n\n\n\n<li><a href='?page_no=13209'>13209<\/a><\/li>\n\n\n\n<li><a href='?page_no=13210'>13210<\/a><\/li>\n\n\n\n<li class='active'><a>13211<\/a><\/li>\n\n\n\n<li><a href='?page_no=13212'>13212<\/a><\/li>\n\n\n\n<li><a href='?page_no=13213'>13213<\/a><\/li>\n\n\n\n<li><a>...<\/a><\/li>\n\n\n\n<li><a href='?page_no=13611'>13611<\/a><\/li>\n\n\n\n<li><a href='?page_no=13612'>13612<\/a><\/li>\n\n    \n\t\n\n<li >\n\t<a href='?page_no=13212'>Next<\/a>\n\t<\/li>\n\n\n    \n\n<li><a href='?page_no=13612'>Last &rsaquo;&rsaquo;<\/a><\/li>\n\n<\/ul>\n\n\n--><br \/>\n<\/body><\/p>\n","protected":false},"excerpt":{"rendered":"<p>ENTREVISTADO EN TELEDEBATE&#13; &#13; Ing. Guillermo Caram,&#13; &#13; Economista, Ex Gobernador del Banco Central,&#13; &#13; Vicepresidente de la Direcci\u00f2n Nacional del PRSC &#13; \u201cHoy hay m\u00e0s reformistas fuera del Partido que dentro.\u00a0 Se han creado diversas organizaciones y n\u00facleos. &#13; &#13; Otros, simplemente hemos sido excluidos.\u00a0 Si queremos ser una verdadera opci\u00f2n de poder tenemos [&hellip;]<\/p>\n","protected":false},"author":3,"featured_media":0,"comment_status":"open","ping_status":"open","sticky":false,"template":"","format":"standard","meta":{"footnotes":""},"categories":[16],"tags":[],"class_list":["post-37450","post","type-post","status-publish","format-standard","hentry","category-opiniones"],"_links":{"self":[{"href":"https:\/\/diariodominicano.com\/index.php?rest_route=\/wp\/v2\/posts\/37450","targetHints":{"allow":["GET"]}}],"collection":[{"href":"https:\/\/diariodominicano.com\/index.php?rest_route=\/wp\/v2\/posts"}],"about":[{"href":"https:\/\/diariodominicano.com\/index.php?rest_route=\/wp\/v2\/types\/post"}],"author":[{"embeddable":true,"href":"https:\/\/diariodominicano.com\/index.php?rest_route=\/wp\/v2\/users\/3"}],"replies":[{"embeddable":true,"href":"https:\/\/diariodominicano.com\/index.php?rest_route=%2Fwp%2Fv2%2Fcomments&post=37450"}],"version-history":[{"count":0,"href":"https:\/\/diariodominicano.com\/index.php?rest_route=\/wp\/v2\/posts\/37450\/revisions"}],"wp:attachment":[{"href":"https:\/\/diariodominicano.com\/index.php?rest_route=%2Fwp%2Fv2%2Fmedia&parent=37450"}],"wp:term":[{"taxonomy":"category","embeddable":true,"href":"https:\/\/diariodominicano.com\/index.php?rest_route=%2Fwp%2Fv2%2Fcategories&post=37450"},{"taxonomy":"post_tag","embeddable":true,"href":"https:\/\/diariodominicano.com\/index.php?rest_route=%2Fwp%2Fv2%2Ftags&post=37450"}],"curies":[{"name":"wp","href":"https:\/\/api.w.org\/{rel}","templated":true}]}}