{"id":37449,"date":"2007-02-21T13:02:40","date_gmt":"2007-02-21T13:02:40","guid":{"rendered":"http:\/\/diariodominicano.ddns.net\/?p=37449"},"modified":"2007-02-21T13:02:40","modified_gmt":"2007-02-21T13:02:40","slug":"ghetto-flow-un-grupo-urbano-latino-reggaeton","status":"publish","type":"post","link":"https:\/\/diariodominicano.com\/?p=37449","title":{"rendered":"Ghetto Flow un grupo Urbano Latino\/Reggaeton"},"content":{"rendered":"<p><body><\/p>\n<p class=\"titulogrande1\"><em>Ghetto Flow un grupo Urbano Latino\/Reggaeton<\/em><\/p>\n<p>&#13;<\/p>\n<p><span class=\"linksnoticias\">Por<\/span> <span class=\"textogrande\">Jacqueline Morales <\/span><\/p>\n<p>&#13;<\/p>\n<p align=\"justify\" class=\"text1noticias\">La sensaci\u00f3n de la Republica Dominicana  pero todos residen en Holanda, Europa. \u00a0Este  nuevo a\u00f1o empezaron con el pie derecho, su visita a Francia el mes pasado enero  al evento MIDEM 2007 celebrado en la ciudad de Cannes fue todo un \u00e9xito. <\/p>\n<p>&#13;<\/p>\n<p align=\"justify\" class=\"text1noticias\">Estos muchachos se robaron el show. \u00a0Con su actuaci\u00f3n llena de energ\u00eda y buena  m\u00fasica encendieron el p\u00fablico, como  siempre se ganaron de nuevo un sin numero de fan\u00e1ticos. <\/p>\n<p>&#13;<\/p>\n<p align=\"justify\" class=\"text1noticias\">El MIDEM es La mayor feria mundial de la industria musical, donde Ghetto Flow tuvo el privilegio de ser invitado a un  evento tan importante. <\/p>\n<p>&#13;<\/p>\n<p align=\"justify\" class=\"text1noticias\">Es un grupo que hasta el momento no est\u00e1 firmado con ninguna  casa discogr\u00e1fica. Ahora lleg\u00f3 el momento de Lanzar su Disco \u00abLos reales  \u00bb el cual a\u00fan no est\u00e1 claro con cu\u00e1l discogr\u00e1fica nacional o  internacional ser\u00e1 lanzado, pero en este momento se est\u00e1n llevando a cabo  negociaciones para determinar quien ser\u00e1 el encargado de dicha labor. <\/p>\n<p>&#13;<\/p>\n<p align=\"justify\" class=\"text1noticias\">En este nuevo a\u00f1o escucharemos m\u00e1s de Ghetto Flow sin duda  alguna. <\/p>\n<p>&#13;<\/p>\n<h6> 2007-02-21 13:02:40 <\/h6>\n<p><!--\n<link rel=\"stylesheet\" href=\"css\/bootstrap.min.css\">\n\n\n<ul class=\"pagination\">\n\t    \n\t\n\n<li >\n\t<a href='?page_no=13209'>Previous<\/a>\n\t<\/li>\n\n\n       \n    \n\n<li><a href='?page_no=1'>1<\/a><\/li>\n\n\n\n<li><a href='?page_no=2'>2<\/a><\/li>\n\n\n\n<li><a>...<\/a><\/li>\n\n\n\n<li><a href='?page_no=13208'>13208<\/a><\/li>\n\n\n\n<li><a href='?page_no=13209'>13209<\/a><\/li>\n\n\n\n<li class='active'><a>13210<\/a><\/li>\n\n\n\n<li><a href='?page_no=13211'>13211<\/a><\/li>\n\n\n\n<li><a href='?page_no=13212'>13212<\/a><\/li>\n\n\n\n<li><a>...<\/a><\/li>\n\n\n\n<li><a href='?page_no=13611'>13611<\/a><\/li>\n\n\n\n<li><a href='?page_no=13612'>13612<\/a><\/li>\n\n    \n\t\n\n<li >\n\t<a href='?page_no=13211'>Next<\/a>\n\t<\/li>\n\n\n    \n\n<li><a href='?page_no=13612'>Last &rsaquo;&rsaquo;<\/a><\/li>\n\n<\/ul>\n\n\n--><br \/>\n<\/body><\/p>\n","protected":false},"excerpt":{"rendered":"<p>Ghetto Flow un grupo Urbano Latino\/Reggaeton &#13; Por Jacqueline Morales &#13; La sensaci\u00f3n de la Republica Dominicana pero todos residen en Holanda, Europa. \u00a0Este nuevo a\u00f1o empezaron con el pie derecho, su visita a Francia el mes pasado enero al evento MIDEM 2007 celebrado en la ciudad de Cannes fue todo un \u00e9xito. &#13; Estos [&hellip;]<\/p>\n","protected":false},"author":3,"featured_media":0,"comment_status":"open","ping_status":"open","sticky":false,"template":"","format":"standard","meta":{"footnotes":""},"categories":[16],"tags":[],"class_list":["post-37449","post","type-post","status-publish","format-standard","hentry","category-opiniones"],"_links":{"self":[{"href":"https:\/\/diariodominicano.com\/index.php?rest_route=\/wp\/v2\/posts\/37449","targetHints":{"allow":["GET"]}}],"collection":[{"href":"https:\/\/diariodominicano.com\/index.php?rest_route=\/wp\/v2\/posts"}],"about":[{"href":"https:\/\/diariodominicano.com\/index.php?rest_route=\/wp\/v2\/types\/post"}],"author":[{"embeddable":true,"href":"https:\/\/diariodominicano.com\/index.php?rest_route=\/wp\/v2\/users\/3"}],"replies":[{"embeddable":true,"href":"https:\/\/diariodominicano.com\/index.php?rest_route=%2Fwp%2Fv2%2Fcomments&post=37449"}],"version-history":[{"count":0,"href":"https:\/\/diariodominicano.com\/index.php?rest_route=\/wp\/v2\/posts\/37449\/revisions"}],"wp:attachment":[{"href":"https:\/\/diariodominicano.com\/index.php?rest_route=%2Fwp%2Fv2%2Fmedia&parent=37449"}],"wp:term":[{"taxonomy":"category","embeddable":true,"href":"https:\/\/diariodominicano.com\/index.php?rest_route=%2Fwp%2Fv2%2Fcategories&post=37449"},{"taxonomy":"post_tag","embeddable":true,"href":"https:\/\/diariodominicano.com\/index.php?rest_route=%2Fwp%2Fv2%2Ftags&post=37449"}],"curies":[{"name":"wp","href":"https:\/\/api.w.org\/{rel}","templated":true}]}}