{"id":37442,"date":"2007-02-23T15:29:06","date_gmt":"2007-02-23T15:29:06","guid":{"rendered":"http:\/\/diariodominicano.ddns.net\/?p=37442"},"modified":"2007-02-23T15:29:06","modified_gmt":"2007-02-23T15:29:06","slug":"otra-vez-si-senor","status":"publish","type":"post","link":"https:\/\/diariodominicano.com\/?p=37442","title":{"rendered":"Otra vez\u2026. \u201cS\u00ed, se\u00f1or\u201d"},"content":{"rendered":"<p><body><\/p>\n<p align=\"right\"><strong><img loading=\"lazy\" decoding=\"async\" width=\"67\" height=\"36\" src=\"http:\/\/10.0.0.82:8080\/formato_clip_image002_0038.gif\" \/><\/strong><br \/>&#13;<br \/>\n    <strong><img loading=\"lazy\" decoding=\"async\" width=\"177\" height=\"33\" src=\"http:\/\/10.0.0.82:8080\/formato_clip_image004_0015.gif\" \/><\/strong><\/p>\n<p>&#13;<\/p>\n<p align=\"right\"><strong class=\"titulogrande\"><em>Comentarios de Medios<\/em><\/strong><br \/>&#13;<br \/>\n  <br \/>&#13;<br \/>\n    <span class=\"linksnoticias\"><em>22 de Febrero<\/em><\/span><em>, <\/em><span class=\"textopq1\"><em>2007<\/em><\/span><\/p>\n<p>&#13;<\/p>\n<p align=\"right\"><em><strong>\u201cEn cuanto alguien comprende que obedecer leyes injustas<br \/>&#13;<br \/>\n  \u00a0es contrario a su dignidad de  hombre, <br \/>&#13;<br \/>\n      ninguna tiran\u00eda puede dominarle\u201d.<\/strong><\/em><br \/>&#13;<br \/>\n      <br \/>&#13;<br \/>\n    <em class=\"textogrande\">Mahatma Gandhi <\/em><\/p>\n<p>&#13;<\/p>\n<p>\u00a0<\/p>\n<p>&#13;<\/p>\n<p class=\"titulogrande1\"><em><strong>Otra vez\u2026. \u201cS\u00ed, se\u00f1or\u201d<\/strong><\/em><\/p>\n<p>&#13;<\/p>\n<p align=\"justify\" class=\"text1noticias\">El Secretario de Industria y  Comercio, Francisco Javier Garc\u00eda, inform\u00f3 que fue resuelto el conflicto entre Chevron y un grupo de  transportistas de combustibles de Rep\u00fablica Dominicana.<br \/>&#13;<br \/>\n  <br \/>&#13;<br \/>\n  La soluci\u00f3n, un \u201cchance\u201d, Chevron\u00a0  decide posponer para el 2008 \u2013exactamente en 12 meses, puesto que su posposici\u00f3n  abarca hasta febrero del a\u00f1o entrante- su programa de \u201coptimizaci\u00f3n\u201d  y concede, adem\u00e1s, la \u201cgracia\u201d de hacerlo de  modo gradual, en seis meses.<br \/>&#13;<br \/>\n  <br \/>&#13;<br \/>\n  El Secretario, como en otras  ocasiones, reiter\u00f3 que el \u00fanico obst\u00e1culo que hab\u00eda ha sido resuelto, adem\u00e1s,  de manera \u201carm\u00f3nica\u201d.<br \/>&#13;<br \/>\n  <br \/>&#13;<br \/>\n  Garc\u00eda Fern\u00e1ndez, ni tonto ni  perezoso, dijo que emitir\u00eda \u201cen las pr\u00f3ximas horas, una nueva resoluci\u00f3n\u201d, con  lo cual despeja, a su entender, el camino para la entrada en vigencia del  DR-CAFTA.<br \/>&#13;<br \/>\n  <br \/>&#13;<br \/>\n  Hemos sido del criterio de que el  DR-CAFTA ha contribuido y contribuir\u00e1 a institucionalizar un poquito el pa\u00eds,  bajo la vigilancia y presi\u00f3n de los Estados Unidos de Norteam\u00e9rica.<br \/>&#13;<br \/>\n  <br \/>&#13;<br \/>\n  Sin embargo, es demasiado seguir  cediendo cuando se establece que habr\u00e1 \u00f3rganos de soluci\u00f3n de controversias y diferencias.<br \/>&#13;<br \/>\n  <br \/>&#13;<br \/>\n  O quiz\u00e1s no. Probablemente estoy  equivocado. No es demasiado, porque al fin y al cabo lo que hacemos ante el  DR-CAFTA es otra manifestaci\u00f3n de ese esp\u00edritu militar que duerme en cada  dominicano. Un esp\u00edritu no de alto rango, sino un cabo o raso acostumbrado a  decir siempre: \u201cS\u00ed, se\u00f1or\u201d.<\/p>\n<p>&#13;<\/p>\n<p align=\"justify\"><span class=\"textogrande\">Milton Tejada C.<\/span><br \/>&#13;<br \/>\n  <br \/>&#13;<br \/>\n    <em><strong>tejadamilton@yahoo.com<\/strong><\/em><\/p>\n<p>&#13;<\/p>\n<h6> 2007-02-23 15:29:06 <\/h6>\n<p><!--\n<link rel=\"stylesheet\" href=\"css\/bootstrap.min.css\">\n\n\n<ul class=\"pagination\">\n\t    \n\t\n\n<li >\n\t<a href='?page_no=13203'>Previous<\/a>\n\t<\/li>\n\n\n       \n    \n\n<li><a href='?page_no=1'>1<\/a><\/li>\n\n\n\n<li><a href='?page_no=2'>2<\/a><\/li>\n\n\n\n<li><a>...<\/a><\/li>\n\n\n\n<li><a href='?page_no=13202'>13202<\/a><\/li>\n\n\n\n<li><a href='?page_no=13203'>13203<\/a><\/li>\n\n\n\n<li class='active'><a>13204<\/a><\/li>\n\n\n\n<li><a href='?page_no=13205'>13205<\/a><\/li>\n\n\n\n<li><a href='?page_no=13206'>13206<\/a><\/li>\n\n\n\n<li><a>...<\/a><\/li>\n\n\n\n<li><a href='?page_no=13611'>13611<\/a><\/li>\n\n\n\n<li><a href='?page_no=13612'>13612<\/a><\/li>\n\n    \n\t\n\n<li >\n\t<a href='?page_no=13205'>Next<\/a>\n\t<\/li>\n\n\n    \n\n<li><a href='?page_no=13612'>Last &rsaquo;&rsaquo;<\/a><\/li>\n\n<\/ul>\n\n\n--><br \/>\n<\/body><\/p>\n","protected":false},"excerpt":{"rendered":"<p>&#13; &#13; Comentarios de Medios&#13; &#13; 22 de Febrero, 2007 &#13; \u201cEn cuanto alguien comprende que obedecer leyes injustas&#13; \u00a0es contrario a su dignidad de hombre, &#13; ninguna tiran\u00eda puede dominarle\u201d.&#13; &#13; Mahatma Gandhi &#13; \u00a0 &#13; Otra vez\u2026. \u201cS\u00ed, se\u00f1or\u201d &#13; El Secretario de Industria y Comercio, Francisco Javier Garc\u00eda, inform\u00f3 que fue resuelto [&hellip;]<\/p>\n","protected":false},"author":3,"featured_media":0,"comment_status":"open","ping_status":"open","sticky":false,"template":"","format":"standard","meta":{"footnotes":""},"categories":[16],"tags":[],"class_list":["post-37442","post","type-post","status-publish","format-standard","hentry","category-opiniones"],"_links":{"self":[{"href":"https:\/\/diariodominicano.com\/index.php?rest_route=\/wp\/v2\/posts\/37442","targetHints":{"allow":["GET"]}}],"collection":[{"href":"https:\/\/diariodominicano.com\/index.php?rest_route=\/wp\/v2\/posts"}],"about":[{"href":"https:\/\/diariodominicano.com\/index.php?rest_route=\/wp\/v2\/types\/post"}],"author":[{"embeddable":true,"href":"https:\/\/diariodominicano.com\/index.php?rest_route=\/wp\/v2\/users\/3"}],"replies":[{"embeddable":true,"href":"https:\/\/diariodominicano.com\/index.php?rest_route=%2Fwp%2Fv2%2Fcomments&post=37442"}],"version-history":[{"count":0,"href":"https:\/\/diariodominicano.com\/index.php?rest_route=\/wp\/v2\/posts\/37442\/revisions"}],"wp:attachment":[{"href":"https:\/\/diariodominicano.com\/index.php?rest_route=%2Fwp%2Fv2%2Fmedia&parent=37442"}],"wp:term":[{"taxonomy":"category","embeddable":true,"href":"https:\/\/diariodominicano.com\/index.php?rest_route=%2Fwp%2Fv2%2Fcategories&post=37442"},{"taxonomy":"post_tag","embeddable":true,"href":"https:\/\/diariodominicano.com\/index.php?rest_route=%2Fwp%2Fv2%2Ftags&post=37442"}],"curies":[{"name":"wp","href":"https:\/\/api.w.org\/{rel}","templated":true}]}}