{"id":374416,"date":"2022-08-08T00:14:55","date_gmt":"2022-08-08T04:14:55","guid":{"rendered":"http:\/\/diariodominicano.com\/?p=374416"},"modified":"2022-08-08T00:15:13","modified_gmt":"2022-08-08T04:15:13","slug":"inglaterra-comunica-al-gobierno-de-haiti-que-superpotencias-no-toleraran-nuevas-agresiones-contra-la-republica-dominicana","status":"publish","type":"post","link":"https:\/\/diariodominicano.com\/?p=374416","title":{"rendered":"Inglaterra comunica al Gobierno de Hait\u00ed que superpotencias no tolerar\u00e1n nuevas agresiones contra la Rep\u00fablica Dominicana"},"content":{"rendered":"\n<p> Vizconde de Palmerston <\/p>\n\n\n\n<p>Por H\u00e9ctor Tineo Nolasco<\/p>\n\n\n\n<p>Diariodominicano.com<\/p>\n\n\n\n<p>&nbsp;&nbsp;&nbsp;&nbsp; &nbsp;&nbsp; LONDRES, el 8 de agosto de 1851, el Ministro de Relaciones Exteriores de Inglaterra, Vizconde de Palmerston, le advirti\u00f3 al representante haitiano en Londres, que las grandes potencias no tolerar\u00e1n nuevas agresiones haitianas contra Rep\u00fablica Dominicana.<\/p>\n\n\n\n<p>&nbsp;&nbsp;&nbsp; &nbsp;&nbsp;&nbsp; Al dirigirse a Jean Villareleix, el Ministro brit\u00e1nico le precis\u00f3 que las grandes potencias \u201cno est\u00e1n dispuestas a permitir a la raza negra de Hait\u00ed subyugar al pueblo dominicano, de origen espa\u00f1ol\u201d.<\/p>\n\n\n\n<p>&nbsp;&nbsp;&nbsp; &nbsp;&nbsp;&nbsp; La advertencia del se\u00f1or Palmerston se produjo en el momento en que el Gobierno de Hait\u00ed se manten\u00eda en actitud de continuar las agresiones contra el territorio dominicano.<\/p>\n\n\n\n<p>&nbsp;&nbsp;&nbsp; &nbsp;&nbsp;&nbsp; El 12 de junio de 1851, el General Pedro Santana le hab\u00eda advertido a los haitianos que dejaran las posiciones que ocupan en El Fuerte de Cachim\u00e1n o de lo contrario les advirti\u00f3 que se alistaran para el combate.<\/p>\n\n\n\n<p>&nbsp;&nbsp;&nbsp; &nbsp;&nbsp;&nbsp; Como reacci\u00f3n&nbsp; los invasores haitianos abandonaron la zona.<\/p>\n","protected":false},"excerpt":{"rendered":"<p>Vizconde de Palmerston Por H\u00e9ctor Tineo Nolasco Diariodominicano.com &nbsp;&nbsp;&nbsp;&nbsp; &nbsp;&nbsp; LONDRES, el 8 de agosto de 1851, el Ministro de Relaciones Exteriores de Inglaterra, Vizconde de Palmerston, le advirti\u00f3 al representante haitiano en Londres, que las grandes potencias no tolerar\u00e1n nuevas agresiones haitianas contra Rep\u00fablica Dominicana. &nbsp;&nbsp;&nbsp; &nbsp;&nbsp;&nbsp; Al dirigirse a Jean Villareleix, el Ministro [&hellip;]<\/p>\n","protected":false},"author":28,"featured_media":374417,"comment_status":"closed","ping_status":"","sticky":true,"template":"","format":"standard","meta":{"footnotes":""},"categories":[26,27],"tags":[],"class_list":["post-374416","post","type-post","status-publish","format-standard","has-post-thumbnail","hentry","category-efemerides","category-portada"],"_links":{"self":[{"href":"https:\/\/diariodominicano.com\/index.php?rest_route=\/wp\/v2\/posts\/374416","targetHints":{"allow":["GET"]}}],"collection":[{"href":"https:\/\/diariodominicano.com\/index.php?rest_route=\/wp\/v2\/posts"}],"about":[{"href":"https:\/\/diariodominicano.com\/index.php?rest_route=\/wp\/v2\/types\/post"}],"author":[{"embeddable":true,"href":"https:\/\/diariodominicano.com\/index.php?rest_route=\/wp\/v2\/users\/28"}],"replies":[{"embeddable":true,"href":"https:\/\/diariodominicano.com\/index.php?rest_route=%2Fwp%2Fv2%2Fcomments&post=374416"}],"version-history":[{"count":2,"href":"https:\/\/diariodominicano.com\/index.php?rest_route=\/wp\/v2\/posts\/374416\/revisions"}],"predecessor-version":[{"id":374419,"href":"https:\/\/diariodominicano.com\/index.php?rest_route=\/wp\/v2\/posts\/374416\/revisions\/374419"}],"wp:featuredmedia":[{"embeddable":true,"href":"https:\/\/diariodominicano.com\/index.php?rest_route=\/wp\/v2\/media\/374417"}],"wp:attachment":[{"href":"https:\/\/diariodominicano.com\/index.php?rest_route=%2Fwp%2Fv2%2Fmedia&parent=374416"}],"wp:term":[{"taxonomy":"category","embeddable":true,"href":"https:\/\/diariodominicano.com\/index.php?rest_route=%2Fwp%2Fv2%2Fcategories&post=374416"},{"taxonomy":"post_tag","embeddable":true,"href":"https:\/\/diariodominicano.com\/index.php?rest_route=%2Fwp%2Fv2%2Ftags&post=374416"}],"curies":[{"name":"wp","href":"https:\/\/api.w.org\/{rel}","templated":true}]}}