{"id":374414,"date":"2022-08-08T00:08:46","date_gmt":"2022-08-08T04:08:46","guid":{"rendered":"http:\/\/diariodominicano.com\/?p=374414"},"modified":"2022-08-08T00:19:14","modified_gmt":"2022-08-08T04:19:14","slug":"fallece-en-caracas-venezuela-manuel-duarte-diez","status":"publish","type":"post","link":"https:\/\/diariodominicano.com\/?p=374414","title":{"rendered":"Fallece en Caracas, Venezuela, Manuel Duarte D\u00edez"},"content":{"rendered":"\n<p><strong>Por H\u00e9ctor Tineo Nolasco<\/strong><\/p>\n\n\n\n<p><strong>Diariodominicano.com<\/strong><\/p>\n\n\n\n<p>CARACAS, Venezuela, el 8 de agosto de 1889 muri\u00f3 en Caracas, Venezuela, Manuel Duarte D\u00edez, hermano de Juan Pablo Duarte, y el \u00faltimo miembro de la familia Duarte D\u00edez que falleci\u00f3 exiliado en Venezuela.<\/p>\n\n\n\n<p>&nbsp;&nbsp;&nbsp;&nbsp; &nbsp;&nbsp; Los restos de Manuel Duarte fueron sepultados en Caracas el d\u00eda 9 de agosto de 1889.<\/p>\n\n\n\n<p>&nbsp;&nbsp;&nbsp;&nbsp; &nbsp;&nbsp; El 25 de octubre de 1888, falleci\u00f3 su hermana Rosa Duarte, quien dej\u00f3 como legado \u201cApuntes para la Historia de Santo Domingo\u201d, en cuya obra ofrece detalles sobre la vida del patricio Juan Pablo Duarte y su lucha para crear la Rep\u00fablica Dominicana.<\/p>\n\n\n\n<p>&nbsp;&nbsp;&nbsp; &nbsp;&nbsp;&nbsp; Juan Pablo Duarte y los principales miembros de la Trinitaria fueron acusados&nbsp; el 22 de agosto de 1844, de&nbsp; ser traidores&nbsp; a la Patria,&nbsp; por lo que fueron condenados&nbsp; a vivir en el destierro a perpetuidad.<\/p>\n","protected":false},"excerpt":{"rendered":"<p>Por H\u00e9ctor Tineo Nolasco Diariodominicano.com CARACAS, Venezuela, el 8 de agosto de 1889 muri\u00f3 en Caracas, Venezuela, Manuel Duarte D\u00edez, hermano de Juan Pablo Duarte, y el \u00faltimo miembro de la familia Duarte D\u00edez que falleci\u00f3 exiliado en Venezuela. &nbsp;&nbsp;&nbsp;&nbsp; &nbsp;&nbsp; Los restos de Manuel Duarte fueron sepultados en Caracas el d\u00eda 9 de agosto [&hellip;]<\/p>\n","protected":false},"author":28,"featured_media":374420,"comment_status":"closed","ping_status":"","sticky":true,"template":"","format":"standard","meta":{"footnotes":""},"categories":[26,27],"tags":[],"class_list":["post-374414","post","type-post","status-publish","format-standard","has-post-thumbnail","hentry","category-efemerides","category-portada"],"_links":{"self":[{"href":"https:\/\/diariodominicano.com\/index.php?rest_route=\/wp\/v2\/posts\/374414","targetHints":{"allow":["GET"]}}],"collection":[{"href":"https:\/\/diariodominicano.com\/index.php?rest_route=\/wp\/v2\/posts"}],"about":[{"href":"https:\/\/diariodominicano.com\/index.php?rest_route=\/wp\/v2\/types\/post"}],"author":[{"embeddable":true,"href":"https:\/\/diariodominicano.com\/index.php?rest_route=\/wp\/v2\/users\/28"}],"replies":[{"embeddable":true,"href":"https:\/\/diariodominicano.com\/index.php?rest_route=%2Fwp%2Fv2%2Fcomments&post=374414"}],"version-history":[{"count":1,"href":"https:\/\/diariodominicano.com\/index.php?rest_route=\/wp\/v2\/posts\/374414\/revisions"}],"predecessor-version":[{"id":374415,"href":"https:\/\/diariodominicano.com\/index.php?rest_route=\/wp\/v2\/posts\/374414\/revisions\/374415"}],"wp:featuredmedia":[{"embeddable":true,"href":"https:\/\/diariodominicano.com\/index.php?rest_route=\/wp\/v2\/media\/374420"}],"wp:attachment":[{"href":"https:\/\/diariodominicano.com\/index.php?rest_route=%2Fwp%2Fv2%2Fmedia&parent=374414"}],"wp:term":[{"taxonomy":"category","embeddable":true,"href":"https:\/\/diariodominicano.com\/index.php?rest_route=%2Fwp%2Fv2%2Fcategories&post=374414"},{"taxonomy":"post_tag","embeddable":true,"href":"https:\/\/diariodominicano.com\/index.php?rest_route=%2Fwp%2Fv2%2Ftags&post=374414"}],"curies":[{"name":"wp","href":"https:\/\/api.w.org\/{rel}","templated":true}]}}