{"id":37439,"date":"2007-02-25T17:25:09","date_gmt":"2007-02-25T17:25:09","guid":{"rendered":"http:\/\/diariodominicano.ddns.net\/?p=37439"},"modified":"2007-02-25T17:25:09","modified_gmt":"2007-02-25T17:25:09","slug":"las-principales-en-teledebate-117","status":"publish","type":"post","link":"https:\/\/diariodominicano.com\/?p=37439","title":{"rendered":"LAS PRINCIPALES EN TELEDEBATE"},"content":{"rendered":"<p><body><\/p>\n<p><span class=\"titulogrande1\"><em>LAS PRINCIPALES EN TELEDEBATE<\/em><\/span><br \/>&#13;<br \/>\n  <br \/>&#13;<br \/>\n    <span class=\"linksnoticias\"><em>Jueves<\/em><\/span>  <span class=\"textopq1\"><em>22,02,07<\/em><\/span><\/p>\n<p>&#13;<\/p>\n<p align=\"justify\"><em><strong>LA   CHARLA DE MONTAS. <\/strong><\/em><span class=\"text1noticias\">Muy interesante la exposici\u00f3n del ingeniero  Tem\u00ecstocles Mont\u00e0s, coordinador del gabinete econ\u00f2mico del gobierno, sobre el  impacto de los precios del petr\u00f3leo en la econom\u00eca de los pa\u00ecses  caribe\u00f1os.\u00a0 La charla fue promovida por la C\u00e0mara Brit\u00e1nica  de Comercio que ha venido auspiciando la presentaci\u00f3n de expertos extranjeros y  nacionales sobre el vital tema energ\u00e9tico.<\/span><\/p>\n<p>&#13;<\/p>\n<p align=\"justify\" class=\"text1noticias\"><em><strong>MAL PRECEDENTE.<\/strong><\/em> El gobierno lleg\u00f2 a un arreglo con la Chevron Texaco a  base de que esta empresa cediese temporalmente hasta el proximo a\u00f1o, en su  postura original de monopolizar el transporte de sus combustibles. Esto  facilitar\u00e0 la entrada del Tratado de Libre Comercio con los Estados Unidos.\u00a0 Pero \u00bfy el precedente?\u00a0 Cada vez que surjan diferencias con una  empresa norteamericana o \u00e8sta muestre inconformidad con una decisi\u00f2n oficial  \u00bfel Tratado quedar\u00e0 en suspenso? No fue as\u00ec que se nos dijo que se hab\u00eca  negociado. <br \/>&#13;<br \/>\n  <br \/>&#13;<br \/>\n\u00bfO es que entendimos mal?<\/p>\n<p>&#13;<\/p>\n<p align=\"justify\" class=\"text1noticias\"><em><strong>PASTORAL UNIVERSITARIA.<\/strong><\/em> Otra se\u00f1al de los cambios que se  han ido registrando en el tiempo en la Universidad Aut\u00f3noma  de Santo Domingo.\u00a0 A instancias de  estudiantes, profesores y empleados del Alma M\u00e0ter, la Iglesia Cat\u00f3lica  ha debido crear una Pastoral Universitaria.\u00a0  Tres decenios atr\u00e0s, en la \u00e8poca caliente de la guerra fr\u00eca, cuando la  universidad estatal era un inexpugnable basti\u00f3n del m\u00e0s fan\u00e1tico dogmatismo  ideol\u00f3gico marxista,\u00a0 esto no hubiese  sido posible.\u00a0 <\/p>\n<p>&#13;<\/p>\n<p align=\"justify\" class=\"text1noticias\"><em><strong>SIEMPRE PAGA LA DOCENCIA. <\/strong><\/em>Donde no cambian los m\u00e9todos, por m\u00e0s  que cambie su dirigencia, es en la ADP.\u00a0 Ahora  el gremio profesoral ha dispuesto una paralizaci\u00f3n administrativa y docente de  las escuelas de la zona sur de San Francisco de Macor\u00eds en apoyo de la huelga  que mantienen maestros y alumnos del colegio Salvador Then en protesta por la  presencia de aguas negras en el patio de ese plantel.\u00a0 Como siempre, la que paga es la  docencia.\u00a0 \u00a1Viva la educaci\u00f3n!<\/p>\n<p>&#13;<\/p>\n<p align=\"justify\" class=\"text1noticias\"><em><strong>DEBE ESTAR BRINDANDO CON LA MEJOR CAVA. <\/strong><\/em>A la  ca\u00f9stica embajadora de Espa\u00f1a, con al parecer un criterio muy singular de las  buenas pr\u00e0cticas diplom\u00e1ticas, le ha salido un aliado. Nada menos que el  prestigioso profesor universitario Franklin Garc\u00eca Ferm\u00edn, vicerrector de  extensi\u00f2n de la UASD.\u00a0 Este coincide con la se\u00f1ora  Almudena Mazarrasa en que la debilidad del sistema de la justicia nacional es  un factor negativo para la inversi\u00f2n extranjera.\u00a0 La embajadora debe estar brindando con la  mejor cava ante este refuerzo, despu\u00e8s  de la pela de lengua que recibi\u00f2 del presidente del Senado.<\/p>\n<p>&#13;<\/p>\n<p align=\"justify\" class=\"text1noticias\"><em><strong>OFERTA DE BECAS.<\/strong><\/em>\u00a0Como para que los interesados no puedan alegar ignorancia, hoy sali\u00f2 en  la prensa, muy desplegado a p\u00e0gina completa, el anuncio de la Secretar\u00eca de Estado de  Educaci\u00f3n, Superior, Ciencia y Tecnolog\u00eda de sendas convocatorias para  becas.\u00a0 Una de car\u00e1cter internacional  financiada por el gobierno de Taiw\u00e0n en ingiener\u00ecas y ciencias b\u00e1sicas, con  todo cubierto. La otra, de Becas Nacionales para grado y postgrado en el  Instituto Tecnol\u00f2gico de las Am\u00e8ricas para ingiener\u00ecas, licenciaturas y  maestr\u00ecas en diversas carreras.\u00a0 <\/p>\n<p>&#13;<\/p>\n<p align=\"justify\" class=\"text1noticias\"><em><strong>LAS QUE SE HAN PERDIDO. <\/strong><\/em>Los plazos de recepci\u00f3n de  solicitudes vencen respectivamente el 9 y el 30 de Marzo.\u00a0 Es de esperar que estas magn\u00ecficas  oportunidades de adquirir valiosos conocimientos que representar\u00e0n otras tantas  oportunidades de progreso sean debidamente aprovechadas.\u00a0 A lo largo de los a\u00f1os, son muchas las becas  que se han dejado de aprovechar por desinter\u00e9s o desconocimiento.\u00a0 <\/p>\n<p>&#13;<\/p>\n<p align=\"justify\" class=\"text1noticias\"><em><strong>MAS DEL TIEMPO M\u00c1XIMO FIJADO.<\/strong><\/em> La puesta en libertad del ex  banquero Leonel Almonte era asunto de justicia procesal con independencia de si  resulta o no culpable de los cargos que se le imputan. El C\u00f3digo Procesal  establece bien claro que nadie podr\u00e0 ser privado preventivamente de libertad  por m\u00e0s de un a\u00f1o. Y esto es v\u00e0lido para todos y en todos los casos.\u00a0 Almonte lleva ya tr\u00e0s las rejas 18 meses, o  sea, medio a\u00f1o m\u00e0s que el m\u00e1ximo autorizado, pese a que al parecer sufre serios  quebrantos de salud.\u00a0 Ya en libertad, el  juicio puede y debe seguir su cauce hasta que se dicte fallo definitivo.<\/p>\n<p>&#13;<\/p>\n<p align=\"justify\" class=\"text1noticias\"><em><strong>MAS DE BUENO QUE DE MALO.<\/strong><\/em> Hoy se est\u00e0 efectuando en el  Teatro Nacional la escogencia y premiaci\u00f2n del Hombre y Mujer del A\u00f1o, una  interesante iniciativa del Diario Libre.\u00a0  Decenas de personas han sido postuladas de cuyo contingente se han  escogido cinco hombres y cinco mujeres como finalistas.\u00a0 Un evento muy valioso que nos ha permitido  conocer la existencia y las labores de bien social de numerosas personas que  mantienen un perfil bajo. Una demostraci\u00f3n de que si hay m\u00e0s gente mala de la  que debiera, tambi\u00e8n en compensaci\u00f3n tenemos mucha m\u00e0s gente buena de la que  cabe suponer.\u00a0 Y \u00e8sta sin duda, es mucho  m\u00e0s que aquella.<\/p>\n<p>&#13;<\/p>\n<h6> 2007-02-25 17:25:09 <\/h6>\n<p><!--\n<link rel=\"stylesheet\" href=\"css\/bootstrap.min.css\">\n\n\n<ul class=\"pagination\">\n\t    \n\t\n\n<li >\n\t<a href='?page_no=13200'>Previous<\/a>\n\t<\/li>\n\n\n       \n    \n\n<li><a href='?page_no=1'>1<\/a><\/li>\n\n\n\n<li><a href='?page_no=2'>2<\/a><\/li>\n\n\n\n<li><a>...<\/a><\/li>\n\n\n\n<li><a href='?page_no=13199'>13199<\/a><\/li>\n\n\n\n<li><a href='?page_no=13200'>13200<\/a><\/li>\n\n\n\n<li class='active'><a>13201<\/a><\/li>\n\n\n\n<li><a href='?page_no=13202'>13202<\/a><\/li>\n\n\n\n<li><a href='?page_no=13203'>13203<\/a><\/li>\n\n\n\n<li><a>...<\/a><\/li>\n\n\n\n<li><a href='?page_no=13611'>13611<\/a><\/li>\n\n\n\n<li><a href='?page_no=13612'>13612<\/a><\/li>\n\n    \n\t\n\n<li >\n\t<a href='?page_no=13202'>Next<\/a>\n\t<\/li>\n\n\n    \n\n<li><a href='?page_no=13612'>Last &rsaquo;&rsaquo;<\/a><\/li>\n\n<\/ul>\n\n\n--><br \/>\n<\/body><\/p>\n","protected":false},"excerpt":{"rendered":"<p>LAS PRINCIPALES EN TELEDEBATE&#13; &#13; Jueves 22,02,07 &#13; LA CHARLA DE MONTAS. Muy interesante la exposici\u00f3n del ingeniero Tem\u00ecstocles Mont\u00e0s, coordinador del gabinete econ\u00f2mico del gobierno, sobre el impacto de los precios del petr\u00f3leo en la econom\u00eca de los pa\u00ecses caribe\u00f1os.\u00a0 La charla fue promovida por la C\u00e0mara Brit\u00e1nica de Comercio que ha venido auspiciando [&hellip;]<\/p>\n","protected":false},"author":3,"featured_media":0,"comment_status":"open","ping_status":"open","sticky":false,"template":"","format":"standard","meta":{"footnotes":""},"categories":[16],"tags":[],"class_list":["post-37439","post","type-post","status-publish","format-standard","hentry","category-opiniones"],"_links":{"self":[{"href":"https:\/\/diariodominicano.com\/index.php?rest_route=\/wp\/v2\/posts\/37439","targetHints":{"allow":["GET"]}}],"collection":[{"href":"https:\/\/diariodominicano.com\/index.php?rest_route=\/wp\/v2\/posts"}],"about":[{"href":"https:\/\/diariodominicano.com\/index.php?rest_route=\/wp\/v2\/types\/post"}],"author":[{"embeddable":true,"href":"https:\/\/diariodominicano.com\/index.php?rest_route=\/wp\/v2\/users\/3"}],"replies":[{"embeddable":true,"href":"https:\/\/diariodominicano.com\/index.php?rest_route=%2Fwp%2Fv2%2Fcomments&post=37439"}],"version-history":[{"count":0,"href":"https:\/\/diariodominicano.com\/index.php?rest_route=\/wp\/v2\/posts\/37439\/revisions"}],"wp:attachment":[{"href":"https:\/\/diariodominicano.com\/index.php?rest_route=%2Fwp%2Fv2%2Fmedia&parent=37439"}],"wp:term":[{"taxonomy":"category","embeddable":true,"href":"https:\/\/diariodominicano.com\/index.php?rest_route=%2Fwp%2Fv2%2Fcategories&post=37439"},{"taxonomy":"post_tag","embeddable":true,"href":"https:\/\/diariodominicano.com\/index.php?rest_route=%2Fwp%2Fv2%2Ftags&post=37439"}],"curies":[{"name":"wp","href":"https:\/\/api.w.org\/{rel}","templated":true}]}}