{"id":37438,"date":"2007-02-25T17:33:49","date_gmt":"2007-02-25T17:33:49","guid":{"rendered":"http:\/\/diariodominicano.ddns.net\/?p=37438"},"modified":"2007-02-25T17:33:49","modified_gmt":"2007-02-25T17:33:49","slug":"entre-el-fraude-y-la-incapacidad-edenorte","status":"publish","type":"post","link":"https:\/\/diariodominicano.com\/?p=37438","title":{"rendered":"Entre el fraude y la incapacidad: Edenorte"},"content":{"rendered":"<p><body><\/p>\n<p align=\"right\"><strong><img loading=\"lazy\" decoding=\"async\" width=\"67\" height=\"36\" src=\"http:\/\/10.0.0.82:8080\/formato_clip_image002_0039.gif\" \/><\/strong><br \/>&#13;<br \/>\n    <strong><img loading=\"lazy\" decoding=\"async\" width=\"177\" height=\"33\" src=\"http:\/\/10.0.0.82:8080\/formato_clip_image004_0016.gif\" \/><\/strong><\/p>\n<p>&#13;<\/p>\n<p align=\"right\"><strong class=\"titulogrande\"><em>Comentarios de Medios<\/em><\/strong><br \/>&#13;<br \/>\n  <br \/>&#13;<br \/>\n    <span class=\"linksnoticias\"><em>24 de Febrero,<\/em><\/span><em class=\"textopq1\"> 2007<\/em><\/p>\n<p>&#13;<\/p>\n<p align=\"right\"><em><strong>\u201cLas sociedades deben juzgarse por su capacidad <br \/>&#13;<br \/>\n  para hacer que la gente sea feliz.<\/strong><\/em><br \/>&#13;<br \/>\n    <br \/>&#13;<br \/>\n    <span class=\"textogrande\"><em>Alexis Tocqueville <\/em><\/span><\/p>\n<p>&#13;<\/p>\n<p class=\"titulogrande1\"><em><strong>Entre el fraude y la incapacidad: Edenorte<\/strong><\/em><\/p>\n<p>&#13;<\/p>\n<p align=\"justify\" class=\"text1noticias\">Recuerdo uno de esos refranes que  me ense\u00f1aron mis abuelos, probablemente una construcci\u00f3n de su natal Moca:  \u201cEntre Lucas y Juan Mej\u00eda\u2026\u201d,  como diciendo que el sujeto se encontraba en medio de dos situaciones que no le  eran favorables. Lucas puede ser el fraude el\u00e9ctrico y Juan Mej\u00eda la incapacidad de  Edenorte para no \u201cmeter a todo el mundo en el mismo paquete\u201d y diferenciar  entre quienes pagan y no pagan el servicio que brinda esa empresa.<br \/>&#13;<br \/>\n  <br \/>&#13;<br \/>\n  Este comentario a prop\u00f3sito de  algo visto por nosotros en el transcurso de esta semana y de una noticia  publicada hoy en List\u00edn Diario. Situaciones todas en el Nordeste (San Francisco  de Macor\u00eds, Nagua y Saman\u00e1).<br \/>&#13;<br \/>\n  <br \/>&#13;<br \/>\n  Lo primero, en unas comunidades  aleda\u00f1as a San Francisco de Macor\u00eds, Edenorte decidi\u00f3 hacer un corte total de  energ\u00eda porque, al parecer, nadie en la comunidad pagaba. Me cuenta uno de los  lugare\u00f1os que la empresa se reuni\u00f3 con los comunitarios y que estos se  comprometieron a pagar, en conjunto, RD$6,000.00 pero que, como siempre, hay  quienes quer\u00edan sacarle el cuerpo al compromiso y apenas se juntaron unos dos  mil pesos.<br \/>&#13;<br \/>\n  <br \/>&#13;<br \/>\n  Lo segundo, andando ayer viernes  por los lados de Saman\u00e1 me encontr\u00e9 con una protesta no singular \u2013por lo com\u00fan-  en donde una comunidad, cercana al Hotel Gran Bah\u00eda, porque al parecer estaba  sin energ\u00eda el\u00e9ctrica, fruto de da\u00f1os en un transformador que todav\u00eda no hab\u00eda  sido reparado o sustituido por Edenorte.<br \/>&#13;<br \/>\n  <br \/>&#13;<br \/>\n  Lo tercero, una noticia  proveniente tambi\u00e9n del Nordeste, esta vez de Nagua, redactada por Teonilda  G\u00f3mez para List\u00edn Diario. La periodista parece que no pudo conseguir la versi\u00f3n  de Edenorte sobre este tema, porque no explica en su reporte la raz\u00f3n por la  cual \u201clos comunitarios exigen la conexi\u00f3n y la reactivaci\u00f3n del servicio  el\u00e9ctrico que fue retirado por Edenorte a todas las comunidades hace 22 d\u00edas  haciendo uso de la fuerza sin ninguna justificaci\u00f3n\u201d, provocando  enfrentamientos con tropas policiales, heridos y obst\u00e1culos al normal  desarrollo de las actividades productivas. Lugar: Arroyo al Medio, Nagua. La  periodista habla de unas 37 comunidades.<br \/>&#13;<br \/>\n  <br \/>&#13;<br \/>\n  <strong><em>Mi  comentario\u2026<\/em><\/strong><br \/>&#13;<br \/>\n  <br \/>&#13;<br \/>\n  Independientemente de lo poco  preciso de la nota informativa de Teonilda G\u00f3mez\u2026 en el primer y tercer caso al  parecer Edenorte ha tomado medidas sumarias, haciendo cortes masivos,  involucrando a los que pagan y tienen voluntad de pagar y a los que no pagan en  un mismo paquete. <br \/>&#13;<br \/>\n  <br \/>&#13;<br \/>\n  En el segundo caso, Edenorte  provoca una protesta por no solucionar una situaci\u00f3n que deber\u00eda ser com\u00fan para  una empresa de servicio como esta.<br \/>&#13;<br \/>\n  <br \/>&#13;<br \/>\n  Podr\u00eda argumentarse que Edenorte  vende un servicio y si resulta que no puede ser rentable en un determinado  territorio porque un alto porcentaje lo obtiene por medios fraudulentos, puede  retirar su servicio de esas localidades. Creo que este juicio ser\u00eda falso,  porque no es un servicio cualquiera. <em>Se trata de un servicio de inter\u00e9s p\u00fablico.<\/em><br \/>&#13;<br \/>\n  <br \/>&#13;<br \/>\n  Es cierto que Edenorte est\u00e1  obligada a tratar de ser eficiente en sus cobros y que tiene el derecho de que  se le proteja en la aplicaci\u00f3n de la Ley.<br \/>&#13;<br \/>\n  <br \/>&#13;<br \/>\n  Sin embargo, <em>no es con cortes masivos con los que esta  empresa puede demostrar su capacidad de cobro y orden. M\u00e1s bien, estos cortes  masivos son una muestra de incapacidad en cortar a quien no paga y brindar el  servicio a quienes pagan<\/em> (otra cosa distinta es que, si el nivel de  pago es muy alto, el servicio brindado pueda ser continuo).<br \/>&#13;<br \/>\n  <br \/>&#13;<br \/>\n  Y son una reacci\u00f3n inadecuada al  otro problema de la balanza: el fraude el\u00e9ctrico, el mont\u00f3n de gente que no  paga y hasta no quiere pagar.<br \/>&#13;<br \/>\n  <br \/>&#13;<br \/>\n  Una cultura de pago no se  instaura, sin embargo, sobre la base de la incapacidad para distinguir a unos  de otros.<br \/>&#13;<br \/>\n  <br \/>&#13;<br \/>\n  Es por esa raz\u00f3n que muchas  comunidades y barrios se encuentran, como el dicho, \u201centre Lucas y Juan Mej\u00edas\u201d  o, para aplicarlo a la situaci\u00f3n el\u00e9ctrica \u201centre el fraude y la incapacidad\u201d.<br \/>&#13;<br \/>\n  <br \/>&#13;<br \/>\n  <span class=\"textogrande\"><em>Milton Tejada<\/em><\/span><br \/>&#13;<br \/>\n  <br \/>&#13;<br \/>\n  <em><strong>tejadamilton@yahoo.com<\/strong><\/em><\/p>\n<p>&#13;<\/p>\n<h6> 2007-02-25 17:33:49 <\/h6>\n<p><!--\n<link rel=\"stylesheet\" href=\"css\/bootstrap.min.css\">\n\n\n<ul class=\"pagination\">\n\t    \n\t\n\n<li >\n\t<a href='?page_no=13199'>Previous<\/a>\n\t<\/li>\n\n\n       \n    \n\n<li><a href='?page_no=1'>1<\/a><\/li>\n\n\n\n<li><a href='?page_no=2'>2<\/a><\/li>\n\n\n\n<li><a>...<\/a><\/li>\n\n\n\n<li><a href='?page_no=13198'>13198<\/a><\/li>\n\n\n\n<li><a href='?page_no=13199'>13199<\/a><\/li>\n\n\n\n<li class='active'><a>13200<\/a><\/li>\n\n\n\n<li><a href='?page_no=13201'>13201<\/a><\/li>\n\n\n\n<li><a href='?page_no=13202'>13202<\/a><\/li>\n\n\n\n<li><a>...<\/a><\/li>\n\n\n\n<li><a href='?page_no=13611'>13611<\/a><\/li>\n\n\n\n<li><a href='?page_no=13612'>13612<\/a><\/li>\n\n    \n\t\n\n<li >\n\t<a href='?page_no=13201'>Next<\/a>\n\t<\/li>\n\n\n    \n\n<li><a href='?page_no=13612'>Last &rsaquo;&rsaquo;<\/a><\/li>\n\n<\/ul>\n\n\n--><br \/>\n<\/body><\/p>\n","protected":false},"excerpt":{"rendered":"<p>&#13; &#13; Comentarios de Medios&#13; &#13; 24 de Febrero, 2007 &#13; \u201cLas sociedades deben juzgarse por su capacidad &#13; para hacer que la gente sea feliz.&#13; &#13; Alexis Tocqueville &#13; Entre el fraude y la incapacidad: Edenorte &#13; Recuerdo uno de esos refranes que me ense\u00f1aron mis abuelos, probablemente una construcci\u00f3n de su natal Moca: [&hellip;]<\/p>\n","protected":false},"author":3,"featured_media":0,"comment_status":"open","ping_status":"open","sticky":false,"template":"","format":"standard","meta":{"footnotes":""},"categories":[16],"tags":[],"class_list":["post-37438","post","type-post","status-publish","format-standard","hentry","category-opiniones"],"_links":{"self":[{"href":"https:\/\/diariodominicano.com\/index.php?rest_route=\/wp\/v2\/posts\/37438","targetHints":{"allow":["GET"]}}],"collection":[{"href":"https:\/\/diariodominicano.com\/index.php?rest_route=\/wp\/v2\/posts"}],"about":[{"href":"https:\/\/diariodominicano.com\/index.php?rest_route=\/wp\/v2\/types\/post"}],"author":[{"embeddable":true,"href":"https:\/\/diariodominicano.com\/index.php?rest_route=\/wp\/v2\/users\/3"}],"replies":[{"embeddable":true,"href":"https:\/\/diariodominicano.com\/index.php?rest_route=%2Fwp%2Fv2%2Fcomments&post=37438"}],"version-history":[{"count":0,"href":"https:\/\/diariodominicano.com\/index.php?rest_route=\/wp\/v2\/posts\/37438\/revisions"}],"wp:attachment":[{"href":"https:\/\/diariodominicano.com\/index.php?rest_route=%2Fwp%2Fv2%2Fmedia&parent=37438"}],"wp:term":[{"taxonomy":"category","embeddable":true,"href":"https:\/\/diariodominicano.com\/index.php?rest_route=%2Fwp%2Fv2%2Fcategories&post=37438"},{"taxonomy":"post_tag","embeddable":true,"href":"https:\/\/diariodominicano.com\/index.php?rest_route=%2Fwp%2Fv2%2Ftags&post=37438"}],"curies":[{"name":"wp","href":"https:\/\/api.w.org\/{rel}","templated":true}]}}