{"id":37433,"date":"2007-02-26T13:24:15","date_gmt":"2007-02-26T13:24:15","guid":{"rendered":"http:\/\/diariodominicano.ddns.net\/?p=37433"},"modified":"2007-02-26T13:24:15","modified_gmt":"2007-02-26T13:24:15","slug":"punto-y-coma-4","status":"publish","type":"post","link":"https:\/\/diariodominicano.com\/?p=37433","title":{"rendered":"PUNTO Y COMA"},"content":{"rendered":"<p><body><\/p>\n<p><span class=\"titulogrande1\"><em>PUNTO Y  COMA<\/em><\/span><br \/>&#13;<br \/>\n  <br \/>&#13;<br \/>\n    <span class=\"linksnoticias\"><em>Por<\/em><\/span> <span class=\"textogrande\"><em>Santos  Aquino Rubio<\/em><\/span><\/p>\n<p>&#13;<\/p>\n<p class=\"titulogrande\"><em>MANUEL  MEDINA, UN HERMANO PERDIDO<\/em><\/p>\n<p>&#13;<\/p>\n<p align=\"justify\" class=\"text1noticias\">Cuando me  enter\u00e9 a trav\u00e9s de los medios de comunicaci\u00f3n de la muerte accidental del  hermano y colegas Manuel Medina, mi alma y cuerpo se juntaron en un solo pesar  y comprend\u00ed que en cualquier momento puede ser.<\/p>\n<p>&#13;<\/p>\n<p align=\"justify\" class=\"text1noticias\">Medina fue  siempre un muchacho sano, dulce, escasamente comunicativo, pero de conversar  abundante, que irradiaba sinceridad, amistad, amor y apego a su trabajo y medio  profesional de vida.<\/p>\n<p>&#13;<\/p>\n<p align=\"justify\" class=\"text1noticias\">Su partida,  de la forma m\u00e1s incre\u00edble, sorprendi\u00f3, como a m\u00ed, a decenas de colegas que  tuvimos la oportunidad de compartir con \u00e9l en las salas de redacci\u00f3n de los  distintos medios a los cuales sirvi\u00f3 como redactor deportivo. <\/p>\n<p>&#13;<\/p>\n<p align=\"justify\" class=\"text1noticias\">Compartimos  con Medina en El Caribe, List\u00edn Diario y otras publicaciones coyunturales y  siempre le vimos como un hermano, como un amigo sin requisitos\u00a0 y como un trabajador sin tiempo ni espacio.<\/p>\n<p>&#13;<\/p>\n<p align=\"justify\" class=\"text1noticias\">Era eso, un  periodista deportivo, dispuesto siempre a colaborar con sus colegas y sin  l\u00edmites para el trabajo. <br \/>&#13;<br \/>\n  <br \/>&#13;<br \/>\nDios sabe porque ahora y de esa forma. Nosotros  esperamos que sus frutos se verifiquen con el tiempo.<\/p>\n<p>&#13;<\/p>\n<p align=\"justify\" class=\"text1noticias\">Ojala las  nuevas generaciones de comunicadores deportivos sean capaces de emular su  sencillez, humildad y capacidad de resistencia y comprensi\u00f3n y la imprudencia  no siga cobrando vidas \u00fatiles.<\/p>\n<p>&#13;<\/p>\n<p align=\"justify\" class=\"text1noticias\">El autor es  abogado y periodista. <\/p>\n<p>&#13;<\/p>\n<h6> 2007-02-26 13:24:15 <\/h6>\n<p><!--\n<link rel=\"stylesheet\" href=\"css\/bootstrap.min.css\">\n\n\n<ul class=\"pagination\">\n\t    \n\t\n\n<li >\n\t<a href='?page_no=13196'>Previous<\/a>\n\t<\/li>\n\n\n       \n    \n\n<li><a href='?page_no=1'>1<\/a><\/li>\n\n\n\n<li><a href='?page_no=2'>2<\/a><\/li>\n\n\n\n<li><a>...<\/a><\/li>\n\n\n\n<li><a href='?page_no=13195'>13195<\/a><\/li>\n\n\n\n<li><a href='?page_no=13196'>13196<\/a><\/li>\n\n\n\n<li class='active'><a>13197<\/a><\/li>\n\n\n\n<li><a href='?page_no=13198'>13198<\/a><\/li>\n\n\n\n<li><a href='?page_no=13199'>13199<\/a><\/li>\n\n\n\n<li><a>...<\/a><\/li>\n\n\n\n<li><a href='?page_no=13611'>13611<\/a><\/li>\n\n\n\n<li><a href='?page_no=13612'>13612<\/a><\/li>\n\n    \n\t\n\n<li >\n\t<a href='?page_no=13198'>Next<\/a>\n\t<\/li>\n\n\n    \n\n<li><a href='?page_no=13612'>Last &rsaquo;&rsaquo;<\/a><\/li>\n\n<\/ul>\n\n\n--><br \/>\n<\/body><\/p>\n","protected":false},"excerpt":{"rendered":"<p>PUNTO Y COMA&#13; &#13; Por Santos Aquino Rubio &#13; MANUEL MEDINA, UN HERMANO PERDIDO &#13; Cuando me enter\u00e9 a trav\u00e9s de los medios de comunicaci\u00f3n de la muerte accidental del hermano y colegas Manuel Medina, mi alma y cuerpo se juntaron en un solo pesar y comprend\u00ed que en cualquier momento puede ser. &#13; Medina [&hellip;]<\/p>\n","protected":false},"author":3,"featured_media":0,"comment_status":"open","ping_status":"open","sticky":false,"template":"","format":"standard","meta":{"footnotes":""},"categories":[16],"tags":[],"class_list":["post-37433","post","type-post","status-publish","format-standard","hentry","category-opiniones"],"_links":{"self":[{"href":"https:\/\/diariodominicano.com\/index.php?rest_route=\/wp\/v2\/posts\/37433","targetHints":{"allow":["GET"]}}],"collection":[{"href":"https:\/\/diariodominicano.com\/index.php?rest_route=\/wp\/v2\/posts"}],"about":[{"href":"https:\/\/diariodominicano.com\/index.php?rest_route=\/wp\/v2\/types\/post"}],"author":[{"embeddable":true,"href":"https:\/\/diariodominicano.com\/index.php?rest_route=\/wp\/v2\/users\/3"}],"replies":[{"embeddable":true,"href":"https:\/\/diariodominicano.com\/index.php?rest_route=%2Fwp%2Fv2%2Fcomments&post=37433"}],"version-history":[{"count":0,"href":"https:\/\/diariodominicano.com\/index.php?rest_route=\/wp\/v2\/posts\/37433\/revisions"}],"wp:attachment":[{"href":"https:\/\/diariodominicano.com\/index.php?rest_route=%2Fwp%2Fv2%2Fmedia&parent=37433"}],"wp:term":[{"taxonomy":"category","embeddable":true,"href":"https:\/\/diariodominicano.com\/index.php?rest_route=%2Fwp%2Fv2%2Fcategories&post=37433"},{"taxonomy":"post_tag","embeddable":true,"href":"https:\/\/diariodominicano.com\/index.php?rest_route=%2Fwp%2Fv2%2Ftags&post=37433"}],"curies":[{"name":"wp","href":"https:\/\/api.w.org\/{rel}","templated":true}]}}