{"id":37432,"date":"2007-02-26T13:30:35","date_gmt":"2007-02-26T13:30:35","guid":{"rendered":"http:\/\/diariodominicano.ddns.net\/?p=37432"},"modified":"2007-02-26T13:30:35","modified_gmt":"2007-02-26T13:30:35","slug":"pesimo-diagnostico","status":"publish","type":"post","link":"https:\/\/diariodominicano.com\/?p=37432","title":{"rendered":"P\u00e9simo Diagnostico"},"content":{"rendered":"<p><body><\/p>\n<p class=\"titulogrande1\"><em><strong>P\u00e9simo  Diagnostico<\/strong><\/em><\/p>\n<p>&#13;<\/p>\n<p><span class=\"linksnoticias\"><em>Por<\/em><\/span> <span class=\"textogrande\"><em>Hector Olivo<\/em><\/span><\/p>\n<p>&#13;<\/p>\n<p align=\"justify\" class=\"text1noticias\">Diagn\u00f3stico no es s\u00f3lo la precisi\u00f3n sobre  signos y s\u00edntomas de una enfermedad que afecta determinada persona,  es tambi\u00e9n la descripci\u00f3n abreviada sobre determinados aspectos.<\/p>\n<p>&#13;<\/p>\n<p align=\"justify\" class=\"text1noticias\">Un  diagn\u00f3stico reservado o malo en materia cl\u00ednica es por lo general una mala noticia, que lleva  impaciencia y desasosiego a los cercanos al afectado.<\/p>\n<p>&#13;<\/p>\n<p align=\"justify\" class=\"text1noticias\">Si  el p\u00e9simo diagn\u00f3stico es sobre determinado elemento de la sociedad, lleva tambi\u00e9n inconformidades y  pesimismo.<\/p>\n<p>&#13;<\/p>\n<p align=\"justify\" class=\"text1noticias\">Unas declaraciones recientes del  Presidente de la Academia Dominicana de la Lengua nos hablan de un  P\u00e9simo Diagn\u00f3stico del hablante dominicano por el alto deterioro idiom\u00e1tico que  se presenta.<\/p>\n<p>&#13;<\/p>\n<p align=\"justify\" class=\"text1noticias\">Los  que de una manera u otra estamos ligados a la comunicaci\u00f3n, estas declaraciones crean desconcierto y debe  producir una asistencia urgente para ir en auxilio del habla dominicana.<\/p>\n<p>&#13;<\/p>\n<p align=\"justify\" class=\"text1noticias\"> El dominio idiom\u00e1tico marca un notable  deterioro. Profesionales, universitarios, t\u00e9cnicos, estudiantes\u00a0 arrastran la debilidad denunciada<\/p>\n<p>&#13;<\/p>\n<p align=\"justify\" class=\"text1noticias\">De  ese mal no escapan nuestros comunicadores. En las redacciones de radio, televisi\u00f3n y prensa escrita el  detalle se hace m\u00e1s que notorio.<\/p>\n<p>&#13;<\/p>\n<p align=\"justify\" class=\"text1noticias\">Del\u00a0dominio del lenguaje depende no solamente el bagaje cultural de las Personas, inclusive hasta su capacidad de  razonamiento.<\/p>\n<p>&#13;<\/p>\n<p align=\"justify\" class=\"text1noticias\">\u00abLa lengua refleja el nivel cultural  porque \u00e9sta es un espejo del alma, de la cultura. Entones el nivel de nuestra  lengua en t\u00e9rminos de formaci\u00f3n, del uso, del conocimiento del vocabulario, del  dominio de la normativa y de la<br \/>&#13;<br \/>\n  expresi\u00f3n, de alguna manera refleja  nuestra capacidad intelectual\u00bb, detallaba el Profesor Bruno Rosario  Candelier\u00a0 en declaraciones ofrecidas a la periodista Leonora Ram\u00edrez en el  peri\u00f3dico Hoy del d\u00eda 19 de febrero \u00faltimo.<\/p>\n<p>&#13;<\/p>\n<p align=\"justify\" class=\"text1noticias\">Sostiene el Presidente de la Academia de la Lengua que ahora\u00a0 contamos con mejores condiciones para  adquirir el conocimiento, hay m\u00e1s dinero, m\u00e1s universidades, m\u00e1s recursos  t\u00e9cnicos y sin embargo hay menos desarrollo espiritual, moral y est\u00e9tico.<\/p>\n<p>&#13;<\/p>\n<p align=\"justify\" class=\"text1noticias\">Eso\u00a0  nos preocupa por el mal pron\u00f3stico que esa situaci\u00f3n produce en una sociedad que tiene por delante grandes  retos en materia econ\u00f3mica, cultural, social, etc.<\/p>\n<p>&#13;<\/p>\n<p align=\"justify\" class=\"text1noticias\">Como ha hecho el intelectual Presidente de  la Academia   Dominicana\u00a0 de la Lengua, todos coincidimos en ver un  vocabulario reducido en el hablante dominicano atribuido a los pobres niveles  de lectura.<\/p>\n<p>&#13;<\/p>\n<p align=\"justify\" class=\"text1noticias\">El a\u00f1o 2007 en\u00a0 Rep\u00fablica Dominicana\u00a0 ha sido declarado por el Poder Ejecutivo como Del Libro y de la Lectura.<\/p>\n<p>&#13;<\/p>\n<p align=\"justify\" class=\"text1noticias\">Se nos esta presentando el escenario para  dar la cara a estos signos e iniciar a superar el p\u00e9simo diagnostico de  nuestros hablantes.<\/p>\n<p>&#13;<\/p>\n<p align=\"justify\" class=\"text1noticias\">La lectura es la gran educadora de  sentimientos. En contacto con el libro aprendemos a observarnos, vemos lo que  sucede a nuestro alrededor.<\/p>\n<p>&#13;<\/p>\n<p align=\"justify\" class=\"text1noticias\">Mediante la lectura participamos de  experiencia y la observamos al mismo tiempo.<\/p>\n<p>&#13;<\/p>\n<p align=\"justify\" class=\"text1noticias\">El desfavorable diagn\u00f3stico del hablante  dominicano es un reto a superar en la agenda cultural y educativa de nuestro  pa\u00eds. (24 febrero del 2007)<\/p>\n<p>&#13;<\/p>\n<h6> 2007-02-26 13:30:35 <\/h6>\n<p><!--\n<link rel=\"stylesheet\" href=\"css\/bootstrap.min.css\">\n\n\n<ul class=\"pagination\">\n\t    \n\t\n\n<li >\n\t<a href='?page_no=13195'>Previous<\/a>\n\t<\/li>\n\n\n       \n    \n\n<li><a href='?page_no=1'>1<\/a><\/li>\n\n\n\n<li><a href='?page_no=2'>2<\/a><\/li>\n\n\n\n<li><a>...<\/a><\/li>\n\n\n\n<li><a href='?page_no=13194'>13194<\/a><\/li>\n\n\n\n<li><a href='?page_no=13195'>13195<\/a><\/li>\n\n\n\n<li class='active'><a>13196<\/a><\/li>\n\n\n\n<li><a href='?page_no=13197'>13197<\/a><\/li>\n\n\n\n<li><a href='?page_no=13198'>13198<\/a><\/li>\n\n\n\n<li><a>...<\/a><\/li>\n\n\n\n<li><a href='?page_no=13611'>13611<\/a><\/li>\n\n\n\n<li><a href='?page_no=13612'>13612<\/a><\/li>\n\n    \n\t\n\n<li >\n\t<a href='?page_no=13197'>Next<\/a>\n\t<\/li>\n\n\n    \n\n<li><a href='?page_no=13612'>Last &rsaquo;&rsaquo;<\/a><\/li>\n\n<\/ul>\n\n\n--><br \/>\n<\/body><\/p>\n","protected":false},"excerpt":{"rendered":"<p>P\u00e9simo Diagnostico &#13; Por Hector Olivo &#13; Diagn\u00f3stico no es s\u00f3lo la precisi\u00f3n sobre signos y s\u00edntomas de una enfermedad que afecta determinada persona, es tambi\u00e9n la descripci\u00f3n abreviada sobre determinados aspectos. &#13; Un diagn\u00f3stico reservado o malo en materia cl\u00ednica es por lo general una mala noticia, que lleva impaciencia y desasosiego a los [&hellip;]<\/p>\n","protected":false},"author":3,"featured_media":0,"comment_status":"open","ping_status":"open","sticky":false,"template":"","format":"standard","meta":{"footnotes":""},"categories":[16],"tags":[],"class_list":["post-37432","post","type-post","status-publish","format-standard","hentry","category-opiniones"],"_links":{"self":[{"href":"https:\/\/diariodominicano.com\/index.php?rest_route=\/wp\/v2\/posts\/37432","targetHints":{"allow":["GET"]}}],"collection":[{"href":"https:\/\/diariodominicano.com\/index.php?rest_route=\/wp\/v2\/posts"}],"about":[{"href":"https:\/\/diariodominicano.com\/index.php?rest_route=\/wp\/v2\/types\/post"}],"author":[{"embeddable":true,"href":"https:\/\/diariodominicano.com\/index.php?rest_route=\/wp\/v2\/users\/3"}],"replies":[{"embeddable":true,"href":"https:\/\/diariodominicano.com\/index.php?rest_route=%2Fwp%2Fv2%2Fcomments&post=37432"}],"version-history":[{"count":0,"href":"https:\/\/diariodominicano.com\/index.php?rest_route=\/wp\/v2\/posts\/37432\/revisions"}],"wp:attachment":[{"href":"https:\/\/diariodominicano.com\/index.php?rest_route=%2Fwp%2Fv2%2Fmedia&parent=37432"}],"wp:term":[{"taxonomy":"category","embeddable":true,"href":"https:\/\/diariodominicano.com\/index.php?rest_route=%2Fwp%2Fv2%2Fcategories&post=37432"},{"taxonomy":"post_tag","embeddable":true,"href":"https:\/\/diariodominicano.com\/index.php?rest_route=%2Fwp%2Fv2%2Ftags&post=37432"}],"curies":[{"name":"wp","href":"https:\/\/api.w.org\/{rel}","templated":true}]}}