{"id":37431,"date":"2007-02-26T13:35:32","date_gmt":"2007-02-26T13:35:32","guid":{"rendered":"http:\/\/diariodominicano.ddns.net\/?p=37431"},"modified":"2007-02-26T13:35:32","modified_gmt":"2007-02-26T13:35:32","slug":"actitud-de-comprension","status":"publish","type":"post","link":"https:\/\/diariodominicano.com\/?p=37431","title":{"rendered":"Actitud de comprensi\u00f3n"},"content":{"rendered":"<p><body><\/p>\n<p align=\"justify\"><span class=\"titulogrande1\"><em><strong>Actitud de  comprensi\u00f3n <\/strong><\/em><\/span><strong><br \/>&#13;<br \/>\n  <br \/>&#13;<br \/>\n  <\/strong><span class=\"linksnoticias\"><em>Por<\/em><\/span> <span class=\"textogrande\"><em>Jos\u00e9 Reyes Mart\u00ednez<\/em><\/span><br \/>&#13;<br \/>\n  <br \/>&#13;<br \/>\n  <span class=\"text1noticias\">La m\u00e1s reciente declaraci\u00f3n del presidente  de la C\u00e1mara  de Diputados permite a la naci\u00f3n poner el tema de la reforma constitucional, en  un contexto de mayor espacio reflexi\u00f3n y entendimiento.<br \/>&#13;<br \/>\n  <br \/>&#13;<br \/>\n  Pues tal y como lo ha expresado Julio  C\u00e9sar Valent\u00edn, ya entre los legisladores de oposici\u00f3n &#8212; PRD y PRSC&#8211; hay una  actitud positiva hacia una reforma a la Constituci\u00f3n, en la que pr\u00e1cticamente todos los  principales sectores sociales y pol\u00edticos lucen convencidos.<br \/>&#13;<br \/>\n  <br \/>&#13;<br \/>\n  En esencia, dice el legislador, los  partidos de la oposici\u00f3n &#8211;con representaci\u00f3n en el Congreso&#8211; entienden que  esta es una oportunidad hist\u00f3rica en la que ellos mismos tienen que ser los  protagonistas de los cambios que amerita la Carta Magna. <br \/>&#13;<br \/>\n  <br \/>&#13;<br \/>\n  Y tiene raz\u00f3n el presidente de la C\u00e1mara de Diputados, al  sostener que por primera vez en la historia de la Rep\u00fablica Dominicana,  se han estudiados las propuestas de una reforma constitucional, sin presi\u00f3n  extranjera y debatida con reflexi\u00f3n y mesura.<br \/>&#13;<br \/>\n  <br \/>&#13;<br \/>\n  La realidad es que si nuestros  legisladores dejan pasar la oportunidad de realizar una reforma a la Ley de Leyes, que responda a  los tiempos actuales, la sociedad perder\u00eda parte de la ya debilitada confianza  que a\u00fan mantiene en sus instituciones. <br \/>&#13;<br \/>\n  <br \/>&#13;<br \/>\n  Por eso hay que reconocer el admirable  esfuerzo de di\u00e1logo y entendimiento que ahora despliega el Presidente de la C\u00e1mara Baja, con los  legisladores que tienen el mandato de la sociedad para legislar por los mejores  intereses de la naci\u00f3n.<br \/>&#13;<br \/>\n  <br \/>&#13;<br \/>\n  Un atinado esfuerzo que tambi\u00e9n ser\u00e1  extendido a los l\u00edderes de los partidos, cuya actitud de compresi\u00f3n es vital  para la legitimidad y funcionalidad de las instituciones que conforman la  sociedad dominicana. <br \/>&#13;<br \/>\n  <br \/>&#13;<br \/>\n  Las naciones que han logrados ser exitosas  en su fortalecimiento institucional y desarrollo econ\u00f3mico, es porque en ellas  ha prevalecido la l\u00f3gica del entendimiento y la concertaci\u00f3n de sus dirigentes,  por encima de la confrontaci\u00f3n y los conflictos que nada aportan a los  proyectos nacionales.<br \/>&#13;<br \/>\n  <br \/>&#13;<br \/>\n  Esto significa, que la actitud auspiciosa  emprendida por el presidente de la C\u00e1mara Diputados, es de alta significaci\u00f3n porque  allana el camino y flexibiliza las posiciones contrapuestas sobre el  procedimiento de la reforma constitucional.<br \/>&#13;<br \/>\n  <br \/>&#13;<br \/>\n  En el pa\u00eds hay dos posiciones: la Consulta Popular,  ampliamente analizada y debatida por especialistas en temas constitucionales y  otros importantes sectores de la vida nacional, y la Asamblea Constituyente,  postulada en naciones con rupturas pol\u00edticas.<br \/>&#13;<br \/>\n  <br \/>&#13;<br \/>\n  Sin embargo, la calidad y la riqueza  conceptual de una reforma constitucional queda definida por la sustancia y el  contenido de las piezas modificadas, nunca por la forma en que se ha sustentado  dicha modificaci\u00f3n constitucional. <br \/>&#13;<br \/>\n  <br \/>&#13;<br \/>\n  Por todo esto, el pa\u00eds necesita cada vez  m\u00e1s seguir contando con los esfuerzos de dirigentes que trascienden, porque  hacen aportes vitales a iniciativas en las que debe prevalecer la flexibilidad,  el buen juicio y el compromiso con las mejores causas de la sociedad  dominicana.<br \/>&#13;<br \/>\n  <br \/>&#13;<br \/>\n  <strong class=\"linksnoticias\"><em>El autor es periodista<\/em><\/strong><br \/>&#13;<br \/>\n  <br \/>&#13;<br \/>\n  <em><strong>jr_reyes_16@hotmail.com<\/strong><\/em><\/span><\/p>\n<p>&#13;<\/p>\n<h6> 2007-02-26 13:35:32 <\/h6>\n<p><!--\n<link rel=\"stylesheet\" href=\"css\/bootstrap.min.css\">\n\n\n<ul class=\"pagination\">\n\t    \n\t\n\n<li >\n\t<a href='?page_no=13194'>Previous<\/a>\n\t<\/li>\n\n\n       \n    \n\n<li><a href='?page_no=1'>1<\/a><\/li>\n\n\n\n<li><a href='?page_no=2'>2<\/a><\/li>\n\n\n\n<li><a>...<\/a><\/li>\n\n\n\n<li><a href='?page_no=13193'>13193<\/a><\/li>\n\n\n\n<li><a href='?page_no=13194'>13194<\/a><\/li>\n\n\n\n<li class='active'><a>13195<\/a><\/li>\n\n\n\n<li><a href='?page_no=13196'>13196<\/a><\/li>\n\n\n\n<li><a href='?page_no=13197'>13197<\/a><\/li>\n\n\n\n<li><a>...<\/a><\/li>\n\n\n\n<li><a href='?page_no=13611'>13611<\/a><\/li>\n\n\n\n<li><a href='?page_no=13612'>13612<\/a><\/li>\n\n    \n\t\n\n<li >\n\t<a href='?page_no=13196'>Next<\/a>\n\t<\/li>\n\n\n    \n\n<li><a href='?page_no=13612'>Last &rsaquo;&rsaquo;<\/a><\/li>\n\n<\/ul>\n\n\n--><br \/>\n<\/body><\/p>\n","protected":false},"excerpt":{"rendered":"<p>Actitud de comprensi\u00f3n &#13; &#13; Por Jos\u00e9 Reyes Mart\u00ednez&#13; &#13; La m\u00e1s reciente declaraci\u00f3n del presidente de la C\u00e1mara de Diputados permite a la naci\u00f3n poner el tema de la reforma constitucional, en un contexto de mayor espacio reflexi\u00f3n y entendimiento.&#13; &#13; Pues tal y como lo ha expresado Julio C\u00e9sar Valent\u00edn, ya entre los [&hellip;]<\/p>\n","protected":false},"author":3,"featured_media":0,"comment_status":"open","ping_status":"open","sticky":false,"template":"","format":"standard","meta":{"footnotes":""},"categories":[16],"tags":[],"class_list":["post-37431","post","type-post","status-publish","format-standard","hentry","category-opiniones"],"_links":{"self":[{"href":"https:\/\/diariodominicano.com\/index.php?rest_route=\/wp\/v2\/posts\/37431","targetHints":{"allow":["GET"]}}],"collection":[{"href":"https:\/\/diariodominicano.com\/index.php?rest_route=\/wp\/v2\/posts"}],"about":[{"href":"https:\/\/diariodominicano.com\/index.php?rest_route=\/wp\/v2\/types\/post"}],"author":[{"embeddable":true,"href":"https:\/\/diariodominicano.com\/index.php?rest_route=\/wp\/v2\/users\/3"}],"replies":[{"embeddable":true,"href":"https:\/\/diariodominicano.com\/index.php?rest_route=%2Fwp%2Fv2%2Fcomments&post=37431"}],"version-history":[{"count":0,"href":"https:\/\/diariodominicano.com\/index.php?rest_route=\/wp\/v2\/posts\/37431\/revisions"}],"wp:attachment":[{"href":"https:\/\/diariodominicano.com\/index.php?rest_route=%2Fwp%2Fv2%2Fmedia&parent=37431"}],"wp:term":[{"taxonomy":"category","embeddable":true,"href":"https:\/\/diariodominicano.com\/index.php?rest_route=%2Fwp%2Fv2%2Fcategories&post=37431"},{"taxonomy":"post_tag","embeddable":true,"href":"https:\/\/diariodominicano.com\/index.php?rest_route=%2Fwp%2Fv2%2Ftags&post=37431"}],"curies":[{"name":"wp","href":"https:\/\/api.w.org\/{rel}","templated":true}]}}